{"id":16247,"date":"2026-05-26T15:55:51","date_gmt":"2026-05-26T13:55:51","guid":{"rendered":"https:\/\/science.rmtmo.eu\/news\/22-10-2026-strasbourg-conference-franco-allemande-sur-lintelligence-artificielle-aixia\/"},"modified":"2026-05-26T15:59:28","modified_gmt":"2026-05-26T13:59:28","slug":"22-10-2026-strasbourg-conference-franco-allemande-sur-lintelligence-artificielle-aixia","status":"publish","type":"post","link":"https:\/\/science.rmtmo.eu\/en\/news\/22-10-2026-strasbourg-conference-franco-allemande-sur-lintelligence-artificielle-aixia\/","title":{"rendered":"22.10.2026, Strasbourg &#8211; Deutsch-Franz\u00f6sische KI-Konferenz AIxIA"},"content":{"rendered":"<p>Die n\u00e4chste deutsch-franz\u00f6sische Konferenz zum Thema K\u00fcnstliche Intelligenz, AIxIA, findet am 22. Oktober 2026 in Stra\u00dfburg statt \u2013 AIxIA \u2013 The Franco-German AI Conference \u2013 AIxIA.<!--more--><\/p>\n<p>Diese europaweite Veranstaltung, die vom Digital Innovation Zentrum in Karlsruhe in Zusammenarbeit mit den \u00d6kosystemen Grand Est D\u00e9veloppement, ADIRA und EDIH AICS organisiert wird, zielt darauf ab, reale und konkrete Anwendungsf\u00e4lle der angewandten KI zu untersuchen.<\/p>\n<p>Weitere Informationen: <a href=\"https:\/\/aixia.eu\/fr\/accueil\">https:\/\/aixia.eu\/de\/accueil<\/a><\/p>\n","protected":false},"excerpt":{"rendered":"<p>Die n\u00e4chste deutsch-franz\u00f6sische Konferenz zum Thema K\u00fcnstliche Intelligenz, AIxIA, findet am 22. Oktober 2026 in Stra\u00dfburg statt \u2013 AIxIA \u2013 The Franco-German AI Conference \u2013 AIxIA.<\/p>\n","protected":false},"author":2,"featured_media":14654,"comment_status":"closed","ping_status":"closed","sticky":false,"template":"","format":"standard","meta":{"ngg_post_thumbnail":0,"footnotes":""},"categories":[8],"tags":[],"class_list":["post-16247","post","type-post","status-publish","format-standard","has-post-thumbnail","hentry","category-news"],"aioseo_notices":[],"aioseo_head":"\n\t\t<!-- All in One SEO 5.0.1 - aioseo.com -->\n\t<meta name=\"description\" content=\"Die n\u00e4chste deutsch-franz\u00f6sische Konferenz zum Thema K\u00fcnstliche Intelligenz, AIxIA, findet am 22. Oktober 2026 in Stra\u00dfburg statt \u2013 AIxIA \u2013 The Franco-German AI Conference \u2013 AIxIA. Diese europaweite Veranstaltung, die vom Digital Innovation Zentrum in Karlsruhe in Zusammenarbeit mit den \u00d6kosystemen Grand Est D\u00e9veloppement, ADIRA und EDIH AICS organisiert wird, zielt darauf ab, reale und\" \/>\n\t<meta name=\"robots\" content=\"max-image-preview:large\" \/>\n\t<meta name=\"author\" content=\"Julia Schoppe\"\/>\n\t<link rel=\"canonical\" href=\"https:\/\/science.rmtmo.eu\/en\/news\/22-10-2026-strasbourg-conference-franco-allemande-sur-lintelligence-artificielle-aixia\/\" \/>\n\t<meta name=\"generator\" content=\"All in One SEO (AIOSEO) 5.0.1\" \/>\n\t\t<meta property=\"og:locale\" content=\"en_US\" \/>\n\t\t<meta property=\"og:site_name\" content=\"S\u00e4ule Wissenschaft | Pilier Sciences\" \/>\n\t\t<meta property=\"og:type\" content=\"article\" \/>\n\t\t<meta property=\"og:title\" content=\"22.10.2026, Strasbourg \u2013 Deutsch-Franz\u00f6sische KI-Konferenz AIxIA | S\u00e4ule Wissenschaft\" \/>\n\t\t<meta property=\"og:description\" content=\"Die n\u00e4chste deutsch-franz\u00f6sische Konferenz zum Thema K\u00fcnstliche Intelligenz, AIxIA, findet am 22. Oktober 2026 in Stra\u00dfburg statt \u2013 AIxIA \u2013 The Franco-German AI Conference \u2013 AIxIA. Diese europaweite Veranstaltung, die vom Digital Innovation Zentrum in Karlsruhe in Zusammenarbeit mit den \u00d6kosystemen Grand Est D\u00e9veloppement, ADIRA und EDIH AICS organisiert wird, zielt darauf ab, reale und\" \/>\n\t\t<meta property=\"og:url\" content=\"https:\/\/science.rmtmo.eu\/en\/news\/22-10-2026-strasbourg-conference-franco-allemande-sur-lintelligence-artificielle-aixia\/\" \/>\n\t\t<meta property=\"article:published_time\" content=\"2026-05-26T13:55:51+00:00\" \/>\n\t\t<meta property=\"article:modified_time\" content=\"2026-05-26T13:59:28+00:00\" \/>\n\t\t<meta name=\"twitter:card\" content=\"summary\" \/>\n\t\t<meta name=\"twitter:title\" content=\"22.10.2026, Strasbourg \u2013 Deutsch-Franz\u00f6sische KI-Konferenz AIxIA | S\u00e4ule Wissenschaft\" \/>\n\t\t<meta name=\"twitter:description\" content=\"Die n\u00e4chste deutsch-franz\u00f6sische Konferenz zum Thema K\u00fcnstliche Intelligenz, AIxIA, findet am 22. Oktober 2026 in Stra\u00dfburg statt \u2013 AIxIA \u2013 The Franco-German AI Conference \u2013 AIxIA. Diese europaweite Veranstaltung, die vom Digital Innovation Zentrum in Karlsruhe in Zusammenarbeit mit den \u00d6kosystemen Grand Est D\u00e9veloppement, ADIRA und EDIH AICS organisiert wird, zielt darauf ab, reale und\" \/>\n\t\t<script type=\"application\/ld+json\" class=\"aioseo-schema\">\n\t\t\t{\"@context\":\"https:\\\/\\\/schema.org\",\"@graph\":[{\"@type\":\"Article\",\"@id\":\"https:\\\/\\\/science.rmtmo.eu\\\/en\\\/news\\\/22-10-2026-strasbourg-conference-franco-allemande-sur-lintelligence-artificielle-aixia\\\/#article\",\"name\":\"22.10.2026, Strasbourg \\u2013 Deutsch-Franz\\u00f6sische KI-Konferenz AIxIA | S\\u00e4ule Wissenschaft\",\"headline\":\"22.10.2026, Strasbourg &#8211; Deutsch-Franz\\u00f6sische KI-Konferenz AIxIA\",\"author\":{\"@id\":\"https:\\\/\\\/science.rmtmo.eu\\\/en\\\/#author\"},\"publisher\":{\"@id\":\"https:\\\/\\\/science.rmtmo.eu\\\/en\\\/#organization\"},\"image\":{\"@type\":\"ImageObject\",\"url\":\"https:\\\/\\\/science.rmtmo.eu\\\/wp-content\\\/uploads\\\/2024\\\/11\\\/KI_school_INSA.jpg\",\"width\":1213,\"height\":808},\"datePublished\":\"2026-05-26T15:55:51+02:00\",\"dateModified\":\"2026-05-26T15:59:28+02:00\",\"inLanguage\":\"en-US\",\"mainEntityOfPage\":{\"@id\":\"https:\\\/\\\/science.rmtmo.eu\\\/en\\\/news\\\/22-10-2026-strasbourg-conference-franco-allemande-sur-lintelligence-artificielle-aixia\\\/#webpage\"},\"isPartOf\":{\"@id\":\"https:\\\/\\\/science.rmtmo.eu\\\/en\\\/news\\\/22-10-2026-strasbourg-conference-franco-allemande-sur-lintelligence-artificielle-aixia\\\/#webpage\"},\"articleSection\":\"News, Optional\"},{\"@type\":\"BreadcrumbList\",\"@id\":\"https:\\\/\\\/science.rmtmo.eu\\\/en\\\/news\\\/22-10-2026-strasbourg-conference-franco-allemande-sur-lintelligence-artificielle-aixia\\\/#breadcrumblist\",\"itemListElement\":[{\"@type\":\"ListItem\",\"@id\":\"https:\\\/\\\/science.rmtmo.eu\\\/en\\\/#listItem\",\"position\":1,\"name\":\"Home\",\"item\":\"https:\\\/\\\/science.rmtmo.eu\\\/en\\\/\",\"nextItem\":{\"@type\":\"ListItem\",\"@id\":\"https:\\\/\\\/science.rmtmo.eu\\\/en\\\/category\\\/news\\\/#listItem\",\"name\":\"News\"}},{\"@type\":\"ListItem\",\"@id\":\"https:\\\/\\\/science.rmtmo.eu\\\/en\\\/category\\\/news\\\/#listItem\",\"position\":2,\"name\":\"News\",\"item\":\"https:\\\/\\\/science.rmtmo.eu\\\/en\\\/category\\\/news\\\/\",\"nextItem\":{\"@type\":\"ListItem\",\"@id\":\"https:\\\/\\\/science.rmtmo.eu\\\/en\\\/news\\\/22-10-2026-strasbourg-conference-franco-allemande-sur-lintelligence-artificielle-aixia\\\/#listItem\",\"name\":\"22.10.2026, Strasbourg &#8211; Deutsch-Franz\\u00f6sische KI-Konferenz AIxIA\"},\"previousItem\":{\"@type\":\"ListItem\",\"@id\":\"https:\\\/\\\/science.rmtmo.eu\\\/en\\\/#listItem\",\"name\":\"Home\"}},{\"@type\":\"ListItem\",\"@id\":\"https:\\\/\\\/science.rmtmo.eu\\\/en\\\/news\\\/22-10-2026-strasbourg-conference-franco-allemande-sur-lintelligence-artificielle-aixia\\\/#listItem\",\"position\":3,\"name\":\"22.10.2026, Strasbourg &#8211; Deutsch-Franz\\u00f6sische KI-Konferenz AIxIA\",\"previousItem\":{\"@type\":\"ListItem\",\"@id\":\"https:\\\/\\\/science.rmtmo.eu\\\/en\\\/category\\\/news\\\/#listItem\",\"name\":\"News\"}}]},{\"@type\":\"Organization\",\"@id\":\"https:\\\/\\\/science.rmtmo.eu\\\/en\\\/#organization\",\"name\":\"S\\u00e4ule Wissenschaft\",\"description\":\"Pilier Sciences\",\"url\":\"https:\\\/\\\/science.rmtmo.eu\\\/en\\\/\"},{\"@type\":\"Person\",\"@id\":\"https:\\\/\\\/science.rmtmo.eu\\\/en\\\/#author\",\"url\":\"https:\\\/\\\/science.rmtmo.eu\\\/en\\\/\",\"name\":\"Julia Schoppe\",\"image\":{\"@type\":\"ImageObject\",\"@id\":\"https:\\\/\\\/science.rmtmo.eu\\\/en\\\/news\\\/22-10-2026-strasbourg-conference-franco-allemande-sur-lintelligence-artificielle-aixia\\\/#authorImage\",\"url\":\"https:\\\/\\\/secure.gravatar.com\\\/avatar\\\/a901258a7b8dcf03b30368978e66936d1876b26f972c0de45f958d78752a1f9e?s=96&d=mm&r=g\",\"width\":96,\"height\":96,\"caption\":\"Julia Schoppe\"}},{\"@type\":\"WebPage\",\"@id\":\"https:\\\/\\\/science.rmtmo.eu\\\/en\\\/news\\\/22-10-2026-strasbourg-conference-franco-allemande-sur-lintelligence-artificielle-aixia\\\/#webpage\",\"url\":\"https:\\\/\\\/science.rmtmo.eu\\\/en\\\/news\\\/22-10-2026-strasbourg-conference-franco-allemande-sur-lintelligence-artificielle-aixia\\\/\",\"name\":\"22.10.2026, Strasbourg \\u2013 Deutsch-Franz\\u00f6sische KI-Konferenz AIxIA | S\\u00e4ule Wissenschaft\",\"description\":\"Die n\\u00e4chste deutsch-franz\\u00f6sische Konferenz zum Thema K\\u00fcnstliche Intelligenz, AIxIA, findet am 22. Oktober 2026 in Stra\\u00dfburg statt \\u2013 AIxIA \\u2013 The Franco-German AI Conference \\u2013 AIxIA. Diese europaweite Veranstaltung, die vom Digital Innovation Zentrum in Karlsruhe in Zusammenarbeit mit den \\u00d6kosystemen Grand Est D\\u00e9veloppement, ADIRA und EDIH AICS organisiert wird, zielt darauf ab, reale und\",\"inLanguage\":\"en-US\",\"isPartOf\":{\"@id\":\"https:\\\/\\\/science.rmtmo.eu\\\/en\\\/#website\"},\"breadcrumb\":{\"@id\":\"https:\\\/\\\/science.rmtmo.eu\\\/en\\\/news\\\/22-10-2026-strasbourg-conference-franco-allemande-sur-lintelligence-artificielle-aixia\\\/#breadcrumblist\"},\"author\":{\"@id\":\"https:\\\/\\\/science.rmtmo.eu\\\/en\\\/#author\"},\"creator\":{\"@id\":\"https:\\\/\\\/science.rmtmo.eu\\\/en\\\/#author\"},\"image\":{\"@type\":\"ImageObject\",\"url\":\"https:\\\/\\\/science.rmtmo.eu\\\/wp-content\\\/uploads\\\/2024\\\/11\\\/KI_school_INSA.jpg\",\"@id\":\"https:\\\/\\\/science.rmtmo.eu\\\/en\\\/news\\\/22-10-2026-strasbourg-conference-franco-allemande-sur-lintelligence-artificielle-aixia\\\/#mainImage\",\"width\":1213,\"height\":808},\"primaryImageOfPage\":{\"@id\":\"https:\\\/\\\/science.rmtmo.eu\\\/en\\\/news\\\/22-10-2026-strasbourg-conference-franco-allemande-sur-lintelligence-artificielle-aixia\\\/#mainImage\"},\"datePublished\":\"2026-05-26T15:55:51+02:00\",\"dateModified\":\"2026-05-26T15:59:28+02:00\"},{\"@type\":\"WebSite\",\"@id\":\"https:\\\/\\\/science.rmtmo.eu\\\/en\\\/#website\",\"url\":\"https:\\\/\\\/science.rmtmo.eu\\\/en\\\/\",\"name\":\"S\\u00e4ule Wissenschaft\",\"description\":\"Pilier Sciences\",\"inLanguage\":\"en-US\",\"publisher\":{\"@id\":\"https:\\\/\\\/science.rmtmo.eu\\\/en\\\/#organization\"}}]}\n\t\t<\/script>\n\t\t<!-- All in One SEO -->\n\n","aioseo_head_json":{"title":"22.10.2026, Strasbourg \u2013 Deutsch-Franz\u00f6sische KI-Konferenz AIxIA | S\u00e4ule Wissenschaft","description":"Die n\u00e4chste deutsch-franz\u00f6sische Konferenz zum Thema K\u00fcnstliche Intelligenz, AIxIA, findet am 22. Oktober 2026 in Stra\u00dfburg statt \u2013 AIxIA \u2013 The Franco-German AI Conference \u2013 AIxIA. Diese europaweite Veranstaltung, die vom Digital Innovation Zentrum in Karlsruhe in Zusammenarbeit mit den \u00d6kosystemen Grand Est D\u00e9veloppement, ADIRA und EDIH AICS organisiert wird, zielt darauf ab, reale und","canonical_url":"https:\/\/science.rmtmo.eu\/en\/news\/22-10-2026-strasbourg-conference-franco-allemande-sur-lintelligence-artificielle-aixia\/","robots":"max-image-preview:large","keywords":"","webmasterTools":{"miscellaneous":""},"schema":{"@context":"https:\/\/schema.org","@graph":[{"@type":"Article","@id":"https:\/\/science.rmtmo.eu\/en\/news\/22-10-2026-strasbourg-conference-franco-allemande-sur-lintelligence-artificielle-aixia\/#article","name":"22.10.2026, Strasbourg \u2013 Deutsch-Franz\u00f6sische KI-Konferenz AIxIA | S\u00e4ule Wissenschaft","headline":"22.10.2026, Strasbourg &#8211; Deutsch-Franz\u00f6sische KI-Konferenz AIxIA","author":{"@id":"https:\/\/science.rmtmo.eu\/en\/#author"},"publisher":{"@id":"https:\/\/science.rmtmo.eu\/en\/#organization"},"image":{"@type":"ImageObject","url":"https:\/\/science.rmtmo.eu\/wp-content\/uploads\/2024\/11\/KI_school_INSA.jpg","width":1213,"height":808},"datePublished":"2026-05-26T15:55:51+02:00","dateModified":"2026-05-26T15:59:28+02:00","inLanguage":"en-US","mainEntityOfPage":{"@id":"https:\/\/science.rmtmo.eu\/en\/news\/22-10-2026-strasbourg-conference-franco-allemande-sur-lintelligence-artificielle-aixia\/#webpage"},"isPartOf":{"@id":"https:\/\/science.rmtmo.eu\/en\/news\/22-10-2026-strasbourg-conference-franco-allemande-sur-lintelligence-artificielle-aixia\/#webpage"},"articleSection":"News, Optional"},{"@type":"BreadcrumbList","@id":"https:\/\/science.rmtmo.eu\/en\/news\/22-10-2026-strasbourg-conference-franco-allemande-sur-lintelligence-artificielle-aixia\/#breadcrumblist","itemListElement":[{"@type":"ListItem","@id":"https:\/\/science.rmtmo.eu\/en\/#listItem","position":1,"name":"Home","item":"https:\/\/science.rmtmo.eu\/en\/","nextItem":{"@type":"ListItem","@id":"https:\/\/science.rmtmo.eu\/en\/category\/news\/#listItem","name":"News"}},{"@type":"ListItem","@id":"https:\/\/science.rmtmo.eu\/en\/category\/news\/#listItem","position":2,"name":"News","item":"https:\/\/science.rmtmo.eu\/en\/category\/news\/","nextItem":{"@type":"ListItem","@id":"https:\/\/science.rmtmo.eu\/en\/news\/22-10-2026-strasbourg-conference-franco-allemande-sur-lintelligence-artificielle-aixia\/#listItem","name":"22.10.2026, Strasbourg &#8211; Deutsch-Franz\u00f6sische KI-Konferenz AIxIA"},"previousItem":{"@type":"ListItem","@id":"https:\/\/science.rmtmo.eu\/en\/#listItem","name":"Home"}},{"@type":"ListItem","@id":"https:\/\/science.rmtmo.eu\/en\/news\/22-10-2026-strasbourg-conference-franco-allemande-sur-lintelligence-artificielle-aixia\/#listItem","position":3,"name":"22.10.2026, Strasbourg &#8211; Deutsch-Franz\u00f6sische KI-Konferenz AIxIA","previousItem":{"@type":"ListItem","@id":"https:\/\/science.rmtmo.eu\/en\/category\/news\/#listItem","name":"News"}}]},{"@type":"Organization","@id":"https:\/\/science.rmtmo.eu\/en\/#organization","name":"S\u00e4ule Wissenschaft","description":"Pilier Sciences","url":"https:\/\/science.rmtmo.eu\/en\/"},{"@type":"Person","@id":"https:\/\/science.rmtmo.eu\/en\/#author","url":"https:\/\/science.rmtmo.eu\/en\/","name":"Julia Schoppe","image":{"@type":"ImageObject","@id":"https:\/\/science.rmtmo.eu\/en\/news\/22-10-2026-strasbourg-conference-franco-allemande-sur-lintelligence-artificielle-aixia\/#authorImage","url":"https:\/\/secure.gravatar.com\/avatar\/a901258a7b8dcf03b30368978e66936d1876b26f972c0de45f958d78752a1f9e?s=96&d=mm&r=g","width":96,"height":96,"caption":"Julia Schoppe"}},{"@type":"WebPage","@id":"https:\/\/science.rmtmo.eu\/en\/news\/22-10-2026-strasbourg-conference-franco-allemande-sur-lintelligence-artificielle-aixia\/#webpage","url":"https:\/\/science.rmtmo.eu\/en\/news\/22-10-2026-strasbourg-conference-franco-allemande-sur-lintelligence-artificielle-aixia\/","name":"22.10.2026, Strasbourg \u2013 Deutsch-Franz\u00f6sische KI-Konferenz AIxIA | S\u00e4ule Wissenschaft","description":"Die n\u00e4chste deutsch-franz\u00f6sische Konferenz zum Thema K\u00fcnstliche Intelligenz, AIxIA, findet am 22. Oktober 2026 in Stra\u00dfburg statt \u2013 AIxIA \u2013 The Franco-German AI Conference \u2013 AIxIA. Diese europaweite Veranstaltung, die vom Digital Innovation Zentrum in Karlsruhe in Zusammenarbeit mit den \u00d6kosystemen Grand Est D\u00e9veloppement, ADIRA und EDIH AICS organisiert wird, zielt darauf ab, reale und","inLanguage":"en-US","isPartOf":{"@id":"https:\/\/science.rmtmo.eu\/en\/#website"},"breadcrumb":{"@id":"https:\/\/science.rmtmo.eu\/en\/news\/22-10-2026-strasbourg-conference-franco-allemande-sur-lintelligence-artificielle-aixia\/#breadcrumblist"},"author":{"@id":"https:\/\/science.rmtmo.eu\/en\/#author"},"creator":{"@id":"https:\/\/science.rmtmo.eu\/en\/#author"},"image":{"@type":"ImageObject","url":"https:\/\/science.rmtmo.eu\/wp-content\/uploads\/2024\/11\/KI_school_INSA.jpg","@id":"https:\/\/science.rmtmo.eu\/en\/news\/22-10-2026-strasbourg-conference-franco-allemande-sur-lintelligence-artificielle-aixia\/#mainImage","width":1213,"height":808},"primaryImageOfPage":{"@id":"https:\/\/science.rmtmo.eu\/en\/news\/22-10-2026-strasbourg-conference-franco-allemande-sur-lintelligence-artificielle-aixia\/#mainImage"},"datePublished":"2026-05-26T15:55:51+02:00","dateModified":"2026-05-26T15:59:28+02:00"},{"@type":"WebSite","@id":"https:\/\/science.rmtmo.eu\/en\/#website","url":"https:\/\/science.rmtmo.eu\/en\/","name":"S\u00e4ule Wissenschaft","description":"Pilier Sciences","inLanguage":"en-US","publisher":{"@id":"https:\/\/science.rmtmo.eu\/en\/#organization"}}]},"og:locale":"en_US","og:site_name":"S\u00e4ule Wissenschaft | Pilier Sciences","og:type":"article","og:title":"22.10.2026, Strasbourg \u2013 Deutsch-Franz\u00f6sische KI-Konferenz AIxIA | S\u00e4ule Wissenschaft","og:description":"Die n\u00e4chste deutsch-franz\u00f6sische Konferenz zum Thema K\u00fcnstliche Intelligenz, AIxIA, findet am 22. Oktober 2026 in Stra\u00dfburg statt \u2013 AIxIA \u2013 The Franco-German AI Conference \u2013 AIxIA. Diese europaweite Veranstaltung, die vom Digital Innovation Zentrum in Karlsruhe in Zusammenarbeit mit den \u00d6kosystemen Grand Est D\u00e9veloppement, ADIRA und EDIH AICS organisiert wird, zielt darauf ab, reale und","og:url":"https:\/\/science.rmtmo.eu\/en\/news\/22-10-2026-strasbourg-conference-franco-allemande-sur-lintelligence-artificielle-aixia\/","article:published_time":"2026-05-26T13:55:51+00:00","article:modified_time":"2026-05-26T13:59:28+00:00","twitter:card":"summary","twitter:title":"22.10.2026, Strasbourg \u2013 Deutsch-Franz\u00f6sische KI-Konferenz AIxIA | S\u00e4ule Wissenschaft","twitter:description":"Die n\u00e4chste deutsch-franz\u00f6sische Konferenz zum Thema K\u00fcnstliche Intelligenz, AIxIA, findet am 22. Oktober 2026 in Stra\u00dfburg statt \u2013 AIxIA \u2013 The Franco-German AI Conference \u2013 AIxIA. Diese europaweite Veranstaltung, die vom Digital Innovation Zentrum in Karlsruhe in Zusammenarbeit mit den \u00d6kosystemen Grand Est D\u00e9veloppement, ADIRA und EDIH AICS organisiert wird, zielt darauf ab, reale und"},"aioseo_meta_data":{"post_id":"16247","title":null,"description":null,"keywords":null,"keyphrases":{"focus":{"keyphrase":"","score":0,"analysis":{"keyphraseInTitle":{"score":0,"maxScore":9,"error":1}}},"additional":[]},"primary_term":null,"canonical_url":null,"og_title":null,"og_description":null,"og_object_type":"default","og_image_type":"default","og_image_url":null,"og_image_width":null,"og_image_height":null,"og_image_custom_url":null,"og_image_custom_fields":null,"og_video":"","og_custom_url":null,"og_article_section":null,"og_article_tags":null,"twitter_use_og":false,"twitter_card":"default","twitter_image_type":"default","twitter_image_url":null,"twitter_image_custom_url":null,"twitter_image_custom_fields":null,"twitter_title":null,"twitter_description":null,"schema":{"blockGraphs":[],"customGraphs":[],"default":{"data":{"Article":[],"Course":[],"Dataset":[],"FAQPage":[],"Movie":[],"Person":[],"Product":[],"ProductReview":[],"Car":[],"Recipe":[],"Service":[],"SoftwareApplication":[],"WebPage":[]},"graphName":"Article","isEnabled":true},"graphs":[]},"schema_type":"default","schema_type_options":null,"pillar_content":false,"robots_default":true,"robots_noindex":false,"robots_noarchive":false,"robots_nosnippet":false,"robots_nofollow":false,"robots_noimageindex":false,"robots_noodp":false,"robots_notranslate":false,"robots_max_snippet":"-1","robots_max_videopreview":"-1","robots_max_imagepreview":"large","priority":null,"frequency":"default","local_seo":null,"breadcrumb_settings":null,"limit_modified_date":false,"ai":{"faqs":[],"keyPoints":[],"titles":[],"descriptions":[],"socialPosts":{"email":[],"linkedin":[],"twitter":[],"facebook":[],"instagram":[]}},"created":"2026-05-26 13:56:50","updated":"2026-05-26 14:08:36","focus_keyword":null,"additional_keywords":null,"truseo_locale":null,"seo_analyzer_scan_date":null},"aioseo_breadcrumb":"<div class=\"aioseo-breadcrumbs\"><span class=\"aioseo-breadcrumb\">\n\t\t\t<a href=\"https:\/\/science.rmtmo.eu\/en\/\" title=\"Home\">Home<\/a>\n\t\t<\/span><span class=\"aioseo-breadcrumb-separator\">&raquo;<\/span><span class=\"aioseo-breadcrumb\">\n\t\t\t<a href=\"https:\/\/science.rmtmo.eu\/en\/category\/news\/\" title=\"News\">News<\/a>\n\t\t<\/span><span class=\"aioseo-breadcrumb-separator\">&raquo;<\/span><span class=\"aioseo-breadcrumb\">\n\t\t\t22.10.2026, Strasbourg \u2013 Deutsch-Franz\u00f6sische KI-Konferenz AIxIA\n\t\t<\/span><\/div>","aioseo_breadcrumb_json":[{"label":"Home","link":"https:\/\/science.rmtmo.eu\/en\/"},{"label":"News","link":"https:\/\/science.rmtmo.eu\/en\/category\/news\/"},{"label":"22.10.2026, Strasbourg &#8211; Deutsch-Franz\u00f6sische KI-Konferenz AIxIA","link":"https:\/\/science.rmtmo.eu\/en\/news\/22-10-2026-strasbourg-conference-franco-allemande-sur-lintelligence-artificielle-aixia\/"}],"_links":{"self":[{"href":"https:\/\/science.rmtmo.eu\/en\/wp-json\/wp\/v2\/posts\/16247","targetHints":{"allow":["GET"]}}],"collection":[{"href":"https:\/\/science.rmtmo.eu\/en\/wp-json\/wp\/v2\/posts"}],"about":[{"href":"https:\/\/science.rmtmo.eu\/en\/wp-json\/wp\/v2\/types\/post"}],"author":[{"embeddable":true,"href":"https:\/\/science.rmtmo.eu\/en\/wp-json\/wp\/v2\/users\/2"}],"replies":[{"embeddable":true,"href":"https:\/\/science.rmtmo.eu\/en\/wp-json\/wp\/v2\/comments?post=16247"}],"version-history":[{"count":2,"href":"https:\/\/science.rmtmo.eu\/en\/wp-json\/wp\/v2\/posts\/16247\/revisions"}],"predecessor-version":[{"id":16251,"href":"https:\/\/science.rmtmo.eu\/en\/wp-json\/wp\/v2\/posts\/16247\/revisions\/16251"}],"wp:featuredmedia":[{"embeddable":true,"href":"https:\/\/science.rmtmo.eu\/en\/wp-json\/wp\/v2\/media\/14654"}],"wp:attachment":[{"href":"https:\/\/science.rmtmo.eu\/en\/wp-json\/wp\/v2\/media?parent=16247"}],"wp:term":[{"taxonomy":"category","embeddable":true,"href":"https:\/\/science.rmtmo.eu\/en\/wp-json\/wp\/v2\/categories?post=16247"},{"taxonomy":"post_tag","embeddable":true,"href":"https:\/\/science.rmtmo.eu\/en\/wp-json\/wp\/v2\/tags?post=16247"}],"curies":[{"name":"wp","href":"https:\/\/api.w.org\/{rel}","templated":true}]}}