{"id":14982,"date":"2025-04-16T08:27:13","date_gmt":"2025-04-16T06:27:13","guid":{"rendered":"https:\/\/science.rmtmo.eu\/news\/assises-rhenanes-de-leau-vers-un-usage-plus-durable-de-leau-du-rhin-superieur\/"},"modified":"2025-04-16T08:27:13","modified_gmt":"2025-04-16T06:27:13","slug":"assises-rhenanes-de-leau-vers-un-usage-plus-durable-de-leau-du-rhin-superieur","status":"publish","type":"post","link":"https:\/\/science.rmtmo.eu\/en\/news\/assises-rhenanes-de-leau-vers-un-usage-plus-durable-de-leau-du-rhin-superieur\/","title":{"rendered":"Assises Rh\u00e9nanes de l\u2019eau : Vers un usage plus durable de l\u2019eau du Rhin Sup\u00e9rieur"},"content":{"rendered":"<p>Les 25 et 26 mai, avait lieu la troisi\u00e8me \u00e9dition des Assises Rh\u00e9nanes de l\u2019eau, organis\u00e9es par la CEA, en collaboration avec les Conseil Rh\u00e9nan et la Conf\u00e9rence du Rhin Sup\u00e9rieur. Cette \u00e9dition avait pour th\u00e8me central les \u00ab&nbsp;Usages de l\u2019eau&nbsp;\u00bb, deux aspects \u00e9taient particuli\u00e8rement abord\u00e9s&nbsp;: les usages agricoles et la protection des milieux. Lors de la deuxi\u00e8me journ\u00e9e, consacr\u00e9e aux projets de recherche autour de cette th\u00e9matique, six intervenants appartenant \u00e0 des Universit\u00e9s du Rhin sup\u00e9rieur et au-del\u00e0 et du Naturpark S\u00fcdschwarzwald sont intervenus pour pr\u00e9senter leurs travaux. Le changement climatique et l\u2019adaptation des cours d\u2019eaux aux changements \u00e0 venir \u00e9taient au c\u0153ur des discussions.<!--more--><\/p>\n<p>Prof. Sylvain Payraudeau, Professeur d&#8217;hydrologie et transfert de contaminants \u00e0 l\u2019ENGEES (Strasbourg), a pr\u00e9sent\u00e9 ses travaux sur&nbsp;les rivi\u00e8res du Kochersberg, particuli\u00e8rement impact\u00e9es par la pollution humaine. En croisant les g\u00e9osciences, la g\u00e9ographie et la sociologie, Payraudeau et ses collaborateurs ont cr\u00e9\u00e9 diff\u00e9rents sc\u00e9narios de transition du territoire et les ont mis \u00e0 l\u2019\u00e9preuve du changement climatique. Les r\u00e9sultats de cette \u00e9tude seront publi\u00e9s en septembre 2025. Cette approche novatrice sera mise en \u0153uvre et intensifi\u00e9e \u00e0 l\u2019Institut Th\u00e9matique Interdisciplinaire \u00ab&nbsp;SWITCH&nbsp;\u00bb, port\u00e9 par l\u2019Universit\u00e9 de Strasbourg et le CNRS, pour travailler autour de la durabilit\u00e9 de l\u2019eau et des villes.<\/p>\n<p>Mais la gestion durable de l\u2019eau est \u00e9galement un enjeux politique. Alors que l\u2019eau douce se rar\u00e9fie, il est primordial de d\u00e9finir des r\u00e8gles de partage des ressources pour une plus grande \u00e9galit\u00e9. C\u2019est justement ce sur quoi travaille Dr. Sylvia Kruse de l\u2019Universit\u00e9 de Fribourg. Sa pr\u00e9sentation autour de &#8220;La gouvernance de l&#8217;eau face au changement climatique &#8211; Perspectives politiques et juridiques sur le nexus eau-agriculture&#8221; faisait un \u00e9tat des lieux des lois et strat\u00e9gies nationales autour de la gestion de l\u2019eau dans un contexte de changement climatique.<\/p>\n<p>Face au changement climatique, la nature doit faire preuve de r\u00e9silience. Ce mot d\u2019ordre est revenu \u00e0 plusieurs reprises, dans les pr\u00e9sentations de Prof. Carmen De Jong de l\u2019Universit\u00e9 de Strasbourg sur la r\u00e9silience des rivi\u00e8res du Rhin sup\u00e9rieur et Roland Sch\u00f6ttle du Naturpark S\u00fcdschwarzwald qui travaille sur la conception d\u2019un paysage r\u00e9silient face au changement climatique dans le parc naturel du Sud de la For\u00eat Noire.<\/p>\n<p>Enfin, les territoires vont \u00e9galement devoir s\u2019adapter aux changements \u00e0 venir. C\u2019est cette th\u00e9matique qu\u2019ont trait\u00e9 Dr. Jannis Epting, Universit\u00e9 de B\u00e2le et Prof. Sylvain Plantureux, Consultant &#8220;Nos belles Prairies&#8221;, ex Universit\u00e9 de Lorraine-INRAE, dans leurs pr\u00e9sentations respectives &#8220;Mesures d&#8217;adaptation au changement climatique &#8211; R\u00e9duction de l&#8217;impact des s\u00e9cheresses sur les aquif\u00e8res et les cours d&#8217;eau&#8221; et &#8220;Eau, prairies et \u00e9levage, questions pos\u00e9es par le changement climatique, pistes d&#8217;adaptation&#8221;.<\/p>\n<p><strong>L\u2019eau, un combat de longue-dur\u00e9e dans le Bassin du Rhin Sup\u00e9rieur<\/strong><\/p>\n<p>Le changement climatique et son impact sur les ressources en eau questionnent, tant d\u2019un point de vue politique que scientifique. Pourtant, l\u2019eau ne connait pas de fronti\u00e8res, c\u2019est pourquoi la question de sa pr\u00e9servation se doit d\u2019\u00eatre pens\u00e9e en \u00e9troite collaboration avec tous les acteurs transfrontaliers qui la consomment. Riche d\u2019une centaine de chercheurs autour de la th\u00e9matique de l\u2019eau, le Bassin du Rhin sup\u00e9rieur s\u2019inscrit comme un acteur majeur dans la recherche sur les questions autour de l\u2019eau.<\/p>\n<p>C\u2019est dans ce contexte qu\u2019a \u00e9t\u00e9 cr\u00e9\u00e9 en septembre 2023, la chair d\u2019excellence d\u2019Eucor \u2013 le campus europ\u00e9en, intitul\u00e9e \u00ab&nbsp;Eau et durabilit\u00e9&nbsp;\u00bb et soutenue par les universit\u00e9s de Strasbourg et le KIT Karlsruhe. Les objectifs de cette chair sont de&nbsp;co-construire, avec les acteurs socio-\u00e9conomiques de l\u2019eau, des solutions r\u00e9pondant aux enjeux et besoins de la r\u00e9gion du Rhin sup\u00e9rieur, d\u2019intensifier la collaboration entre les universit\u00e9s de la r\u00e9gion, d\u00e9velopper des programmes interdisciplinaires dans la gestion durable de l\u2019eau et d\u00e9velopper des enseignements conjoints aux cinq universit\u00e9s d\u2019EUCOR.<\/p>\n<p>La nappe phr\u00e9atique du Rhin sup\u00e9rieur est l\u2019une des plus vastes d\u2019Europe et alimente, selon l\u2019Aprona, au minimum 5,6 million de personnes en eau potable. Pourtant, depuis trente ans, des recherches alertent sur ses taux de pollution inqui\u00e9tant. Ainsi, le programme INTERREG Rhin Sup\u00e9rieur, finance depuis les ann\u00e9es 2000 des projets scientifiques qui traitent des probl\u00e9matiques de l\u2019eau.<\/p>\n<p>Par exemple, le projet \u00ab&nbsp;PAWENA&nbsp;\u00bb termin\u00e9 en 2023, port\u00e9 par Le groupement local transfrontalier Wissembourg \u2013 Bad Bergzabern, en collaboration avec les acteurs de la Rh\u00e9nanie-Palatinat et de l\u2019Alsace, avait pour objectif de construire des infrastructures interconnect\u00e9es d\u2019eau potable pour permettre un approvisionnement en eau durable et transfrontalier.<\/p>\n<p>Le projet ERMES, termin\u00e9 en 2018 et en collaboration avec toutes les r\u00e9gions du Rhin sup\u00e9rieur, avait mis en lumi\u00e8re la pollution de la nappe phr\u00e9atique et d\u00e9velopp\u00e9 des strat\u00e9gies politiques de pr\u00e9servation et de reconqu\u00eate de la qualit\u00e9 de la ressource en eau. Le projet, ERMES ii, qui se terminera en d\u00e9cembre 2025, a lui pour objectif d\u2019\u00e9tudier le taux de micropolluants dans la nappe phr\u00e9atique, tels que les PFAS, les m\u00e9tabolites de pesticides, les r\u00e9sidus de m\u00e9dicaments et les produits plastifiants.<\/p>\n<p>Ces initiatives d\u00e9montrent l\u2019importance d\u2019une gestion commune des ressources dans les r\u00e9gions transfrontali\u00e8res du Rhin sup\u00e9rieur pour un meilleur avenir climatique.<\/p>\n","protected":false},"excerpt":{"rendered":"<p>Les 25 et 26 mai, avait lieu la troisi\u00e8me \u00e9dition des Assises Rh\u00e9nanes de l\u2019eau, organis\u00e9es par la CEA, en collaboration avec les Conseil Rh\u00e9nan et la Conf\u00e9rence du Rhin Sup\u00e9rieur. Cette \u00e9dition avait pour th\u00e8me central les \u00ab&nbsp;Usages de l\u2019eau&nbsp;\u00bb, deux aspects \u00e9taient particuli\u00e8rement abord\u00e9s&nbsp;: les usages agricoles et la protection des milieux. Lors<\/p>\n","protected":false},"author":2,"featured_media":14978,"comment_status":"closed","ping_status":"closed","sticky":false,"template":"","format":"standard","meta":{"ngg_post_thumbnail":0,"footnotes":""},"categories":[8,9],"tags":[],"class_list":["post-14982","post","type-post","status-publish","format-standard","has-post-thumbnail","hentry","category-news","category-slider-en"],"aioseo_notices":[],"_links":{"self":[{"href":"https:\/\/science.rmtmo.eu\/en\/wp-json\/wp\/v2\/posts\/14982","targetHints":{"allow":["GET"]}}],"collection":[{"href":"https:\/\/science.rmtmo.eu\/en\/wp-json\/wp\/v2\/posts"}],"about":[{"href":"https:\/\/science.rmtmo.eu\/en\/wp-json\/wp\/v2\/types\/post"}],"author":[{"embeddable":true,"href":"https:\/\/science.rmtmo.eu\/en\/wp-json\/wp\/v2\/users\/2"}],"replies":[{"embeddable":true,"href":"https:\/\/science.rmtmo.eu\/en\/wp-json\/wp\/v2\/comments?post=14982"}],"version-history":[{"count":0,"href":"https:\/\/science.rmtmo.eu\/en\/wp-json\/wp\/v2\/posts\/14982\/revisions"}],"wp:featuredmedia":[{"embeddable":true,"href":"https:\/\/science.rmtmo.eu\/en\/wp-json\/wp\/v2\/media\/14978"}],"wp:attachment":[{"href":"https:\/\/science.rmtmo.eu\/en\/wp-json\/wp\/v2\/media?parent=14982"}],"wp:term":[{"taxonomy":"category","embeddable":true,"href":"https:\/\/science.rmtmo.eu\/en\/wp-json\/wp\/v2\/categories?post=14982"},{"taxonomy":"post_tag","embeddable":true,"href":"https:\/\/science.rmtmo.eu\/en\/wp-json\/wp\/v2\/tags?post=14982"}],"curies":[{"name":"wp","href":"https:\/\/api.w.org\/{rel}","templated":true}]}}