{"id":14637,"date":"2024-11-18T17:22:12","date_gmt":"2024-11-18T16:22:12","guid":{"rendered":"https:\/\/science.rmtmo.eu\/news\/assises-europeennes-de-la-transition-energetique-a-strasbourg-du-24-au-26-juin-appel-a-contribution-prolonge-jusquau-27-novembre\/"},"modified":"2024-11-18T17:22:37","modified_gmt":"2024-11-18T16:22:37","slug":"assises-europeennes-de-la-transition-energetique-a-strasbourg-du-24-au-26-juin-appel-a-contribution-prolonge-jusquau-27-novembre","status":"publish","type":"post","link":"https:\/\/science.rmtmo.eu\/en\/news\/assises-europeennes-de-la-transition-energetique-a-strasbourg-du-24-au-26-juin-appel-a-contribution-prolonge-jusquau-27-novembre\/","title":{"rendered":"Assises europ\u00e9ennes de la transition \u00e9nerg\u00e9tique \u00e0 Strasbourg du 24 au 26 juin\u00a0: appel \u00e0 contribution prolong\u00e9 jusqu\u2019au 27 novembre"},"content":{"rendered":"<p>Rendez-vous annuel incontournable des acteurs engag\u00e9s dans la transition \u00e9nerg\u00e9tique des territoires depuis 1999, les Assises Europ\u00e9ennes de la Transition Energ\u00e9tique accueillent chaque ann\u00e9e plus de 3500 participants \u2013 collectivit\u00e9s, scientifiques et experts de la transition \u00e9cologique, acteurs \u00e9conomiques et associatifs, \u00e9tudiants pour 3 jours de d\u00e9bats et de rencontres. Au programme : plus de 150 rendez-vous : pl\u00e9ni\u00e8res, tables rondes, entretiens, t\u00e9moignages, ateliers ou encore visites de sites, pour se rencontrer, \u00e9changer, partager et faire le plein d\u2019inspiration.<\/p>\n<p><!--more-->Elu, chercheur, technicien, financeur, citoyen, universitaire, membre d\u2019une association, d\u2019une ONG ou d\u2019une agence locale de l\u2019\u00e9nergie, entrepreneur, ing\u00e9nieur, les acteurs de la transition \u00e9nerg\u00e9tique sont appel\u00e9s \u00e0 participer \u00e0 l\u2019appel \u00e0 contribution ouvert jusqu\u2019au 27 novembre.<\/p>\n<p>Strasbourg, capitale europ\u00e9enne et transfrontali\u00e8re, souhaite faire la part belle aux contributions des r\u00e9gions partenaires du Rhin sup\u00e9rieur. Les projets et initiatives transfrontali\u00e8res peuvent d\u00e9poser une proposition, les documents sont disponibles en allemand.<\/p>\n<p>Plus d\u2019informations&nbsp;: <a href=\"https:\/\/assises-energie.org\/ressources\/\" target=\"_blank\" rel=\"noopener\">https:\/\/assises-energie.org\/ressources\/<\/a><\/p>\n","protected":false},"excerpt":{"rendered":"<p>Rendez-vous annuel incontournable des acteurs engag\u00e9s dans la transition \u00e9nerg\u00e9tique des territoires depuis 1999, les Assises Europ\u00e9ennes de la Transition Energ\u00e9tique accueillent chaque ann\u00e9e plus de 3500 participants \u2013 collectivit\u00e9s, scientifiques et experts de la transition \u00e9cologique, acteurs \u00e9conomiques et associatifs, \u00e9tudiants pour 3 jours de d\u00e9bats et de rencontres. Au programme : plus de<\/p>\n","protected":false},"author":2,"featured_media":14632,"comment_status":"closed","ping_status":"closed","sticky":false,"template":"","format":"standard","meta":{"ngg_post_thumbnail":0,"footnotes":""},"categories":[8],"tags":[],"class_list":["post-14637","post","type-post","status-publish","format-standard","has-post-thumbnail","hentry","category-news"],"aioseo_notices":[],"aioseo_head":"\n\t\t<!-- All in One SEO 5.0.1 - aioseo.com -->\n\t<meta name=\"description\" content=\"Rendez-vous annuel incontournable des acteurs engag\u00e9s dans la transition \u00e9nerg\u00e9tique des territoires depuis 1999, les Assises Europ\u00e9ennes de la Transition Energ\u00e9tique accueillent chaque ann\u00e9e plus de 3500 participants \u2013 collectivit\u00e9s, scientifiques et experts de la transition \u00e9cologique, acteurs \u00e9conomiques et associatifs, \u00e9tudiants pour 3 jours de d\u00e9bats et de rencontres. Au programme : plus de\" \/>\n\t<meta name=\"robots\" content=\"max-image-preview:large\" \/>\n\t<meta name=\"author\" content=\"Julia Schoppe\"\/>\n\t<link rel=\"canonical\" href=\"https:\/\/science.rmtmo.eu\/en\/news\/assises-europeennes-de-la-transition-energetique-a-strasbourg-du-24-au-26-juin-appel-a-contribution-prolonge-jusquau-27-novembre\/\" \/>\n\t<meta name=\"generator\" content=\"All in One SEO (AIOSEO) 5.0.1\" \/>\n\t\t<meta property=\"og:locale\" content=\"en_US\" \/>\n\t\t<meta property=\"og:site_name\" content=\"S\u00e4ule Wissenschaft | Pilier Sciences\" \/>\n\t\t<meta property=\"og:type\" content=\"article\" \/>\n\t\t<meta property=\"og:title\" content=\"Assises europ\u00e9ennes de la transition \u00e9nerg\u00e9tique \u00e0 Strasbourg du 24 au 26 juin : appel \u00e0 contribution prolong\u00e9 jusqu\u2019au 27 novembre | S\u00e4ule Wissenschaft\" \/>\n\t\t<meta property=\"og:description\" content=\"Rendez-vous annuel incontournable des acteurs engag\u00e9s dans la transition \u00e9nerg\u00e9tique des territoires depuis 1999, les Assises Europ\u00e9ennes de la Transition Energ\u00e9tique accueillent chaque ann\u00e9e plus de 3500 participants \u2013 collectivit\u00e9s, scientifiques et experts de la transition \u00e9cologique, acteurs \u00e9conomiques et associatifs, \u00e9tudiants pour 3 jours de d\u00e9bats et de rencontres. Au programme : plus de\" \/>\n\t\t<meta property=\"og:url\" content=\"https:\/\/science.rmtmo.eu\/en\/news\/assises-europeennes-de-la-transition-energetique-a-strasbourg-du-24-au-26-juin-appel-a-contribution-prolonge-jusquau-27-novembre\/\" \/>\n\t\t<meta property=\"article:published_time\" content=\"2024-11-18T16:22:12+00:00\" \/>\n\t\t<meta property=\"article:modified_time\" content=\"2024-11-18T16:22:37+00:00\" \/>\n\t\t<meta name=\"twitter:card\" content=\"summary\" \/>\n\t\t<meta name=\"twitter:title\" content=\"Assises europ\u00e9ennes de la transition \u00e9nerg\u00e9tique \u00e0 Strasbourg du 24 au 26 juin : appel \u00e0 contribution prolong\u00e9 jusqu\u2019au 27 novembre | S\u00e4ule Wissenschaft\" \/>\n\t\t<meta name=\"twitter:description\" content=\"Rendez-vous annuel incontournable des acteurs engag\u00e9s dans la transition \u00e9nerg\u00e9tique des territoires depuis 1999, les Assises Europ\u00e9ennes de la Transition Energ\u00e9tique accueillent chaque ann\u00e9e plus de 3500 participants \u2013 collectivit\u00e9s, scientifiques et experts de la transition \u00e9cologique, acteurs \u00e9conomiques et associatifs, \u00e9tudiants pour 3 jours de d\u00e9bats et de rencontres. Au programme : plus de\" \/>\n\t\t<script type=\"application\/ld+json\" class=\"aioseo-schema\">\n\t\t\t{\"@context\":\"https:\\\/\\\/schema.org\",\"@graph\":[{\"@type\":\"Article\",\"@id\":\"https:\\\/\\\/science.rmtmo.eu\\\/en\\\/news\\\/assises-europeennes-de-la-transition-energetique-a-strasbourg-du-24-au-26-juin-appel-a-contribution-prolonge-jusquau-27-novembre\\\/#article\",\"name\":\"Assises europ\\u00e9ennes de la transition \\u00e9nerg\\u00e9tique \\u00e0 Strasbourg du 24 au 26 juin : appel \\u00e0 contribution prolong\\u00e9 jusqu\\u2019au 27 novembre | S\\u00e4ule Wissenschaft\",\"headline\":\"Assises europ\\u00e9ennes de la transition \\u00e9nerg\\u00e9tique \\u00e0 Strasbourg du 24 au 26 juin\\u00a0: appel \\u00e0 contribution prolong\\u00e9 jusqu\\u2019au 27 novembre\",\"author\":{\"@id\":\"https:\\\/\\\/science.rmtmo.eu\\\/en\\\/#author\"},\"publisher\":{\"@id\":\"https:\\\/\\\/science.rmtmo.eu\\\/en\\\/#organization\"},\"image\":{\"@type\":\"ImageObject\",\"url\":\"https:\\\/\\\/science.rmtmo.eu\\\/wp-content\\\/uploads\\\/2024\\\/11\\\/visuel-AETE-web-banner-strasbourg-1.jpg\",\"width\":2140,\"height\":1156},\"datePublished\":\"2024-11-18T17:22:12+01:00\",\"dateModified\":\"2024-11-18T17:22:37+01:00\",\"inLanguage\":\"en-US\",\"mainEntityOfPage\":{\"@id\":\"https:\\\/\\\/science.rmtmo.eu\\\/en\\\/news\\\/assises-europeennes-de-la-transition-energetique-a-strasbourg-du-24-au-26-juin-appel-a-contribution-prolonge-jusquau-27-novembre\\\/#webpage\"},\"isPartOf\":{\"@id\":\"https:\\\/\\\/science.rmtmo.eu\\\/en\\\/news\\\/assises-europeennes-de-la-transition-energetique-a-strasbourg-du-24-au-26-juin-appel-a-contribution-prolonge-jusquau-27-novembre\\\/#webpage\"},\"articleSection\":\"News\"},{\"@type\":\"BreadcrumbList\",\"@id\":\"https:\\\/\\\/science.rmtmo.eu\\\/en\\\/news\\\/assises-europeennes-de-la-transition-energetique-a-strasbourg-du-24-au-26-juin-appel-a-contribution-prolonge-jusquau-27-novembre\\\/#breadcrumblist\",\"itemListElement\":[{\"@type\":\"ListItem\",\"@id\":\"https:\\\/\\\/science.rmtmo.eu\\\/en\\\/#listItem\",\"position\":1,\"name\":\"Home\",\"item\":\"https:\\\/\\\/science.rmtmo.eu\\\/en\\\/\",\"nextItem\":{\"@type\":\"ListItem\",\"@id\":\"https:\\\/\\\/science.rmtmo.eu\\\/en\\\/category\\\/news\\\/#listItem\",\"name\":\"News\"}},{\"@type\":\"ListItem\",\"@id\":\"https:\\\/\\\/science.rmtmo.eu\\\/en\\\/category\\\/news\\\/#listItem\",\"position\":2,\"name\":\"News\",\"item\":\"https:\\\/\\\/science.rmtmo.eu\\\/en\\\/category\\\/news\\\/\",\"nextItem\":{\"@type\":\"ListItem\",\"@id\":\"https:\\\/\\\/science.rmtmo.eu\\\/en\\\/news\\\/assises-europeennes-de-la-transition-energetique-a-strasbourg-du-24-au-26-juin-appel-a-contribution-prolonge-jusquau-27-novembre\\\/#listItem\",\"name\":\"Assises europ\\u00e9ennes de la transition \\u00e9nerg\\u00e9tique \\u00e0 Strasbourg du 24 au 26 juin\\u00a0: appel \\u00e0 contribution prolong\\u00e9 jusqu\\u2019au 27 novembre\"},\"previousItem\":{\"@type\":\"ListItem\",\"@id\":\"https:\\\/\\\/science.rmtmo.eu\\\/en\\\/#listItem\",\"name\":\"Home\"}},{\"@type\":\"ListItem\",\"@id\":\"https:\\\/\\\/science.rmtmo.eu\\\/en\\\/news\\\/assises-europeennes-de-la-transition-energetique-a-strasbourg-du-24-au-26-juin-appel-a-contribution-prolonge-jusquau-27-novembre\\\/#listItem\",\"position\":3,\"name\":\"Assises europ\\u00e9ennes de la transition \\u00e9nerg\\u00e9tique \\u00e0 Strasbourg du 24 au 26 juin\\u00a0: appel \\u00e0 contribution prolong\\u00e9 jusqu\\u2019au 27 novembre\",\"previousItem\":{\"@type\":\"ListItem\",\"@id\":\"https:\\\/\\\/science.rmtmo.eu\\\/en\\\/category\\\/news\\\/#listItem\",\"name\":\"News\"}}]},{\"@type\":\"Organization\",\"@id\":\"https:\\\/\\\/science.rmtmo.eu\\\/en\\\/#organization\",\"name\":\"S\\u00e4ule Wissenschaft\",\"description\":\"Pilier Sciences\",\"url\":\"https:\\\/\\\/science.rmtmo.eu\\\/en\\\/\"},{\"@type\":\"Person\",\"@id\":\"https:\\\/\\\/science.rmtmo.eu\\\/en\\\/#author\",\"url\":\"https:\\\/\\\/science.rmtmo.eu\\\/en\\\/\",\"name\":\"Julia Schoppe\",\"image\":{\"@type\":\"ImageObject\",\"@id\":\"https:\\\/\\\/science.rmtmo.eu\\\/en\\\/news\\\/assises-europeennes-de-la-transition-energetique-a-strasbourg-du-24-au-26-juin-appel-a-contribution-prolonge-jusquau-27-novembre\\\/#authorImage\",\"url\":\"https:\\\/\\\/secure.gravatar.com\\\/avatar\\\/a901258a7b8dcf03b30368978e66936d1876b26f972c0de45f958d78752a1f9e?s=96&d=mm&r=g\",\"width\":96,\"height\":96,\"caption\":\"Julia Schoppe\"}},{\"@type\":\"WebPage\",\"@id\":\"https:\\\/\\\/science.rmtmo.eu\\\/en\\\/news\\\/assises-europeennes-de-la-transition-energetique-a-strasbourg-du-24-au-26-juin-appel-a-contribution-prolonge-jusquau-27-novembre\\\/#webpage\",\"url\":\"https:\\\/\\\/science.rmtmo.eu\\\/en\\\/news\\\/assises-europeennes-de-la-transition-energetique-a-strasbourg-du-24-au-26-juin-appel-a-contribution-prolonge-jusquau-27-novembre\\\/\",\"name\":\"Assises europ\\u00e9ennes de la transition \\u00e9nerg\\u00e9tique \\u00e0 Strasbourg du 24 au 26 juin : appel \\u00e0 contribution prolong\\u00e9 jusqu\\u2019au 27 novembre | S\\u00e4ule Wissenschaft\",\"description\":\"Rendez-vous annuel incontournable des acteurs engag\\u00e9s dans la transition \\u00e9nerg\\u00e9tique des territoires depuis 1999, les Assises Europ\\u00e9ennes de la Transition Energ\\u00e9tique accueillent chaque ann\\u00e9e plus de 3500 participants \\u2013 collectivit\\u00e9s, scientifiques et experts de la transition \\u00e9cologique, acteurs \\u00e9conomiques et associatifs, \\u00e9tudiants pour 3 jours de d\\u00e9bats et de rencontres. Au programme : plus de\",\"inLanguage\":\"en-US\",\"isPartOf\":{\"@id\":\"https:\\\/\\\/science.rmtmo.eu\\\/en\\\/#website\"},\"breadcrumb\":{\"@id\":\"https:\\\/\\\/science.rmtmo.eu\\\/en\\\/news\\\/assises-europeennes-de-la-transition-energetique-a-strasbourg-du-24-au-26-juin-appel-a-contribution-prolonge-jusquau-27-novembre\\\/#breadcrumblist\"},\"author\":{\"@id\":\"https:\\\/\\\/science.rmtmo.eu\\\/en\\\/#author\"},\"creator\":{\"@id\":\"https:\\\/\\\/science.rmtmo.eu\\\/en\\\/#author\"},\"image\":{\"@type\":\"ImageObject\",\"url\":\"https:\\\/\\\/science.rmtmo.eu\\\/wp-content\\\/uploads\\\/2024\\\/11\\\/visuel-AETE-web-banner-strasbourg-1.jpg\",\"@id\":\"https:\\\/\\\/science.rmtmo.eu\\\/en\\\/news\\\/assises-europeennes-de-la-transition-energetique-a-strasbourg-du-24-au-26-juin-appel-a-contribution-prolonge-jusquau-27-novembre\\\/#mainImage\",\"width\":2140,\"height\":1156},\"primaryImageOfPage\":{\"@id\":\"https:\\\/\\\/science.rmtmo.eu\\\/en\\\/news\\\/assises-europeennes-de-la-transition-energetique-a-strasbourg-du-24-au-26-juin-appel-a-contribution-prolonge-jusquau-27-novembre\\\/#mainImage\"},\"datePublished\":\"2024-11-18T17:22:12+01:00\",\"dateModified\":\"2024-11-18T17:22:37+01:00\"},{\"@type\":\"WebSite\",\"@id\":\"https:\\\/\\\/science.rmtmo.eu\\\/en\\\/#website\",\"url\":\"https:\\\/\\\/science.rmtmo.eu\\\/en\\\/\",\"name\":\"S\\u00e4ule Wissenschaft\",\"description\":\"Pilier Sciences\",\"inLanguage\":\"en-US\",\"publisher\":{\"@id\":\"https:\\\/\\\/science.rmtmo.eu\\\/en\\\/#organization\"}}]}\n\t\t<\/script>\n\t\t<!-- All in One SEO -->\n\n","aioseo_head_json":{"title":"Assises europ\u00e9ennes de la transition \u00e9nerg\u00e9tique \u00e0 Strasbourg du 24 au 26 juin : appel \u00e0 contribution prolong\u00e9 jusqu\u2019au 27 novembre | S\u00e4ule Wissenschaft","description":"Rendez-vous annuel incontournable des acteurs engag\u00e9s dans la transition \u00e9nerg\u00e9tique des territoires depuis 1999, les Assises Europ\u00e9ennes de la Transition Energ\u00e9tique accueillent chaque ann\u00e9e plus de 3500 participants \u2013 collectivit\u00e9s, scientifiques et experts de la transition \u00e9cologique, acteurs \u00e9conomiques et associatifs, \u00e9tudiants pour 3 jours de d\u00e9bats et de rencontres. Au programme : plus de","canonical_url":"https:\/\/science.rmtmo.eu\/en\/news\/assises-europeennes-de-la-transition-energetique-a-strasbourg-du-24-au-26-juin-appel-a-contribution-prolonge-jusquau-27-novembre\/","robots":"max-image-preview:large","keywords":"","webmasterTools":{"miscellaneous":""},"schema":{"@context":"https:\/\/schema.org","@graph":[{"@type":"Article","@id":"https:\/\/science.rmtmo.eu\/en\/news\/assises-europeennes-de-la-transition-energetique-a-strasbourg-du-24-au-26-juin-appel-a-contribution-prolonge-jusquau-27-novembre\/#article","name":"Assises europ\u00e9ennes de la transition \u00e9nerg\u00e9tique \u00e0 Strasbourg du 24 au 26 juin : appel \u00e0 contribution prolong\u00e9 jusqu\u2019au 27 novembre | S\u00e4ule Wissenschaft","headline":"Assises europ\u00e9ennes de la transition \u00e9nerg\u00e9tique \u00e0 Strasbourg du 24 au 26 juin\u00a0: appel \u00e0 contribution prolong\u00e9 jusqu\u2019au 27 novembre","author":{"@id":"https:\/\/science.rmtmo.eu\/en\/#author"},"publisher":{"@id":"https:\/\/science.rmtmo.eu\/en\/#organization"},"image":{"@type":"ImageObject","url":"https:\/\/science.rmtmo.eu\/wp-content\/uploads\/2024\/11\/visuel-AETE-web-banner-strasbourg-1.jpg","width":2140,"height":1156},"datePublished":"2024-11-18T17:22:12+01:00","dateModified":"2024-11-18T17:22:37+01:00","inLanguage":"en-US","mainEntityOfPage":{"@id":"https:\/\/science.rmtmo.eu\/en\/news\/assises-europeennes-de-la-transition-energetique-a-strasbourg-du-24-au-26-juin-appel-a-contribution-prolonge-jusquau-27-novembre\/#webpage"},"isPartOf":{"@id":"https:\/\/science.rmtmo.eu\/en\/news\/assises-europeennes-de-la-transition-energetique-a-strasbourg-du-24-au-26-juin-appel-a-contribution-prolonge-jusquau-27-novembre\/#webpage"},"articleSection":"News"},{"@type":"BreadcrumbList","@id":"https:\/\/science.rmtmo.eu\/en\/news\/assises-europeennes-de-la-transition-energetique-a-strasbourg-du-24-au-26-juin-appel-a-contribution-prolonge-jusquau-27-novembre\/#breadcrumblist","itemListElement":[{"@type":"ListItem","@id":"https:\/\/science.rmtmo.eu\/en\/#listItem","position":1,"name":"Home","item":"https:\/\/science.rmtmo.eu\/en\/","nextItem":{"@type":"ListItem","@id":"https:\/\/science.rmtmo.eu\/en\/category\/news\/#listItem","name":"News"}},{"@type":"ListItem","@id":"https:\/\/science.rmtmo.eu\/en\/category\/news\/#listItem","position":2,"name":"News","item":"https:\/\/science.rmtmo.eu\/en\/category\/news\/","nextItem":{"@type":"ListItem","@id":"https:\/\/science.rmtmo.eu\/en\/news\/assises-europeennes-de-la-transition-energetique-a-strasbourg-du-24-au-26-juin-appel-a-contribution-prolonge-jusquau-27-novembre\/#listItem","name":"Assises europ\u00e9ennes de la transition \u00e9nerg\u00e9tique \u00e0 Strasbourg du 24 au 26 juin\u00a0: appel \u00e0 contribution prolong\u00e9 jusqu\u2019au 27 novembre"},"previousItem":{"@type":"ListItem","@id":"https:\/\/science.rmtmo.eu\/en\/#listItem","name":"Home"}},{"@type":"ListItem","@id":"https:\/\/science.rmtmo.eu\/en\/news\/assises-europeennes-de-la-transition-energetique-a-strasbourg-du-24-au-26-juin-appel-a-contribution-prolonge-jusquau-27-novembre\/#listItem","position":3,"name":"Assises europ\u00e9ennes de la transition \u00e9nerg\u00e9tique \u00e0 Strasbourg du 24 au 26 juin\u00a0: appel \u00e0 contribution prolong\u00e9 jusqu\u2019au 27 novembre","previousItem":{"@type":"ListItem","@id":"https:\/\/science.rmtmo.eu\/en\/category\/news\/#listItem","name":"News"}}]},{"@type":"Organization","@id":"https:\/\/science.rmtmo.eu\/en\/#organization","name":"S\u00e4ule Wissenschaft","description":"Pilier Sciences","url":"https:\/\/science.rmtmo.eu\/en\/"},{"@type":"Person","@id":"https:\/\/science.rmtmo.eu\/en\/#author","url":"https:\/\/science.rmtmo.eu\/en\/","name":"Julia Schoppe","image":{"@type":"ImageObject","@id":"https:\/\/science.rmtmo.eu\/en\/news\/assises-europeennes-de-la-transition-energetique-a-strasbourg-du-24-au-26-juin-appel-a-contribution-prolonge-jusquau-27-novembre\/#authorImage","url":"https:\/\/secure.gravatar.com\/avatar\/a901258a7b8dcf03b30368978e66936d1876b26f972c0de45f958d78752a1f9e?s=96&d=mm&r=g","width":96,"height":96,"caption":"Julia Schoppe"}},{"@type":"WebPage","@id":"https:\/\/science.rmtmo.eu\/en\/news\/assises-europeennes-de-la-transition-energetique-a-strasbourg-du-24-au-26-juin-appel-a-contribution-prolonge-jusquau-27-novembre\/#webpage","url":"https:\/\/science.rmtmo.eu\/en\/news\/assises-europeennes-de-la-transition-energetique-a-strasbourg-du-24-au-26-juin-appel-a-contribution-prolonge-jusquau-27-novembre\/","name":"Assises europ\u00e9ennes de la transition \u00e9nerg\u00e9tique \u00e0 Strasbourg du 24 au 26 juin : appel \u00e0 contribution prolong\u00e9 jusqu\u2019au 27 novembre | S\u00e4ule Wissenschaft","description":"Rendez-vous annuel incontournable des acteurs engag\u00e9s dans la transition \u00e9nerg\u00e9tique des territoires depuis 1999, les Assises Europ\u00e9ennes de la Transition Energ\u00e9tique accueillent chaque ann\u00e9e plus de 3500 participants \u2013 collectivit\u00e9s, scientifiques et experts de la transition \u00e9cologique, acteurs \u00e9conomiques et associatifs, \u00e9tudiants pour 3 jours de d\u00e9bats et de rencontres. Au programme : plus de","inLanguage":"en-US","isPartOf":{"@id":"https:\/\/science.rmtmo.eu\/en\/#website"},"breadcrumb":{"@id":"https:\/\/science.rmtmo.eu\/en\/news\/assises-europeennes-de-la-transition-energetique-a-strasbourg-du-24-au-26-juin-appel-a-contribution-prolonge-jusquau-27-novembre\/#breadcrumblist"},"author":{"@id":"https:\/\/science.rmtmo.eu\/en\/#author"},"creator":{"@id":"https:\/\/science.rmtmo.eu\/en\/#author"},"image":{"@type":"ImageObject","url":"https:\/\/science.rmtmo.eu\/wp-content\/uploads\/2024\/11\/visuel-AETE-web-banner-strasbourg-1.jpg","@id":"https:\/\/science.rmtmo.eu\/en\/news\/assises-europeennes-de-la-transition-energetique-a-strasbourg-du-24-au-26-juin-appel-a-contribution-prolonge-jusquau-27-novembre\/#mainImage","width":2140,"height":1156},"primaryImageOfPage":{"@id":"https:\/\/science.rmtmo.eu\/en\/news\/assises-europeennes-de-la-transition-energetique-a-strasbourg-du-24-au-26-juin-appel-a-contribution-prolonge-jusquau-27-novembre\/#mainImage"},"datePublished":"2024-11-18T17:22:12+01:00","dateModified":"2024-11-18T17:22:37+01:00"},{"@type":"WebSite","@id":"https:\/\/science.rmtmo.eu\/en\/#website","url":"https:\/\/science.rmtmo.eu\/en\/","name":"S\u00e4ule Wissenschaft","description":"Pilier Sciences","inLanguage":"en-US","publisher":{"@id":"https:\/\/science.rmtmo.eu\/en\/#organization"}}]},"og:locale":"en_US","og:site_name":"S\u00e4ule Wissenschaft | Pilier Sciences","og:type":"article","og:title":"Assises europ\u00e9ennes de la transition \u00e9nerg\u00e9tique \u00e0 Strasbourg du 24 au 26 juin : appel \u00e0 contribution prolong\u00e9 jusqu\u2019au 27 novembre | S\u00e4ule Wissenschaft","og:description":"Rendez-vous annuel incontournable des acteurs engag\u00e9s dans la transition \u00e9nerg\u00e9tique des territoires depuis 1999, les Assises Europ\u00e9ennes de la Transition Energ\u00e9tique accueillent chaque ann\u00e9e plus de 3500 participants \u2013 collectivit\u00e9s, scientifiques et experts de la transition \u00e9cologique, acteurs \u00e9conomiques et associatifs, \u00e9tudiants pour 3 jours de d\u00e9bats et de rencontres. Au programme : plus de","og:url":"https:\/\/science.rmtmo.eu\/en\/news\/assises-europeennes-de-la-transition-energetique-a-strasbourg-du-24-au-26-juin-appel-a-contribution-prolonge-jusquau-27-novembre\/","article:published_time":"2024-11-18T16:22:12+00:00","article:modified_time":"2024-11-18T16:22:37+00:00","twitter:card":"summary","twitter:title":"Assises europ\u00e9ennes de la transition \u00e9nerg\u00e9tique \u00e0 Strasbourg du 24 au 26 juin : appel \u00e0 contribution prolong\u00e9 jusqu\u2019au 27 novembre | S\u00e4ule Wissenschaft","twitter:description":"Rendez-vous annuel incontournable des acteurs engag\u00e9s dans la transition \u00e9nerg\u00e9tique des territoires depuis 1999, les Assises Europ\u00e9ennes de la Transition Energ\u00e9tique accueillent chaque ann\u00e9e plus de 3500 participants \u2013 collectivit\u00e9s, scientifiques et experts de la transition \u00e9cologique, acteurs \u00e9conomiques et associatifs, \u00e9tudiants pour 3 jours de d\u00e9bats et de rencontres. Au programme : plus de"},"aioseo_meta_data":{"post_id":"14637","title":null,"description":null,"keywords":null,"keyphrases":{"focus":{"keyphrase":"","score":0,"analysis":{"keyphraseInTitle":{"score":0,"maxScore":9,"error":1}}},"additional":[]},"primary_term":null,"canonical_url":null,"og_title":null,"og_description":null,"og_object_type":"default","og_image_type":"default","og_image_url":null,"og_image_width":null,"og_image_height":null,"og_image_custom_url":null,"og_image_custom_fields":null,"og_video":"","og_custom_url":null,"og_article_section":null,"og_article_tags":null,"twitter_use_og":false,"twitter_card":"default","twitter_image_type":"default","twitter_image_url":null,"twitter_image_custom_url":null,"twitter_image_custom_fields":null,"twitter_title":null,"twitter_description":null,"schema":{"blockGraphs":[],"customGraphs":[],"default":{"data":{"Article":[],"Course":[],"Dataset":[],"FAQPage":[],"Movie":[],"Person":[],"Product":[],"ProductReview":[],"Car":[],"Recipe":[],"Service":[],"SoftwareApplication":[],"WebPage":[]},"graphName":"Article","isEnabled":true},"graphs":[]},"schema_type":"default","schema_type_options":null,"pillar_content":false,"robots_default":true,"robots_noindex":false,"robots_noarchive":false,"robots_nosnippet":false,"robots_nofollow":false,"robots_noimageindex":false,"robots_noodp":false,"robots_notranslate":false,"robots_max_snippet":"-1","robots_max_videopreview":"-1","robots_max_imagepreview":"large","priority":null,"frequency":"default","local_seo":null,"breadcrumb_settings":null,"limit_modified_date":false,"ai":null,"created":"2024-11-18 16:22:37","updated":"2025-07-09 01:42:22","focus_keyword":null,"additional_keywords":null,"truseo_locale":null,"seo_analyzer_scan_date":null},"aioseo_breadcrumb":"<div class=\"aioseo-breadcrumbs\"><span class=\"aioseo-breadcrumb\">\n\t\t\t<a href=\"https:\/\/science.rmtmo.eu\/en\/\" title=\"Home\">Home<\/a>\n\t\t<\/span><span class=\"aioseo-breadcrumb-separator\">&raquo;<\/span><span class=\"aioseo-breadcrumb\">\n\t\t\t<a href=\"https:\/\/science.rmtmo.eu\/en\/category\/news\/\" title=\"News\">News<\/a>\n\t\t<\/span><span class=\"aioseo-breadcrumb-separator\">&raquo;<\/span><span class=\"aioseo-breadcrumb\">\n\t\t\tAssises europ\u00e9ennes de la transition \u00e9nerg\u00e9tique \u00e0 Strasbourg du 24 au 26 juin : appel \u00e0 contribution prolong\u00e9 jusqu\u2019au 27 novembre\n\t\t<\/span><\/div>","aioseo_breadcrumb_json":[{"label":"Home","link":"https:\/\/science.rmtmo.eu\/en\/"},{"label":"News","link":"https:\/\/science.rmtmo.eu\/en\/category\/news\/"},{"label":"Assises europ\u00e9ennes de la transition \u00e9nerg\u00e9tique \u00e0 Strasbourg du 24 au 26 juin\u00a0: appel \u00e0 contribution prolong\u00e9 jusqu\u2019au 27 novembre","link":"https:\/\/science.rmtmo.eu\/en\/news\/assises-europeennes-de-la-transition-energetique-a-strasbourg-du-24-au-26-juin-appel-a-contribution-prolonge-jusquau-27-novembre\/"}],"_links":{"self":[{"href":"https:\/\/science.rmtmo.eu\/en\/wp-json\/wp\/v2\/posts\/14637","targetHints":{"allow":["GET"]}}],"collection":[{"href":"https:\/\/science.rmtmo.eu\/en\/wp-json\/wp\/v2\/posts"}],"about":[{"href":"https:\/\/science.rmtmo.eu\/en\/wp-json\/wp\/v2\/types\/post"}],"author":[{"embeddable":true,"href":"https:\/\/science.rmtmo.eu\/en\/wp-json\/wp\/v2\/users\/2"}],"replies":[{"embeddable":true,"href":"https:\/\/science.rmtmo.eu\/en\/wp-json\/wp\/v2\/comments?post=14637"}],"version-history":[{"count":1,"href":"https:\/\/science.rmtmo.eu\/en\/wp-json\/wp\/v2\/posts\/14637\/revisions"}],"predecessor-version":[{"id":14638,"href":"https:\/\/science.rmtmo.eu\/en\/wp-json\/wp\/v2\/posts\/14637\/revisions\/14638"}],"wp:featuredmedia":[{"embeddable":true,"href":"https:\/\/science.rmtmo.eu\/en\/wp-json\/wp\/v2\/media\/14632"}],"wp:attachment":[{"href":"https:\/\/science.rmtmo.eu\/en\/wp-json\/wp\/v2\/media?parent=14637"}],"wp:term":[{"taxonomy":"category","embeddable":true,"href":"https:\/\/science.rmtmo.eu\/en\/wp-json\/wp\/v2\/categories?post=14637"},{"taxonomy":"post_tag","embeddable":true,"href":"https:\/\/science.rmtmo.eu\/en\/wp-json\/wp\/v2\/tags?post=14637"}],"curies":[{"name":"wp","href":"https:\/\/api.w.org\/{rel}","templated":true}]}}