{"id":14621,"date":"2024-11-18T16:08:32","date_gmt":"2024-11-18T15:08:32","guid":{"rendered":"https:\/\/science.rmtmo.eu\/news\/lequipe-du-bureau-de-coordination-sagrandit\/"},"modified":"2024-11-18T16:09:50","modified_gmt":"2024-11-18T15:09:50","slug":"lequipe-du-bureau-de-coordination-sagrandit","status":"publish","type":"post","link":"https:\/\/science.rmtmo.eu\/en\/news\/lequipe-du-bureau-de-coordination-sagrandit\/","title":{"rendered":"L&#8217;\u00e9quipe du bureau de coordination s&#8217;agrandit"},"content":{"rendered":"<p>Nadine Fischer travaille depuis le 1er novembre 2024 en tant que charg\u00e9e de mission au bureau de coordination du pilier Science de la RMT.<!--more--><br \/>\nMme Fischer a fait des \u00e9tudes franco-allemandes dans les domaines de la communication interculturelle et du marketing international. Auparavant, elle \u00e9tait employ\u00e9e par la Hochschule f\u00fcr \u00f6ffentlichen Verwaltung Kehl, o\u00f9 elle s&#8217;occupait principalement de l&#8217;initiation de projets de recherche europ\u00e9ens (Horizon, Interreg Rhin sup\u00e9rieur) ainsi que de la communication de l&#8217;Institut de recherche appliqu\u00e9e de Kehl. Jusqu&#8217;\u00e0 la fin du mois de janvier, elle travaille \u00e0 50% dans les deux institutions avant de rejoindre compl\u00e8tement le bureau de coordination du pilier Science \u00e0 partir du 1er f\u00e9vrier.<\/p>\n","protected":false},"excerpt":{"rendered":"<p>Nadine Fischer travaille depuis le 1er novembre 2024 en tant que charg\u00e9e de mission au bureau de coordination du pilier Science de la RMT.<\/p>\n","protected":false},"author":2,"featured_media":14605,"comment_status":"closed","ping_status":"closed","sticky":false,"template":"","format":"standard","meta":{"ngg_post_thumbnail":0,"footnotes":""},"categories":[8],"tags":[],"class_list":["post-14621","post","type-post","status-publish","format-standard","has-post-thumbnail","hentry","category-news"],"aioseo_notices":[],"aioseo_head":"\n\t\t<!-- All in One SEO 5.0.1 - aioseo.com -->\n\t<meta name=\"description\" content=\"Nadine Fischer travaille depuis le 1er novembre 2024 en tant que charg\u00e9e de mission au bureau de coordination du pilier Science de la RMT. Mme Fischer a fait des \u00e9tudes franco-allemandes dans les domaines de la communication interculturelle et du marketing international. Auparavant, elle \u00e9tait employ\u00e9e par la Hochschule f\u00fcr \u00f6ffentlichen Verwaltung Kehl, o\u00f9 elle\" \/>\n\t<meta name=\"robots\" content=\"max-image-preview:large\" \/>\n\t<meta name=\"author\" content=\"Julia Schoppe\"\/>\n\t<link rel=\"canonical\" href=\"https:\/\/science.rmtmo.eu\/en\/news\/lequipe-du-bureau-de-coordination-sagrandit\/\" \/>\n\t<meta name=\"generator\" content=\"All in One SEO (AIOSEO) 5.0.1\" \/>\n\t\t<meta property=\"og:locale\" content=\"en_US\" \/>\n\t\t<meta property=\"og:site_name\" content=\"S\u00e4ule Wissenschaft | Pilier Sciences\" \/>\n\t\t<meta property=\"og:type\" content=\"article\" \/>\n\t\t<meta property=\"og:title\" content=\"L\u2019\u00e9quipe du bureau de coordination s\u2019agrandit | S\u00e4ule Wissenschaft\" \/>\n\t\t<meta property=\"og:description\" content=\"Nadine Fischer travaille depuis le 1er novembre 2024 en tant que charg\u00e9e de mission au bureau de coordination du pilier Science de la RMT. Mme Fischer a fait des \u00e9tudes franco-allemandes dans les domaines de la communication interculturelle et du marketing international. Auparavant, elle \u00e9tait employ\u00e9e par la Hochschule f\u00fcr \u00f6ffentlichen Verwaltung Kehl, o\u00f9 elle\" \/>\n\t\t<meta property=\"og:url\" content=\"https:\/\/science.rmtmo.eu\/en\/news\/lequipe-du-bureau-de-coordination-sagrandit\/\" \/>\n\t\t<meta property=\"article:published_time\" content=\"2024-11-18T15:08:32+00:00\" \/>\n\t\t<meta property=\"article:modified_time\" content=\"2024-11-18T15:09:50+00:00\" \/>\n\t\t<meta name=\"twitter:card\" content=\"summary\" \/>\n\t\t<meta name=\"twitter:title\" content=\"L\u2019\u00e9quipe du bureau de coordination s\u2019agrandit | S\u00e4ule Wissenschaft\" \/>\n\t\t<meta name=\"twitter:description\" content=\"Nadine Fischer travaille depuis le 1er novembre 2024 en tant que charg\u00e9e de mission au bureau de coordination du pilier Science de la RMT. Mme Fischer a fait des \u00e9tudes franco-allemandes dans les domaines de la communication interculturelle et du marketing international. Auparavant, elle \u00e9tait employ\u00e9e par la Hochschule f\u00fcr \u00f6ffentlichen Verwaltung Kehl, o\u00f9 elle\" \/>\n\t\t<script type=\"application\/ld+json\" class=\"aioseo-schema\">\n\t\t\t{\"@context\":\"https:\\\/\\\/schema.org\",\"@graph\":[{\"@type\":\"Article\",\"@id\":\"https:\\\/\\\/science.rmtmo.eu\\\/en\\\/news\\\/lequipe-du-bureau-de-coordination-sagrandit\\\/#article\",\"name\":\"L\\u2019\\u00e9quipe du bureau de coordination s\\u2019agrandit | S\\u00e4ule Wissenschaft\",\"headline\":\"L&#8217;\\u00e9quipe du bureau de coordination s&#8217;agrandit\",\"author\":{\"@id\":\"https:\\\/\\\/science.rmtmo.eu\\\/en\\\/#author\"},\"publisher\":{\"@id\":\"https:\\\/\\\/science.rmtmo.eu\\\/en\\\/#organization\"},\"image\":{\"@type\":\"ImageObject\",\"url\":\"https:\\\/\\\/science.rmtmo.eu\\\/wp-content\\\/uploads\\\/2024\\\/11\\\/goutte_Nadine.png\",\"width\":253,\"height\":247},\"datePublished\":\"2024-11-18T16:08:32+01:00\",\"dateModified\":\"2024-11-18T16:09:50+01:00\",\"inLanguage\":\"en-US\",\"mainEntityOfPage\":{\"@id\":\"https:\\\/\\\/science.rmtmo.eu\\\/en\\\/news\\\/lequipe-du-bureau-de-coordination-sagrandit\\\/#webpage\"},\"isPartOf\":{\"@id\":\"https:\\\/\\\/science.rmtmo.eu\\\/en\\\/news\\\/lequipe-du-bureau-de-coordination-sagrandit\\\/#webpage\"},\"articleSection\":\"News\"},{\"@type\":\"BreadcrumbList\",\"@id\":\"https:\\\/\\\/science.rmtmo.eu\\\/en\\\/news\\\/lequipe-du-bureau-de-coordination-sagrandit\\\/#breadcrumblist\",\"itemListElement\":[{\"@type\":\"ListItem\",\"@id\":\"https:\\\/\\\/science.rmtmo.eu\\\/en\\\/#listItem\",\"position\":1,\"name\":\"Home\",\"item\":\"https:\\\/\\\/science.rmtmo.eu\\\/en\\\/\",\"nextItem\":{\"@type\":\"ListItem\",\"@id\":\"https:\\\/\\\/science.rmtmo.eu\\\/en\\\/category\\\/news\\\/#listItem\",\"name\":\"News\"}},{\"@type\":\"ListItem\",\"@id\":\"https:\\\/\\\/science.rmtmo.eu\\\/en\\\/category\\\/news\\\/#listItem\",\"position\":2,\"name\":\"News\",\"item\":\"https:\\\/\\\/science.rmtmo.eu\\\/en\\\/category\\\/news\\\/\",\"nextItem\":{\"@type\":\"ListItem\",\"@id\":\"https:\\\/\\\/science.rmtmo.eu\\\/en\\\/news\\\/lequipe-du-bureau-de-coordination-sagrandit\\\/#listItem\",\"name\":\"L&#8217;\\u00e9quipe du bureau de coordination s&#8217;agrandit\"},\"previousItem\":{\"@type\":\"ListItem\",\"@id\":\"https:\\\/\\\/science.rmtmo.eu\\\/en\\\/#listItem\",\"name\":\"Home\"}},{\"@type\":\"ListItem\",\"@id\":\"https:\\\/\\\/science.rmtmo.eu\\\/en\\\/news\\\/lequipe-du-bureau-de-coordination-sagrandit\\\/#listItem\",\"position\":3,\"name\":\"L&#8217;\\u00e9quipe du bureau de coordination s&#8217;agrandit\",\"previousItem\":{\"@type\":\"ListItem\",\"@id\":\"https:\\\/\\\/science.rmtmo.eu\\\/en\\\/category\\\/news\\\/#listItem\",\"name\":\"News\"}}]},{\"@type\":\"Organization\",\"@id\":\"https:\\\/\\\/science.rmtmo.eu\\\/en\\\/#organization\",\"name\":\"S\\u00e4ule Wissenschaft\",\"description\":\"Pilier Sciences\",\"url\":\"https:\\\/\\\/science.rmtmo.eu\\\/en\\\/\"},{\"@type\":\"Person\",\"@id\":\"https:\\\/\\\/science.rmtmo.eu\\\/en\\\/#author\",\"url\":\"https:\\\/\\\/science.rmtmo.eu\\\/en\\\/\",\"name\":\"Julia Schoppe\",\"image\":{\"@type\":\"ImageObject\",\"@id\":\"https:\\\/\\\/science.rmtmo.eu\\\/en\\\/news\\\/lequipe-du-bureau-de-coordination-sagrandit\\\/#authorImage\",\"url\":\"https:\\\/\\\/secure.gravatar.com\\\/avatar\\\/a901258a7b8dcf03b30368978e66936d1876b26f972c0de45f958d78752a1f9e?s=96&d=mm&r=g\",\"width\":96,\"height\":96,\"caption\":\"Julia Schoppe\"}},{\"@type\":\"WebPage\",\"@id\":\"https:\\\/\\\/science.rmtmo.eu\\\/en\\\/news\\\/lequipe-du-bureau-de-coordination-sagrandit\\\/#webpage\",\"url\":\"https:\\\/\\\/science.rmtmo.eu\\\/en\\\/news\\\/lequipe-du-bureau-de-coordination-sagrandit\\\/\",\"name\":\"L\\u2019\\u00e9quipe du bureau de coordination s\\u2019agrandit | S\\u00e4ule Wissenschaft\",\"description\":\"Nadine Fischer travaille depuis le 1er novembre 2024 en tant que charg\\u00e9e de mission au bureau de coordination du pilier Science de la RMT. Mme Fischer a fait des \\u00e9tudes franco-allemandes dans les domaines de la communication interculturelle et du marketing international. Auparavant, elle \\u00e9tait employ\\u00e9e par la Hochschule f\\u00fcr \\u00f6ffentlichen Verwaltung Kehl, o\\u00f9 elle\",\"inLanguage\":\"en-US\",\"isPartOf\":{\"@id\":\"https:\\\/\\\/science.rmtmo.eu\\\/en\\\/#website\"},\"breadcrumb\":{\"@id\":\"https:\\\/\\\/science.rmtmo.eu\\\/en\\\/news\\\/lequipe-du-bureau-de-coordination-sagrandit\\\/#breadcrumblist\"},\"author\":{\"@id\":\"https:\\\/\\\/science.rmtmo.eu\\\/en\\\/#author\"},\"creator\":{\"@id\":\"https:\\\/\\\/science.rmtmo.eu\\\/en\\\/#author\"},\"image\":{\"@type\":\"ImageObject\",\"url\":\"https:\\\/\\\/science.rmtmo.eu\\\/wp-content\\\/uploads\\\/2024\\\/11\\\/goutte_Nadine.png\",\"@id\":\"https:\\\/\\\/science.rmtmo.eu\\\/en\\\/news\\\/lequipe-du-bureau-de-coordination-sagrandit\\\/#mainImage\",\"width\":253,\"height\":247},\"primaryImageOfPage\":{\"@id\":\"https:\\\/\\\/science.rmtmo.eu\\\/en\\\/news\\\/lequipe-du-bureau-de-coordination-sagrandit\\\/#mainImage\"},\"datePublished\":\"2024-11-18T16:08:32+01:00\",\"dateModified\":\"2024-11-18T16:09:50+01:00\"},{\"@type\":\"WebSite\",\"@id\":\"https:\\\/\\\/science.rmtmo.eu\\\/en\\\/#website\",\"url\":\"https:\\\/\\\/science.rmtmo.eu\\\/en\\\/\",\"name\":\"S\\u00e4ule Wissenschaft\",\"description\":\"Pilier Sciences\",\"inLanguage\":\"en-US\",\"publisher\":{\"@id\":\"https:\\\/\\\/science.rmtmo.eu\\\/en\\\/#organization\"}}]}\n\t\t<\/script>\n\t\t<!-- All in One SEO -->\n\n","aioseo_head_json":{"title":"L\u2019\u00e9quipe du bureau de coordination s\u2019agrandit | S\u00e4ule Wissenschaft","description":"Nadine Fischer travaille depuis le 1er novembre 2024 en tant que charg\u00e9e de mission au bureau de coordination du pilier Science de la RMT. Mme Fischer a fait des \u00e9tudes franco-allemandes dans les domaines de la communication interculturelle et du marketing international. Auparavant, elle \u00e9tait employ\u00e9e par la Hochschule f\u00fcr \u00f6ffentlichen Verwaltung Kehl, o\u00f9 elle","canonical_url":"https:\/\/science.rmtmo.eu\/en\/news\/lequipe-du-bureau-de-coordination-sagrandit\/","robots":"max-image-preview:large","keywords":"","webmasterTools":{"miscellaneous":""},"schema":{"@context":"https:\/\/schema.org","@graph":[{"@type":"Article","@id":"https:\/\/science.rmtmo.eu\/en\/news\/lequipe-du-bureau-de-coordination-sagrandit\/#article","name":"L\u2019\u00e9quipe du bureau de coordination s\u2019agrandit | S\u00e4ule Wissenschaft","headline":"L&#8217;\u00e9quipe du bureau de coordination s&#8217;agrandit","author":{"@id":"https:\/\/science.rmtmo.eu\/en\/#author"},"publisher":{"@id":"https:\/\/science.rmtmo.eu\/en\/#organization"},"image":{"@type":"ImageObject","url":"https:\/\/science.rmtmo.eu\/wp-content\/uploads\/2024\/11\/goutte_Nadine.png","width":253,"height":247},"datePublished":"2024-11-18T16:08:32+01:00","dateModified":"2024-11-18T16:09:50+01:00","inLanguage":"en-US","mainEntityOfPage":{"@id":"https:\/\/science.rmtmo.eu\/en\/news\/lequipe-du-bureau-de-coordination-sagrandit\/#webpage"},"isPartOf":{"@id":"https:\/\/science.rmtmo.eu\/en\/news\/lequipe-du-bureau-de-coordination-sagrandit\/#webpage"},"articleSection":"News"},{"@type":"BreadcrumbList","@id":"https:\/\/science.rmtmo.eu\/en\/news\/lequipe-du-bureau-de-coordination-sagrandit\/#breadcrumblist","itemListElement":[{"@type":"ListItem","@id":"https:\/\/science.rmtmo.eu\/en\/#listItem","position":1,"name":"Home","item":"https:\/\/science.rmtmo.eu\/en\/","nextItem":{"@type":"ListItem","@id":"https:\/\/science.rmtmo.eu\/en\/category\/news\/#listItem","name":"News"}},{"@type":"ListItem","@id":"https:\/\/science.rmtmo.eu\/en\/category\/news\/#listItem","position":2,"name":"News","item":"https:\/\/science.rmtmo.eu\/en\/category\/news\/","nextItem":{"@type":"ListItem","@id":"https:\/\/science.rmtmo.eu\/en\/news\/lequipe-du-bureau-de-coordination-sagrandit\/#listItem","name":"L&#8217;\u00e9quipe du bureau de coordination s&#8217;agrandit"},"previousItem":{"@type":"ListItem","@id":"https:\/\/science.rmtmo.eu\/en\/#listItem","name":"Home"}},{"@type":"ListItem","@id":"https:\/\/science.rmtmo.eu\/en\/news\/lequipe-du-bureau-de-coordination-sagrandit\/#listItem","position":3,"name":"L&#8217;\u00e9quipe du bureau de coordination s&#8217;agrandit","previousItem":{"@type":"ListItem","@id":"https:\/\/science.rmtmo.eu\/en\/category\/news\/#listItem","name":"News"}}]},{"@type":"Organization","@id":"https:\/\/science.rmtmo.eu\/en\/#organization","name":"S\u00e4ule Wissenschaft","description":"Pilier Sciences","url":"https:\/\/science.rmtmo.eu\/en\/"},{"@type":"Person","@id":"https:\/\/science.rmtmo.eu\/en\/#author","url":"https:\/\/science.rmtmo.eu\/en\/","name":"Julia Schoppe","image":{"@type":"ImageObject","@id":"https:\/\/science.rmtmo.eu\/en\/news\/lequipe-du-bureau-de-coordination-sagrandit\/#authorImage","url":"https:\/\/secure.gravatar.com\/avatar\/a901258a7b8dcf03b30368978e66936d1876b26f972c0de45f958d78752a1f9e?s=96&d=mm&r=g","width":96,"height":96,"caption":"Julia Schoppe"}},{"@type":"WebPage","@id":"https:\/\/science.rmtmo.eu\/en\/news\/lequipe-du-bureau-de-coordination-sagrandit\/#webpage","url":"https:\/\/science.rmtmo.eu\/en\/news\/lequipe-du-bureau-de-coordination-sagrandit\/","name":"L\u2019\u00e9quipe du bureau de coordination s\u2019agrandit | S\u00e4ule Wissenschaft","description":"Nadine Fischer travaille depuis le 1er novembre 2024 en tant que charg\u00e9e de mission au bureau de coordination du pilier Science de la RMT. Mme Fischer a fait des \u00e9tudes franco-allemandes dans les domaines de la communication interculturelle et du marketing international. Auparavant, elle \u00e9tait employ\u00e9e par la Hochschule f\u00fcr \u00f6ffentlichen Verwaltung Kehl, o\u00f9 elle","inLanguage":"en-US","isPartOf":{"@id":"https:\/\/science.rmtmo.eu\/en\/#website"},"breadcrumb":{"@id":"https:\/\/science.rmtmo.eu\/en\/news\/lequipe-du-bureau-de-coordination-sagrandit\/#breadcrumblist"},"author":{"@id":"https:\/\/science.rmtmo.eu\/en\/#author"},"creator":{"@id":"https:\/\/science.rmtmo.eu\/en\/#author"},"image":{"@type":"ImageObject","url":"https:\/\/science.rmtmo.eu\/wp-content\/uploads\/2024\/11\/goutte_Nadine.png","@id":"https:\/\/science.rmtmo.eu\/en\/news\/lequipe-du-bureau-de-coordination-sagrandit\/#mainImage","width":253,"height":247},"primaryImageOfPage":{"@id":"https:\/\/science.rmtmo.eu\/en\/news\/lequipe-du-bureau-de-coordination-sagrandit\/#mainImage"},"datePublished":"2024-11-18T16:08:32+01:00","dateModified":"2024-11-18T16:09:50+01:00"},{"@type":"WebSite","@id":"https:\/\/science.rmtmo.eu\/en\/#website","url":"https:\/\/science.rmtmo.eu\/en\/","name":"S\u00e4ule Wissenschaft","description":"Pilier Sciences","inLanguage":"en-US","publisher":{"@id":"https:\/\/science.rmtmo.eu\/en\/#organization"}}]},"og:locale":"en_US","og:site_name":"S\u00e4ule Wissenschaft | Pilier Sciences","og:type":"article","og:title":"L\u2019\u00e9quipe du bureau de coordination s\u2019agrandit | S\u00e4ule Wissenschaft","og:description":"Nadine Fischer travaille depuis le 1er novembre 2024 en tant que charg\u00e9e de mission au bureau de coordination du pilier Science de la RMT. Mme Fischer a fait des \u00e9tudes franco-allemandes dans les domaines de la communication interculturelle et du marketing international. Auparavant, elle \u00e9tait employ\u00e9e par la Hochschule f\u00fcr \u00f6ffentlichen Verwaltung Kehl, o\u00f9 elle","og:url":"https:\/\/science.rmtmo.eu\/en\/news\/lequipe-du-bureau-de-coordination-sagrandit\/","article:published_time":"2024-11-18T15:08:32+00:00","article:modified_time":"2024-11-18T15:09:50+00:00","twitter:card":"summary","twitter:title":"L\u2019\u00e9quipe du bureau de coordination s\u2019agrandit | S\u00e4ule Wissenschaft","twitter:description":"Nadine Fischer travaille depuis le 1er novembre 2024 en tant que charg\u00e9e de mission au bureau de coordination du pilier Science de la RMT. Mme Fischer a fait des \u00e9tudes franco-allemandes dans les domaines de la communication interculturelle et du marketing international. Auparavant, elle \u00e9tait employ\u00e9e par la Hochschule f\u00fcr \u00f6ffentlichen Verwaltung Kehl, o\u00f9 elle"},"aioseo_meta_data":{"post_id":"14621","title":null,"description":null,"keywords":null,"keyphrases":{"focus":{"keyphrase":"","score":0,"analysis":{"keyphraseInTitle":{"score":0,"maxScore":9,"error":1}}},"additional":[]},"primary_term":null,"canonical_url":null,"og_title":null,"og_description":null,"og_object_type":"default","og_image_type":"default","og_image_url":null,"og_image_width":null,"og_image_height":null,"og_image_custom_url":null,"og_image_custom_fields":null,"og_video":"","og_custom_url":null,"og_article_section":null,"og_article_tags":null,"twitter_use_og":false,"twitter_card":"default","twitter_image_type":"default","twitter_image_url":null,"twitter_image_custom_url":null,"twitter_image_custom_fields":null,"twitter_title":null,"twitter_description":null,"schema":{"blockGraphs":[],"customGraphs":[],"default":{"data":{"Article":[],"Course":[],"Dataset":[],"FAQPage":[],"Movie":[],"Person":[],"Product":[],"ProductReview":[],"Car":[],"Recipe":[],"Service":[],"SoftwareApplication":[],"WebPage":[]},"graphName":"Article","isEnabled":true},"graphs":[]},"schema_type":"default","schema_type_options":null,"pillar_content":false,"robots_default":true,"robots_noindex":false,"robots_noarchive":false,"robots_nosnippet":false,"robots_nofollow":false,"robots_noimageindex":false,"robots_noodp":false,"robots_notranslate":false,"robots_max_snippet":"-1","robots_max_videopreview":"-1","robots_max_imagepreview":"large","priority":null,"frequency":"default","local_seo":null,"breadcrumb_settings":null,"limit_modified_date":false,"ai":null,"created":"2024-11-18 15:09:51","updated":"2025-07-09 01:40:48","focus_keyword":null,"additional_keywords":null,"truseo_locale":null,"seo_analyzer_scan_date":null},"aioseo_breadcrumb":"<div class=\"aioseo-breadcrumbs\"><span class=\"aioseo-breadcrumb\">\n\t\t\t<a href=\"https:\/\/science.rmtmo.eu\/en\/\" title=\"Home\">Home<\/a>\n\t\t<\/span><span class=\"aioseo-breadcrumb-separator\">&raquo;<\/span><span class=\"aioseo-breadcrumb\">\n\t\t\t<a href=\"https:\/\/science.rmtmo.eu\/en\/category\/news\/\" title=\"News\">News<\/a>\n\t\t<\/span><span class=\"aioseo-breadcrumb-separator\">&raquo;<\/span><span class=\"aioseo-breadcrumb\">\n\t\t\tL\u2019\u00e9quipe du bureau de coordination s\u2019agrandit\n\t\t<\/span><\/div>","aioseo_breadcrumb_json":[{"label":"Home","link":"https:\/\/science.rmtmo.eu\/en\/"},{"label":"News","link":"https:\/\/science.rmtmo.eu\/en\/category\/news\/"},{"label":"L&#8217;\u00e9quipe du bureau de coordination s&#8217;agrandit","link":"https:\/\/science.rmtmo.eu\/en\/news\/lequipe-du-bureau-de-coordination-sagrandit\/"}],"_links":{"self":[{"href":"https:\/\/science.rmtmo.eu\/en\/wp-json\/wp\/v2\/posts\/14621","targetHints":{"allow":["GET"]}}],"collection":[{"href":"https:\/\/science.rmtmo.eu\/en\/wp-json\/wp\/v2\/posts"}],"about":[{"href":"https:\/\/science.rmtmo.eu\/en\/wp-json\/wp\/v2\/types\/post"}],"author":[{"embeddable":true,"href":"https:\/\/science.rmtmo.eu\/en\/wp-json\/wp\/v2\/users\/2"}],"replies":[{"embeddable":true,"href":"https:\/\/science.rmtmo.eu\/en\/wp-json\/wp\/v2\/comments?post=14621"}],"version-history":[{"count":1,"href":"https:\/\/science.rmtmo.eu\/en\/wp-json\/wp\/v2\/posts\/14621\/revisions"}],"predecessor-version":[{"id":14622,"href":"https:\/\/science.rmtmo.eu\/en\/wp-json\/wp\/v2\/posts\/14621\/revisions\/14622"}],"wp:featuredmedia":[{"embeddable":true,"href":"https:\/\/science.rmtmo.eu\/en\/wp-json\/wp\/v2\/media\/14605"}],"wp:attachment":[{"href":"https:\/\/science.rmtmo.eu\/en\/wp-json\/wp\/v2\/media?parent=14621"}],"wp:term":[{"taxonomy":"category","embeddable":true,"href":"https:\/\/science.rmtmo.eu\/en\/wp-json\/wp\/v2\/categories?post=14621"},{"taxonomy":"post_tag","embeddable":true,"href":"https:\/\/science.rmtmo.eu\/en\/wp-json\/wp\/v2\/tags?post=14621"}],"curies":[{"name":"wp","href":"https:\/\/api.w.org\/{rel}","templated":true}]}}