{"id":14341,"date":"2024-07-05T09:54:21","date_gmt":"2024-07-05T07:54:21","guid":{"rendered":"https:\/\/science.rmtmo.eu\/news\/09-conference-franco-allemande-e-ee-ville-formes-urbaines-renovation-energetique-et-chaleur-renouvelable\/"},"modified":"2024-07-05T09:54:21","modified_gmt":"2024-07-05T07:54:21","slug":"09-conference-franco-allemande-e-ee-ville-formes-urbaines-renovation-energetique-et-chaleur-renouvelable","status":"publish","type":"post","link":"https:\/\/science.rmtmo.eu\/en\/news\/09-conference-franco-allemande-e-ee-ville-formes-urbaines-renovation-energetique-et-chaleur-renouvelable\/","title":{"rendered":"17.09.2024, Berlin, Conf\u00e9rence franco-allemande :   les potentiels d&#8217;efficacit\u00e9 \u00e9nerg\u00e9tique dans la ville \u2013 formes urbaines, r\u00e9novation \u00e9nerg\u00e9tique et chaleur renouvelable"},"content":{"rendered":"<p>Densification urbaine, plans thermiques, r\u00e9novation des quartiers, etc. Les villes offrent des potentiels particuliers pour am\u00e9liorer l\u2019efficacit\u00e9 \u00e9nerg\u00e9tique et l&#8217;utilisation de la chaleur renouvelable. La conf\u00e9rence sera consacr\u00e9e aux strat\u00e9gies ainsi qu\u2019aux projets concrets dans le domaine de l\u2019urbanisme, de la r\u00e9novation \u00e9nerg\u00e9tique et de l\u2019approvisionnement en chaleur en France et en Allemagne, \u00e0 l\u2019\u00e9chelle de l\u2019\u00eelot, des quartiers et de la ville dans son ensemble.<!--more--><br \/>\nEntre autres projets et initiatives innovants pr\u00e9sent\u00e9s lors de cette conf\u00e9rence, un projet de l\u2019agence de l\u2019\u00e9nergie de Karlsruhe sur les quartiers \u00e9nerg\u00e9tique de Karlsruhe.<\/p>\n<p>Plus d\u2019informations :<a href=\"https:\/\/energie-fr-de.eu\/fr\/manifestations\/lecteur\/conference-sur-le-potentiel-de-lefficacite-energetique-dans-la-ville-en-france-et-en-allemagne.html\" target=\"_blank\" rel=\"noopener\"> https:\/\/energie-fr-de.eu\/fr\/manifestations\/lecteur\/conference-sur-le-potentiel-de-lefficacite-energetique-dans-la-ville-en-france-et-en-allemagne.html<\/a><\/p>\n","protected":false},"excerpt":{"rendered":"<p>Densification urbaine, plans thermiques, r\u00e9novation des quartiers, etc. Les villes offrent des potentiels particuliers pour am\u00e9liorer l\u2019efficacit\u00e9 \u00e9nerg\u00e9tique et l&#8217;utilisation de la chaleur renouvelable. La conf\u00e9rence sera consacr\u00e9e aux strat\u00e9gies ainsi qu\u2019aux projets concrets dans le domaine de l\u2019urbanisme, de la r\u00e9novation \u00e9nerg\u00e9tique et de l\u2019approvisionnement en chaleur en France et en Allemagne, \u00e0 l\u2019\u00e9chelle<\/p>\n","protected":false},"author":2,"featured_media":10359,"comment_status":"closed","ping_status":"closed","sticky":false,"template":"","format":"standard","meta":{"ngg_post_thumbnail":0,"footnotes":""},"categories":[8],"tags":[],"class_list":["post-14341","post","type-post","status-publish","format-standard","has-post-thumbnail","hentry","category-news"],"aioseo_notices":[],"aioseo_head":"\n\t\t<!-- All in One SEO 5.0.1 - aioseo.com -->\n\t<meta name=\"description\" content=\"Densification urbaine, plans thermiques, r\u00e9novation des quartiers, etc. Les villes offrent des potentiels particuliers pour am\u00e9liorer l\u2019efficacit\u00e9 \u00e9nerg\u00e9tique et l&#039;utilisation de la chaleur renouvelable. La conf\u00e9rence sera consacr\u00e9e aux strat\u00e9gies ainsi qu\u2019aux projets concrets dans le domaine de l\u2019urbanisme, de la r\u00e9novation \u00e9nerg\u00e9tique et de l\u2019approvisionnement en chaleur en France et en Allemagne, \u00e0 l\u2019\u00e9chelle\" \/>\n\t<meta name=\"robots\" content=\"max-image-preview:large\" \/>\n\t<meta name=\"author\" content=\"Julia Schoppe\"\/>\n\t<link rel=\"canonical\" href=\"https:\/\/science.rmtmo.eu\/en\/news\/09-conference-franco-allemande-e-ee-ville-formes-urbaines-renovation-energetique-et-chaleur-renouvelable\/\" \/>\n\t<meta name=\"generator\" content=\"All in One SEO (AIOSEO) 5.0.1\" \/>\n\t\t<meta property=\"og:locale\" content=\"en_US\" \/>\n\t\t<meta property=\"og:site_name\" content=\"S\u00e4ule Wissenschaft | Pilier Sciences\" \/>\n\t\t<meta property=\"og:type\" content=\"article\" \/>\n\t\t<meta property=\"og:title\" content=\"17.09.2024, Berlin, Conf\u00e9rence franco-allemande : les potentiels d\u2019efficacit\u00e9 \u00e9nerg\u00e9tique dans la ville \u2013 formes urbaines, r\u00e9novation \u00e9nerg\u00e9tique et chaleur renouvelable | S\u00e4ule Wissenschaft\" \/>\n\t\t<meta property=\"og:description\" content=\"Densification urbaine, plans thermiques, r\u00e9novation des quartiers, etc. Les villes offrent des potentiels particuliers pour am\u00e9liorer l\u2019efficacit\u00e9 \u00e9nerg\u00e9tique et l&#039;utilisation de la chaleur renouvelable. La conf\u00e9rence sera consacr\u00e9e aux strat\u00e9gies ainsi qu\u2019aux projets concrets dans le domaine de l\u2019urbanisme, de la r\u00e9novation \u00e9nerg\u00e9tique et de l\u2019approvisionnement en chaleur en France et en Allemagne, \u00e0 l\u2019\u00e9chelle\" \/>\n\t\t<meta property=\"og:url\" content=\"https:\/\/science.rmtmo.eu\/en\/news\/09-conference-franco-allemande-e-ee-ville-formes-urbaines-renovation-energetique-et-chaleur-renouvelable\/\" \/>\n\t\t<meta property=\"article:published_time\" content=\"2024-07-05T07:54:21+00:00\" \/>\n\t\t<meta property=\"article:modified_time\" content=\"2024-07-05T07:54:21+00:00\" \/>\n\t\t<meta name=\"twitter:card\" content=\"summary\" \/>\n\t\t<meta name=\"twitter:title\" content=\"17.09.2024, Berlin, Conf\u00e9rence franco-allemande : les potentiels d\u2019efficacit\u00e9 \u00e9nerg\u00e9tique dans la ville \u2013 formes urbaines, r\u00e9novation \u00e9nerg\u00e9tique et chaleur renouvelable | S\u00e4ule Wissenschaft\" \/>\n\t\t<meta name=\"twitter:description\" content=\"Densification urbaine, plans thermiques, r\u00e9novation des quartiers, etc. Les villes offrent des potentiels particuliers pour am\u00e9liorer l\u2019efficacit\u00e9 \u00e9nerg\u00e9tique et l&#039;utilisation de la chaleur renouvelable. La conf\u00e9rence sera consacr\u00e9e aux strat\u00e9gies ainsi qu\u2019aux projets concrets dans le domaine de l\u2019urbanisme, de la r\u00e9novation \u00e9nerg\u00e9tique et de l\u2019approvisionnement en chaleur en France et en Allemagne, \u00e0 l\u2019\u00e9chelle\" \/>\n\t\t<script type=\"application\/ld+json\" class=\"aioseo-schema\">\n\t\t\t{\"@context\":\"https:\\\/\\\/schema.org\",\"@graph\":[{\"@type\":\"Article\",\"@id\":\"https:\\\/\\\/science.rmtmo.eu\\\/en\\\/news\\\/09-conference-franco-allemande-e-ee-ville-formes-urbaines-renovation-energetique-et-chaleur-renouvelable\\\/#article\",\"name\":\"17.09.2024, Berlin, Conf\\u00e9rence franco-allemande : les potentiels d\\u2019efficacit\\u00e9 \\u00e9nerg\\u00e9tique dans la ville \\u2013 formes urbaines, r\\u00e9novation \\u00e9nerg\\u00e9tique et chaleur renouvelable | S\\u00e4ule Wissenschaft\",\"headline\":\"17.09.2024, Berlin, Conf\\u00e9rence franco-allemande :   les potentiels d&#8217;efficacit\\u00e9 \\u00e9nerg\\u00e9tique dans la ville \\u2013 formes urbaines, r\\u00e9novation \\u00e9nerg\\u00e9tique et chaleur renouvelable\",\"author\":{\"@id\":\"https:\\\/\\\/science.rmtmo.eu\\\/en\\\/#author\"},\"publisher\":{\"@id\":\"https:\\\/\\\/science.rmtmo.eu\\\/en\\\/#organization\"},\"image\":{\"@type\":\"ImageObject\",\"url\":\"https:\\\/\\\/science.rmtmo.eu\\\/wp-content\\\/uploads\\\/2021\\\/04\\\/plantule_\\u00a9BillionPhotos.com-stock.adobe_.com_-scaled.jpg\",\"width\":2560,\"height\":1707,\"caption\":\"Science.\"},\"datePublished\":\"2024-07-05T09:54:21+02:00\",\"dateModified\":\"2024-07-05T09:54:21+02:00\",\"inLanguage\":\"en-US\",\"mainEntityOfPage\":{\"@id\":\"https:\\\/\\\/science.rmtmo.eu\\\/en\\\/news\\\/09-conference-franco-allemande-e-ee-ville-formes-urbaines-renovation-energetique-et-chaleur-renouvelable\\\/#webpage\"},\"isPartOf\":{\"@id\":\"https:\\\/\\\/science.rmtmo.eu\\\/en\\\/news\\\/09-conference-franco-allemande-e-ee-ville-formes-urbaines-renovation-energetique-et-chaleur-renouvelable\\\/#webpage\"},\"articleSection\":\"News, Optional\"},{\"@type\":\"BreadcrumbList\",\"@id\":\"https:\\\/\\\/science.rmtmo.eu\\\/en\\\/news\\\/09-conference-franco-allemande-e-ee-ville-formes-urbaines-renovation-energetique-et-chaleur-renouvelable\\\/#breadcrumblist\",\"itemListElement\":[{\"@type\":\"ListItem\",\"@id\":\"https:\\\/\\\/science.rmtmo.eu\\\/en\\\/#listItem\",\"position\":1,\"name\":\"Home\",\"item\":\"https:\\\/\\\/science.rmtmo.eu\\\/en\\\/\",\"nextItem\":{\"@type\":\"ListItem\",\"@id\":\"https:\\\/\\\/science.rmtmo.eu\\\/en\\\/category\\\/news\\\/#listItem\",\"name\":\"News\"}},{\"@type\":\"ListItem\",\"@id\":\"https:\\\/\\\/science.rmtmo.eu\\\/en\\\/category\\\/news\\\/#listItem\",\"position\":2,\"name\":\"News\",\"item\":\"https:\\\/\\\/science.rmtmo.eu\\\/en\\\/category\\\/news\\\/\",\"nextItem\":{\"@type\":\"ListItem\",\"@id\":\"https:\\\/\\\/science.rmtmo.eu\\\/en\\\/news\\\/09-conference-franco-allemande-e-ee-ville-formes-urbaines-renovation-energetique-et-chaleur-renouvelable\\\/#listItem\",\"name\":\"17.09.2024, Berlin, Conf\\u00e9rence franco-allemande :   les potentiels d&#8217;efficacit\\u00e9 \\u00e9nerg\\u00e9tique dans la ville \\u2013 formes urbaines, r\\u00e9novation \\u00e9nerg\\u00e9tique et chaleur renouvelable\"},\"previousItem\":{\"@type\":\"ListItem\",\"@id\":\"https:\\\/\\\/science.rmtmo.eu\\\/en\\\/#listItem\",\"name\":\"Home\"}},{\"@type\":\"ListItem\",\"@id\":\"https:\\\/\\\/science.rmtmo.eu\\\/en\\\/news\\\/09-conference-franco-allemande-e-ee-ville-formes-urbaines-renovation-energetique-et-chaleur-renouvelable\\\/#listItem\",\"position\":3,\"name\":\"17.09.2024, Berlin, Conf\\u00e9rence franco-allemande :   les potentiels d&#8217;efficacit\\u00e9 \\u00e9nerg\\u00e9tique dans la ville \\u2013 formes urbaines, r\\u00e9novation \\u00e9nerg\\u00e9tique et chaleur renouvelable\",\"previousItem\":{\"@type\":\"ListItem\",\"@id\":\"https:\\\/\\\/science.rmtmo.eu\\\/en\\\/category\\\/news\\\/#listItem\",\"name\":\"News\"}}]},{\"@type\":\"Organization\",\"@id\":\"https:\\\/\\\/science.rmtmo.eu\\\/en\\\/#organization\",\"name\":\"S\\u00e4ule Wissenschaft\",\"description\":\"Pilier Sciences\",\"url\":\"https:\\\/\\\/science.rmtmo.eu\\\/en\\\/\"},{\"@type\":\"Person\",\"@id\":\"https:\\\/\\\/science.rmtmo.eu\\\/en\\\/#author\",\"url\":\"https:\\\/\\\/science.rmtmo.eu\\\/en\\\/\",\"name\":\"Julia Schoppe\",\"image\":{\"@type\":\"ImageObject\",\"@id\":\"https:\\\/\\\/science.rmtmo.eu\\\/en\\\/news\\\/09-conference-franco-allemande-e-ee-ville-formes-urbaines-renovation-energetique-et-chaleur-renouvelable\\\/#authorImage\",\"url\":\"https:\\\/\\\/secure.gravatar.com\\\/avatar\\\/a901258a7b8dcf03b30368978e66936d1876b26f972c0de45f958d78752a1f9e?s=96&d=mm&r=g\",\"width\":96,\"height\":96,\"caption\":\"Julia Schoppe\"}},{\"@type\":\"WebPage\",\"@id\":\"https:\\\/\\\/science.rmtmo.eu\\\/en\\\/news\\\/09-conference-franco-allemande-e-ee-ville-formes-urbaines-renovation-energetique-et-chaleur-renouvelable\\\/#webpage\",\"url\":\"https:\\\/\\\/science.rmtmo.eu\\\/en\\\/news\\\/09-conference-franco-allemande-e-ee-ville-formes-urbaines-renovation-energetique-et-chaleur-renouvelable\\\/\",\"name\":\"17.09.2024, Berlin, Conf\\u00e9rence franco-allemande : les potentiels d\\u2019efficacit\\u00e9 \\u00e9nerg\\u00e9tique dans la ville \\u2013 formes urbaines, r\\u00e9novation \\u00e9nerg\\u00e9tique et chaleur renouvelable | S\\u00e4ule Wissenschaft\",\"description\":\"Densification urbaine, plans thermiques, r\\u00e9novation des quartiers, etc. Les villes offrent des potentiels particuliers pour am\\u00e9liorer l\\u2019efficacit\\u00e9 \\u00e9nerg\\u00e9tique et l'utilisation de la chaleur renouvelable. La conf\\u00e9rence sera consacr\\u00e9e aux strat\\u00e9gies ainsi qu\\u2019aux projets concrets dans le domaine de l\\u2019urbanisme, de la r\\u00e9novation \\u00e9nerg\\u00e9tique et de l\\u2019approvisionnement en chaleur en France et en Allemagne, \\u00e0 l\\u2019\\u00e9chelle\",\"inLanguage\":\"en-US\",\"isPartOf\":{\"@id\":\"https:\\\/\\\/science.rmtmo.eu\\\/en\\\/#website\"},\"breadcrumb\":{\"@id\":\"https:\\\/\\\/science.rmtmo.eu\\\/en\\\/news\\\/09-conference-franco-allemande-e-ee-ville-formes-urbaines-renovation-energetique-et-chaleur-renouvelable\\\/#breadcrumblist\"},\"author\":{\"@id\":\"https:\\\/\\\/science.rmtmo.eu\\\/en\\\/#author\"},\"creator\":{\"@id\":\"https:\\\/\\\/science.rmtmo.eu\\\/en\\\/#author\"},\"image\":{\"@type\":\"ImageObject\",\"url\":\"https:\\\/\\\/science.rmtmo.eu\\\/wp-content\\\/uploads\\\/2021\\\/04\\\/plantule_\\u00a9BillionPhotos.com-stock.adobe_.com_-scaled.jpg\",\"@id\":\"https:\\\/\\\/science.rmtmo.eu\\\/en\\\/news\\\/09-conference-franco-allemande-e-ee-ville-formes-urbaines-renovation-energetique-et-chaleur-renouvelable\\\/#mainImage\",\"width\":2560,\"height\":1707,\"caption\":\"Science.\"},\"primaryImageOfPage\":{\"@id\":\"https:\\\/\\\/science.rmtmo.eu\\\/en\\\/news\\\/09-conference-franco-allemande-e-ee-ville-formes-urbaines-renovation-energetique-et-chaleur-renouvelable\\\/#mainImage\"},\"datePublished\":\"2024-07-05T09:54:21+02:00\",\"dateModified\":\"2024-07-05T09:54:21+02:00\"},{\"@type\":\"WebSite\",\"@id\":\"https:\\\/\\\/science.rmtmo.eu\\\/en\\\/#website\",\"url\":\"https:\\\/\\\/science.rmtmo.eu\\\/en\\\/\",\"name\":\"S\\u00e4ule Wissenschaft\",\"description\":\"Pilier Sciences\",\"inLanguage\":\"en-US\",\"publisher\":{\"@id\":\"https:\\\/\\\/science.rmtmo.eu\\\/en\\\/#organization\"}}]}\n\t\t<\/script>\n\t\t<!-- All in One SEO -->\n\n","aioseo_head_json":{"title":"17.09.2024, Berlin, Conf\u00e9rence franco-allemande : les potentiels d\u2019efficacit\u00e9 \u00e9nerg\u00e9tique dans la ville \u2013 formes urbaines, r\u00e9novation \u00e9nerg\u00e9tique et chaleur renouvelable | S\u00e4ule Wissenschaft","description":"Densification urbaine, plans thermiques, r\u00e9novation des quartiers, etc. Les villes offrent des potentiels particuliers pour am\u00e9liorer l\u2019efficacit\u00e9 \u00e9nerg\u00e9tique et l'utilisation de la chaleur renouvelable. La conf\u00e9rence sera consacr\u00e9e aux strat\u00e9gies ainsi qu\u2019aux projets concrets dans le domaine de l\u2019urbanisme, de la r\u00e9novation \u00e9nerg\u00e9tique et de l\u2019approvisionnement en chaleur en France et en Allemagne, \u00e0 l\u2019\u00e9chelle","canonical_url":"https:\/\/science.rmtmo.eu\/en\/news\/09-conference-franco-allemande-e-ee-ville-formes-urbaines-renovation-energetique-et-chaleur-renouvelable\/","robots":"max-image-preview:large","keywords":"","webmasterTools":{"miscellaneous":""},"schema":{"@context":"https:\/\/schema.org","@graph":[{"@type":"Article","@id":"https:\/\/science.rmtmo.eu\/en\/news\/09-conference-franco-allemande-e-ee-ville-formes-urbaines-renovation-energetique-et-chaleur-renouvelable\/#article","name":"17.09.2024, Berlin, Conf\u00e9rence franco-allemande : les potentiels d\u2019efficacit\u00e9 \u00e9nerg\u00e9tique dans la ville \u2013 formes urbaines, r\u00e9novation \u00e9nerg\u00e9tique et chaleur renouvelable | S\u00e4ule Wissenschaft","headline":"17.09.2024, Berlin, Conf\u00e9rence franco-allemande :   les potentiels d&#8217;efficacit\u00e9 \u00e9nerg\u00e9tique dans la ville \u2013 formes urbaines, r\u00e9novation \u00e9nerg\u00e9tique et chaleur renouvelable","author":{"@id":"https:\/\/science.rmtmo.eu\/en\/#author"},"publisher":{"@id":"https:\/\/science.rmtmo.eu\/en\/#organization"},"image":{"@type":"ImageObject","url":"https:\/\/science.rmtmo.eu\/wp-content\/uploads\/2021\/04\/plantule_\u00a9BillionPhotos.com-stock.adobe_.com_-scaled.jpg","width":2560,"height":1707,"caption":"Science."},"datePublished":"2024-07-05T09:54:21+02:00","dateModified":"2024-07-05T09:54:21+02:00","inLanguage":"en-US","mainEntityOfPage":{"@id":"https:\/\/science.rmtmo.eu\/en\/news\/09-conference-franco-allemande-e-ee-ville-formes-urbaines-renovation-energetique-et-chaleur-renouvelable\/#webpage"},"isPartOf":{"@id":"https:\/\/science.rmtmo.eu\/en\/news\/09-conference-franco-allemande-e-ee-ville-formes-urbaines-renovation-energetique-et-chaleur-renouvelable\/#webpage"},"articleSection":"News, Optional"},{"@type":"BreadcrumbList","@id":"https:\/\/science.rmtmo.eu\/en\/news\/09-conference-franco-allemande-e-ee-ville-formes-urbaines-renovation-energetique-et-chaleur-renouvelable\/#breadcrumblist","itemListElement":[{"@type":"ListItem","@id":"https:\/\/science.rmtmo.eu\/en\/#listItem","position":1,"name":"Home","item":"https:\/\/science.rmtmo.eu\/en\/","nextItem":{"@type":"ListItem","@id":"https:\/\/science.rmtmo.eu\/en\/category\/news\/#listItem","name":"News"}},{"@type":"ListItem","@id":"https:\/\/science.rmtmo.eu\/en\/category\/news\/#listItem","position":2,"name":"News","item":"https:\/\/science.rmtmo.eu\/en\/category\/news\/","nextItem":{"@type":"ListItem","@id":"https:\/\/science.rmtmo.eu\/en\/news\/09-conference-franco-allemande-e-ee-ville-formes-urbaines-renovation-energetique-et-chaleur-renouvelable\/#listItem","name":"17.09.2024, Berlin, Conf\u00e9rence franco-allemande :   les potentiels d&#8217;efficacit\u00e9 \u00e9nerg\u00e9tique dans la ville \u2013 formes urbaines, r\u00e9novation \u00e9nerg\u00e9tique et chaleur renouvelable"},"previousItem":{"@type":"ListItem","@id":"https:\/\/science.rmtmo.eu\/en\/#listItem","name":"Home"}},{"@type":"ListItem","@id":"https:\/\/science.rmtmo.eu\/en\/news\/09-conference-franco-allemande-e-ee-ville-formes-urbaines-renovation-energetique-et-chaleur-renouvelable\/#listItem","position":3,"name":"17.09.2024, Berlin, Conf\u00e9rence franco-allemande :   les potentiels d&#8217;efficacit\u00e9 \u00e9nerg\u00e9tique dans la ville \u2013 formes urbaines, r\u00e9novation \u00e9nerg\u00e9tique et chaleur renouvelable","previousItem":{"@type":"ListItem","@id":"https:\/\/science.rmtmo.eu\/en\/category\/news\/#listItem","name":"News"}}]},{"@type":"Organization","@id":"https:\/\/science.rmtmo.eu\/en\/#organization","name":"S\u00e4ule Wissenschaft","description":"Pilier Sciences","url":"https:\/\/science.rmtmo.eu\/en\/"},{"@type":"Person","@id":"https:\/\/science.rmtmo.eu\/en\/#author","url":"https:\/\/science.rmtmo.eu\/en\/","name":"Julia Schoppe","image":{"@type":"ImageObject","@id":"https:\/\/science.rmtmo.eu\/en\/news\/09-conference-franco-allemande-e-ee-ville-formes-urbaines-renovation-energetique-et-chaleur-renouvelable\/#authorImage","url":"https:\/\/secure.gravatar.com\/avatar\/a901258a7b8dcf03b30368978e66936d1876b26f972c0de45f958d78752a1f9e?s=96&d=mm&r=g","width":96,"height":96,"caption":"Julia Schoppe"}},{"@type":"WebPage","@id":"https:\/\/science.rmtmo.eu\/en\/news\/09-conference-franco-allemande-e-ee-ville-formes-urbaines-renovation-energetique-et-chaleur-renouvelable\/#webpage","url":"https:\/\/science.rmtmo.eu\/en\/news\/09-conference-franco-allemande-e-ee-ville-formes-urbaines-renovation-energetique-et-chaleur-renouvelable\/","name":"17.09.2024, Berlin, Conf\u00e9rence franco-allemande : les potentiels d\u2019efficacit\u00e9 \u00e9nerg\u00e9tique dans la ville \u2013 formes urbaines, r\u00e9novation \u00e9nerg\u00e9tique et chaleur renouvelable | S\u00e4ule Wissenschaft","description":"Densification urbaine, plans thermiques, r\u00e9novation des quartiers, etc. Les villes offrent des potentiels particuliers pour am\u00e9liorer l\u2019efficacit\u00e9 \u00e9nerg\u00e9tique et l'utilisation de la chaleur renouvelable. La conf\u00e9rence sera consacr\u00e9e aux strat\u00e9gies ainsi qu\u2019aux projets concrets dans le domaine de l\u2019urbanisme, de la r\u00e9novation \u00e9nerg\u00e9tique et de l\u2019approvisionnement en chaleur en France et en Allemagne, \u00e0 l\u2019\u00e9chelle","inLanguage":"en-US","isPartOf":{"@id":"https:\/\/science.rmtmo.eu\/en\/#website"},"breadcrumb":{"@id":"https:\/\/science.rmtmo.eu\/en\/news\/09-conference-franco-allemande-e-ee-ville-formes-urbaines-renovation-energetique-et-chaleur-renouvelable\/#breadcrumblist"},"author":{"@id":"https:\/\/science.rmtmo.eu\/en\/#author"},"creator":{"@id":"https:\/\/science.rmtmo.eu\/en\/#author"},"image":{"@type":"ImageObject","url":"https:\/\/science.rmtmo.eu\/wp-content\/uploads\/2021\/04\/plantule_\u00a9BillionPhotos.com-stock.adobe_.com_-scaled.jpg","@id":"https:\/\/science.rmtmo.eu\/en\/news\/09-conference-franco-allemande-e-ee-ville-formes-urbaines-renovation-energetique-et-chaleur-renouvelable\/#mainImage","width":2560,"height":1707,"caption":"Science."},"primaryImageOfPage":{"@id":"https:\/\/science.rmtmo.eu\/en\/news\/09-conference-franco-allemande-e-ee-ville-formes-urbaines-renovation-energetique-et-chaleur-renouvelable\/#mainImage"},"datePublished":"2024-07-05T09:54:21+02:00","dateModified":"2024-07-05T09:54:21+02:00"},{"@type":"WebSite","@id":"https:\/\/science.rmtmo.eu\/en\/#website","url":"https:\/\/science.rmtmo.eu\/en\/","name":"S\u00e4ule Wissenschaft","description":"Pilier Sciences","inLanguage":"en-US","publisher":{"@id":"https:\/\/science.rmtmo.eu\/en\/#organization"}}]},"og:locale":"en_US","og:site_name":"S\u00e4ule Wissenschaft | Pilier Sciences","og:type":"article","og:title":"17.09.2024, Berlin, Conf\u00e9rence franco-allemande : les potentiels d\u2019efficacit\u00e9 \u00e9nerg\u00e9tique dans la ville \u2013 formes urbaines, r\u00e9novation \u00e9nerg\u00e9tique et chaleur renouvelable | S\u00e4ule Wissenschaft","og:description":"Densification urbaine, plans thermiques, r\u00e9novation des quartiers, etc. Les villes offrent des potentiels particuliers pour am\u00e9liorer l\u2019efficacit\u00e9 \u00e9nerg\u00e9tique et l'utilisation de la chaleur renouvelable. La conf\u00e9rence sera consacr\u00e9e aux strat\u00e9gies ainsi qu\u2019aux projets concrets dans le domaine de l\u2019urbanisme, de la r\u00e9novation \u00e9nerg\u00e9tique et de l\u2019approvisionnement en chaleur en France et en Allemagne, \u00e0 l\u2019\u00e9chelle","og:url":"https:\/\/science.rmtmo.eu\/en\/news\/09-conference-franco-allemande-e-ee-ville-formes-urbaines-renovation-energetique-et-chaleur-renouvelable\/","article:published_time":"2024-07-05T07:54:21+00:00","article:modified_time":"2024-07-05T07:54:21+00:00","twitter:card":"summary","twitter:title":"17.09.2024, Berlin, Conf\u00e9rence franco-allemande : les potentiels d\u2019efficacit\u00e9 \u00e9nerg\u00e9tique dans la ville \u2013 formes urbaines, r\u00e9novation \u00e9nerg\u00e9tique et chaleur renouvelable | S\u00e4ule Wissenschaft","twitter:description":"Densification urbaine, plans thermiques, r\u00e9novation des quartiers, etc. Les villes offrent des potentiels particuliers pour am\u00e9liorer l\u2019efficacit\u00e9 \u00e9nerg\u00e9tique et l'utilisation de la chaleur renouvelable. La conf\u00e9rence sera consacr\u00e9e aux strat\u00e9gies ainsi qu\u2019aux projets concrets dans le domaine de l\u2019urbanisme, de la r\u00e9novation \u00e9nerg\u00e9tique et de l\u2019approvisionnement en chaleur en France et en Allemagne, \u00e0 l\u2019\u00e9chelle"},"aioseo_meta_data":{"post_id":"14341","title":null,"description":null,"keywords":null,"keyphrases":null,"primary_term":null,"canonical_url":null,"og_title":null,"og_description":null,"og_object_type":"default","og_image_type":"default","og_image_url":null,"og_image_width":null,"og_image_height":null,"og_image_custom_url":null,"og_image_custom_fields":null,"og_video":null,"og_custom_url":null,"og_article_section":null,"og_article_tags":null,"twitter_use_og":false,"twitter_card":"default","twitter_image_type":"default","twitter_image_url":null,"twitter_image_custom_url":null,"twitter_image_custom_fields":null,"twitter_title":null,"twitter_description":null,"schema":{"blockGraphs":[],"customGraphs":[],"default":{"data":{"Article":[],"Course":[],"Dataset":[],"FAQPage":[],"Movie":[],"Person":[],"Product":[],"ProductReview":[],"Car":[],"Recipe":[],"Service":[],"SoftwareApplication":[],"WebPage":[]},"graphName":"","isEnabled":true},"graphs":[]},"schema_type":"default","schema_type_options":null,"pillar_content":false,"robots_default":true,"robots_noindex":false,"robots_noarchive":false,"robots_nosnippet":false,"robots_nofollow":false,"robots_noimageindex":false,"robots_noodp":false,"robots_notranslate":false,"robots_max_snippet":null,"robots_max_videopreview":null,"robots_max_imagepreview":"large","priority":null,"frequency":null,"local_seo":null,"breadcrumb_settings":null,"limit_modified_date":false,"ai":null,"created":"2024-07-05 08:09:09","updated":"2025-07-09 01:35:11","focus_keyword":null,"additional_keywords":null,"truseo_locale":null,"seo_analyzer_scan_date":null},"aioseo_breadcrumb":"<div class=\"aioseo-breadcrumbs\"><span class=\"aioseo-breadcrumb\">\n\t\t\t<a href=\"https:\/\/science.rmtmo.eu\/en\/\" title=\"Home\">Home<\/a>\n\t\t<\/span><span class=\"aioseo-breadcrumb-separator\">&raquo;<\/span><span class=\"aioseo-breadcrumb\">\n\t\t\t<a href=\"https:\/\/science.rmtmo.eu\/en\/category\/news\/\" title=\"News\">News<\/a>\n\t\t<\/span><span class=\"aioseo-breadcrumb-separator\">&raquo;<\/span><span class=\"aioseo-breadcrumb\">\n\t\t\t17.09.2024, Berlin, Conf\u00e9rence franco-allemande :   les potentiels d\u2019efficacit\u00e9 \u00e9nerg\u00e9tique dans la ville \u2013 formes urbaines, r\u00e9novation \u00e9nerg\u00e9tique et chaleur renouvelable\n\t\t<\/span><\/div>","aioseo_breadcrumb_json":[{"label":"Home","link":"https:\/\/science.rmtmo.eu\/en\/"},{"label":"News","link":"https:\/\/science.rmtmo.eu\/en\/category\/news\/"},{"label":"17.09.2024, Berlin, Conf\u00e9rence franco-allemande :   les potentiels d&#8217;efficacit\u00e9 \u00e9nerg\u00e9tique dans la ville \u2013 formes urbaines, r\u00e9novation \u00e9nerg\u00e9tique et chaleur renouvelable","link":"https:\/\/science.rmtmo.eu\/en\/news\/09-conference-franco-allemande-e-ee-ville-formes-urbaines-renovation-energetique-et-chaleur-renouvelable\/"}],"_links":{"self":[{"href":"https:\/\/science.rmtmo.eu\/en\/wp-json\/wp\/v2\/posts\/14341","targetHints":{"allow":["GET"]}}],"collection":[{"href":"https:\/\/science.rmtmo.eu\/en\/wp-json\/wp\/v2\/posts"}],"about":[{"href":"https:\/\/science.rmtmo.eu\/en\/wp-json\/wp\/v2\/types\/post"}],"author":[{"embeddable":true,"href":"https:\/\/science.rmtmo.eu\/en\/wp-json\/wp\/v2\/users\/2"}],"replies":[{"embeddable":true,"href":"https:\/\/science.rmtmo.eu\/en\/wp-json\/wp\/v2\/comments?post=14341"}],"version-history":[{"count":0,"href":"https:\/\/science.rmtmo.eu\/en\/wp-json\/wp\/v2\/posts\/14341\/revisions"}],"wp:featuredmedia":[{"embeddable":true,"href":"https:\/\/science.rmtmo.eu\/en\/wp-json\/wp\/v2\/media\/10359"}],"wp:attachment":[{"href":"https:\/\/science.rmtmo.eu\/en\/wp-json\/wp\/v2\/media?parent=14341"}],"wp:term":[{"taxonomy":"category","embeddable":true,"href":"https:\/\/science.rmtmo.eu\/en\/wp-json\/wp\/v2\/categories?post=14341"},{"taxonomy":"post_tag","embeddable":true,"href":"https:\/\/science.rmtmo.eu\/en\/wp-json\/wp\/v2\/tags?post=14341"}],"curies":[{"name":"wp","href":"https:\/\/api.w.org\/{rel}","templated":true}]}}