{"id":14330,"date":"2024-07-05T09:43:30","date_gmt":"2024-07-05T07:43:30","guid":{"rendered":"https:\/\/science.rmtmo.eu\/news\/grand-est-la-region-devient-vallee-regionale-de-linnovation\/"},"modified":"2024-07-05T09:45:57","modified_gmt":"2024-07-05T07:45:57","slug":"grand-est-la-region-devient-vallee-regionale-de-linnovation","status":"publish","type":"post","link":"https:\/\/science.rmtmo.eu\/en\/news\/grand-est-la-region-devient-vallee-regionale-de-linnovation\/","title":{"rendered":"Grand Est: Die Region wird &#8220;Regionales Tal der Innovation&#8221;."},"content":{"rendered":"<p>Die Regionalen Innovationst\u00e4ler (RIVs), eine 2023 von der Kommission ins Leben gerufene Initiative, sollen die Koordinierung von Investitionen und Ma\u00dfnahmen im Bereich Forschung und Innovation verbessern und die Zusammenarbeit bei interregionalen Innovationsprojekten f\u00f6rdern. Damit sollen die vorrangigen Herausforderungen Europas angegangen werden: Verringerung der Abh\u00e4ngigkeit von fossilen Brennstoffen, Erh\u00f6hung der weltweiten Ern\u00e4hrungssicherheit, digitaler \u00dcbergang, Verbesserung der Gesundheit und Entwicklung der Kreislaufwirtschaft.<!--more--><\/p>\n<p>151 Regionen sind auf europ\u00e4ischer Ebene offiziell als regionales Innovationstal ausgewiesen. Die Region Grand Est engagiert sich f\u00fcr das Thema Bio\u00f6konomie, das Folgendes umfasst: Ern\u00e4hrungssicherheit, Erreichen der Kreislaufwirtschaft, Verbesserung der Gesundheitsf\u00fcrsorge und Reduzierung fossiler Brennstoffe.<\/p>\n<p>Es geht darum, die Regionen zur Teilnahme an europ\u00e4ischen Innovationsprojekten zu ermutigen. Zu diesem Zweck werden mehrere Projektausschreibungen im Rahmen der Komponente <a href=\"https:\/\/www.horizon-europe.gouv.fr\/appels\/ecosystemes-europeens-d-innovation\">Europ\u00e4ische Innovations\u00f6kosysteme (EIS)<\/a> des Programms Horizont Europa und des <a href=\"https:\/\/eismea.ec.europa.eu\/funding-opportunities\/calls-proposals\/interregional-innovation-investments-strand-1-i3-2024-inv1_en\">Instruments f\u00fcr interregionale innovative Investitionen (sog. I3)<\/a> des EFRE er\u00f6ffnet.<\/p>\n<p>Weitere Informationen (auf Franz\u00f6sisch): &nbsp;<a href=\"https:\/\/www.grandest.eu\/actualites\/region-vallee-regionale-innovation\/\">\/\/www.grandest.eu\/actualites\/region-vallee-regionale-innovation\/<\/a><\/p>\n","protected":false},"excerpt":{"rendered":"<p>Die Regionalen Innovationst\u00e4ler (RIVs), eine 2023 von der Kommission ins Leben gerufene Initiative, sollen die Koordinierung von Investitionen und Ma\u00dfnahmen im Bereich Forschung und Innovation verbessern und die Zusammenarbeit bei interregionalen Innovationsprojekten f\u00f6rdern. Damit sollen die vorrangigen Herausforderungen Europas angegangen werden: Verringerung der Abh\u00e4ngigkeit von fossilen Brennstoffen, Erh\u00f6hung der weltweiten Ern\u00e4hrungssicherheit, digitaler \u00dcbergang, Verbesserung der<\/p>\n","protected":false},"author":2,"featured_media":14327,"comment_status":"closed","ping_status":"closed","sticky":false,"template":"","format":"standard","meta":{"ngg_post_thumbnail":0,"footnotes":""},"categories":[8],"tags":[],"class_list":["post-14330","post","type-post","status-publish","format-standard","has-post-thumbnail","hentry","category-news"],"aioseo_notices":[],"aioseo_head":"\n\t\t<!-- All in One SEO 5.0.1 - aioseo.com -->\n\t<meta name=\"description\" content=\"Die Regionalen Innovationst\u00e4ler (RIVs), eine 2023 von der Kommission ins Leben gerufene Initiative, sollen die Koordinierung von Investitionen und Ma\u00dfnahmen im Bereich Forschung und Innovation verbessern und die Zusammenarbeit bei interregionalen Innovationsprojekten f\u00f6rdern. Damit sollen die vorrangigen Herausforderungen Europas angegangen werden: Verringerung der Abh\u00e4ngigkeit von fossilen Brennstoffen, Erh\u00f6hung der weltweiten Ern\u00e4hrungssicherheit, digitaler \u00dcbergang, Verbesserung der\" \/>\n\t<meta name=\"robots\" content=\"max-image-preview:large\" \/>\n\t<meta name=\"author\" content=\"Julia Schoppe\"\/>\n\t<link rel=\"canonical\" href=\"https:\/\/science.rmtmo.eu\/en\/news\/grand-est-la-region-devient-vallee-regionale-de-linnovation\/\" \/>\n\t<meta name=\"generator\" content=\"All in One SEO (AIOSEO) 5.0.1\" \/>\n\t\t<meta property=\"og:locale\" content=\"en_US\" \/>\n\t\t<meta property=\"og:site_name\" content=\"S\u00e4ule Wissenschaft | Pilier Sciences\" \/>\n\t\t<meta property=\"og:type\" content=\"article\" \/>\n\t\t<meta property=\"og:title\" content=\"Grand Est: Die Region wird \u201cRegionales Tal der Innovation\u201d. | S\u00e4ule Wissenschaft\" \/>\n\t\t<meta property=\"og:description\" content=\"Die Regionalen Innovationst\u00e4ler (RIVs), eine 2023 von der Kommission ins Leben gerufene Initiative, sollen die Koordinierung von Investitionen und Ma\u00dfnahmen im Bereich Forschung und Innovation verbessern und die Zusammenarbeit bei interregionalen Innovationsprojekten f\u00f6rdern. Damit sollen die vorrangigen Herausforderungen Europas angegangen werden: Verringerung der Abh\u00e4ngigkeit von fossilen Brennstoffen, Erh\u00f6hung der weltweiten Ern\u00e4hrungssicherheit, digitaler \u00dcbergang, Verbesserung der\" \/>\n\t\t<meta property=\"og:url\" content=\"https:\/\/science.rmtmo.eu\/en\/news\/grand-est-la-region-devient-vallee-regionale-de-linnovation\/\" \/>\n\t\t<meta property=\"article:published_time\" content=\"2024-07-05T07:43:30+00:00\" \/>\n\t\t<meta property=\"article:modified_time\" content=\"2024-07-05T07:45:57+00:00\" \/>\n\t\t<meta name=\"twitter:card\" content=\"summary\" \/>\n\t\t<meta name=\"twitter:title\" content=\"Grand Est: Die Region wird \u201cRegionales Tal der Innovation\u201d. | S\u00e4ule Wissenschaft\" \/>\n\t\t<meta name=\"twitter:description\" content=\"Die Regionalen Innovationst\u00e4ler (RIVs), eine 2023 von der Kommission ins Leben gerufene Initiative, sollen die Koordinierung von Investitionen und Ma\u00dfnahmen im Bereich Forschung und Innovation verbessern und die Zusammenarbeit bei interregionalen Innovationsprojekten f\u00f6rdern. Damit sollen die vorrangigen Herausforderungen Europas angegangen werden: Verringerung der Abh\u00e4ngigkeit von fossilen Brennstoffen, Erh\u00f6hung der weltweiten Ern\u00e4hrungssicherheit, digitaler \u00dcbergang, Verbesserung der\" \/>\n\t\t<script type=\"application\/ld+json\" class=\"aioseo-schema\">\n\t\t\t{\"@context\":\"https:\\\/\\\/schema.org\",\"@graph\":[{\"@type\":\"Article\",\"@id\":\"https:\\\/\\\/science.rmtmo.eu\\\/en\\\/news\\\/grand-est-la-region-devient-vallee-regionale-de-linnovation\\\/#article\",\"name\":\"Grand Est: Die Region wird \\u201cRegionales Tal der Innovation\\u201d. | S\\u00e4ule Wissenschaft\",\"headline\":\"Grand Est: Die Region wird &#8220;Regionales Tal der Innovation&#8221;.\",\"author\":{\"@id\":\"https:\\\/\\\/science.rmtmo.eu\\\/en\\\/#author\"},\"publisher\":{\"@id\":\"https:\\\/\\\/science.rmtmo.eu\\\/en\\\/#organization\"},\"image\":{\"@type\":\"ImageObject\",\"url\":\"https:\\\/\\\/science.rmtmo.eu\\\/wp-content\\\/uploads\\\/2024\\\/07\\\/Innovation_Valleys.png\",\"width\":773,\"height\":799},\"datePublished\":\"2024-07-05T09:43:30+02:00\",\"dateModified\":\"2024-07-05T09:45:57+02:00\",\"inLanguage\":\"en-US\",\"mainEntityOfPage\":{\"@id\":\"https:\\\/\\\/science.rmtmo.eu\\\/en\\\/news\\\/grand-est-la-region-devient-vallee-regionale-de-linnovation\\\/#webpage\"},\"isPartOf\":{\"@id\":\"https:\\\/\\\/science.rmtmo.eu\\\/en\\\/news\\\/grand-est-la-region-devient-vallee-regionale-de-linnovation\\\/#webpage\"},\"articleSection\":\"News, Optional\"},{\"@type\":\"BreadcrumbList\",\"@id\":\"https:\\\/\\\/science.rmtmo.eu\\\/en\\\/news\\\/grand-est-la-region-devient-vallee-regionale-de-linnovation\\\/#breadcrumblist\",\"itemListElement\":[{\"@type\":\"ListItem\",\"@id\":\"https:\\\/\\\/science.rmtmo.eu\\\/en\\\/#listItem\",\"position\":1,\"name\":\"Home\",\"item\":\"https:\\\/\\\/science.rmtmo.eu\\\/en\\\/\",\"nextItem\":{\"@type\":\"ListItem\",\"@id\":\"https:\\\/\\\/science.rmtmo.eu\\\/en\\\/category\\\/news\\\/#listItem\",\"name\":\"News\"}},{\"@type\":\"ListItem\",\"@id\":\"https:\\\/\\\/science.rmtmo.eu\\\/en\\\/category\\\/news\\\/#listItem\",\"position\":2,\"name\":\"News\",\"item\":\"https:\\\/\\\/science.rmtmo.eu\\\/en\\\/category\\\/news\\\/\",\"nextItem\":{\"@type\":\"ListItem\",\"@id\":\"https:\\\/\\\/science.rmtmo.eu\\\/en\\\/news\\\/grand-est-la-region-devient-vallee-regionale-de-linnovation\\\/#listItem\",\"name\":\"Grand Est: Die Region wird &#8220;Regionales Tal der Innovation&#8221;.\"},\"previousItem\":{\"@type\":\"ListItem\",\"@id\":\"https:\\\/\\\/science.rmtmo.eu\\\/en\\\/#listItem\",\"name\":\"Home\"}},{\"@type\":\"ListItem\",\"@id\":\"https:\\\/\\\/science.rmtmo.eu\\\/en\\\/news\\\/grand-est-la-region-devient-vallee-regionale-de-linnovation\\\/#listItem\",\"position\":3,\"name\":\"Grand Est: Die Region wird &#8220;Regionales Tal der Innovation&#8221;.\",\"previousItem\":{\"@type\":\"ListItem\",\"@id\":\"https:\\\/\\\/science.rmtmo.eu\\\/en\\\/category\\\/news\\\/#listItem\",\"name\":\"News\"}}]},{\"@type\":\"Organization\",\"@id\":\"https:\\\/\\\/science.rmtmo.eu\\\/en\\\/#organization\",\"name\":\"S\\u00e4ule Wissenschaft\",\"description\":\"Pilier Sciences\",\"url\":\"https:\\\/\\\/science.rmtmo.eu\\\/en\\\/\"},{\"@type\":\"Person\",\"@id\":\"https:\\\/\\\/science.rmtmo.eu\\\/en\\\/#author\",\"url\":\"https:\\\/\\\/science.rmtmo.eu\\\/en\\\/\",\"name\":\"Julia Schoppe\",\"image\":{\"@type\":\"ImageObject\",\"@id\":\"https:\\\/\\\/science.rmtmo.eu\\\/en\\\/news\\\/grand-est-la-region-devient-vallee-regionale-de-linnovation\\\/#authorImage\",\"url\":\"https:\\\/\\\/secure.gravatar.com\\\/avatar\\\/a901258a7b8dcf03b30368978e66936d1876b26f972c0de45f958d78752a1f9e?s=96&d=mm&r=g\",\"width\":96,\"height\":96,\"caption\":\"Julia Schoppe\"}},{\"@type\":\"WebPage\",\"@id\":\"https:\\\/\\\/science.rmtmo.eu\\\/en\\\/news\\\/grand-est-la-region-devient-vallee-regionale-de-linnovation\\\/#webpage\",\"url\":\"https:\\\/\\\/science.rmtmo.eu\\\/en\\\/news\\\/grand-est-la-region-devient-vallee-regionale-de-linnovation\\\/\",\"name\":\"Grand Est: Die Region wird \\u201cRegionales Tal der Innovation\\u201d. | S\\u00e4ule Wissenschaft\",\"description\":\"Die Regionalen Innovationst\\u00e4ler (RIVs), eine 2023 von der Kommission ins Leben gerufene Initiative, sollen die Koordinierung von Investitionen und Ma\\u00dfnahmen im Bereich Forschung und Innovation verbessern und die Zusammenarbeit bei interregionalen Innovationsprojekten f\\u00f6rdern. Damit sollen die vorrangigen Herausforderungen Europas angegangen werden: Verringerung der Abh\\u00e4ngigkeit von fossilen Brennstoffen, Erh\\u00f6hung der weltweiten Ern\\u00e4hrungssicherheit, digitaler \\u00dcbergang, Verbesserung der\",\"inLanguage\":\"en-US\",\"isPartOf\":{\"@id\":\"https:\\\/\\\/science.rmtmo.eu\\\/en\\\/#website\"},\"breadcrumb\":{\"@id\":\"https:\\\/\\\/science.rmtmo.eu\\\/en\\\/news\\\/grand-est-la-region-devient-vallee-regionale-de-linnovation\\\/#breadcrumblist\"},\"author\":{\"@id\":\"https:\\\/\\\/science.rmtmo.eu\\\/en\\\/#author\"},\"creator\":{\"@id\":\"https:\\\/\\\/science.rmtmo.eu\\\/en\\\/#author\"},\"image\":{\"@type\":\"ImageObject\",\"url\":\"https:\\\/\\\/science.rmtmo.eu\\\/wp-content\\\/uploads\\\/2024\\\/07\\\/Innovation_Valleys.png\",\"@id\":\"https:\\\/\\\/science.rmtmo.eu\\\/en\\\/news\\\/grand-est-la-region-devient-vallee-regionale-de-linnovation\\\/#mainImage\",\"width\":773,\"height\":799},\"primaryImageOfPage\":{\"@id\":\"https:\\\/\\\/science.rmtmo.eu\\\/en\\\/news\\\/grand-est-la-region-devient-vallee-regionale-de-linnovation\\\/#mainImage\"},\"datePublished\":\"2024-07-05T09:43:30+02:00\",\"dateModified\":\"2024-07-05T09:45:57+02:00\"},{\"@type\":\"WebSite\",\"@id\":\"https:\\\/\\\/science.rmtmo.eu\\\/en\\\/#website\",\"url\":\"https:\\\/\\\/science.rmtmo.eu\\\/en\\\/\",\"name\":\"S\\u00e4ule Wissenschaft\",\"description\":\"Pilier Sciences\",\"inLanguage\":\"en-US\",\"publisher\":{\"@id\":\"https:\\\/\\\/science.rmtmo.eu\\\/en\\\/#organization\"}}]}\n\t\t<\/script>\n\t\t<!-- All in One SEO -->\n\n","aioseo_head_json":{"title":"Grand Est: Die Region wird \u201cRegionales Tal der Innovation\u201d. | S\u00e4ule Wissenschaft","description":"Die Regionalen Innovationst\u00e4ler (RIVs), eine 2023 von der Kommission ins Leben gerufene Initiative, sollen die Koordinierung von Investitionen und Ma\u00dfnahmen im Bereich Forschung und Innovation verbessern und die Zusammenarbeit bei interregionalen Innovationsprojekten f\u00f6rdern. Damit sollen die vorrangigen Herausforderungen Europas angegangen werden: Verringerung der Abh\u00e4ngigkeit von fossilen Brennstoffen, Erh\u00f6hung der weltweiten Ern\u00e4hrungssicherheit, digitaler \u00dcbergang, Verbesserung der","canonical_url":"https:\/\/science.rmtmo.eu\/en\/news\/grand-est-la-region-devient-vallee-regionale-de-linnovation\/","robots":"max-image-preview:large","keywords":"","webmasterTools":{"miscellaneous":""},"schema":{"@context":"https:\/\/schema.org","@graph":[{"@type":"Article","@id":"https:\/\/science.rmtmo.eu\/en\/news\/grand-est-la-region-devient-vallee-regionale-de-linnovation\/#article","name":"Grand Est: Die Region wird \u201cRegionales Tal der Innovation\u201d. | S\u00e4ule Wissenschaft","headline":"Grand Est: Die Region wird &#8220;Regionales Tal der Innovation&#8221;.","author":{"@id":"https:\/\/science.rmtmo.eu\/en\/#author"},"publisher":{"@id":"https:\/\/science.rmtmo.eu\/en\/#organization"},"image":{"@type":"ImageObject","url":"https:\/\/science.rmtmo.eu\/wp-content\/uploads\/2024\/07\/Innovation_Valleys.png","width":773,"height":799},"datePublished":"2024-07-05T09:43:30+02:00","dateModified":"2024-07-05T09:45:57+02:00","inLanguage":"en-US","mainEntityOfPage":{"@id":"https:\/\/science.rmtmo.eu\/en\/news\/grand-est-la-region-devient-vallee-regionale-de-linnovation\/#webpage"},"isPartOf":{"@id":"https:\/\/science.rmtmo.eu\/en\/news\/grand-est-la-region-devient-vallee-regionale-de-linnovation\/#webpage"},"articleSection":"News, Optional"},{"@type":"BreadcrumbList","@id":"https:\/\/science.rmtmo.eu\/en\/news\/grand-est-la-region-devient-vallee-regionale-de-linnovation\/#breadcrumblist","itemListElement":[{"@type":"ListItem","@id":"https:\/\/science.rmtmo.eu\/en\/#listItem","position":1,"name":"Home","item":"https:\/\/science.rmtmo.eu\/en\/","nextItem":{"@type":"ListItem","@id":"https:\/\/science.rmtmo.eu\/en\/category\/news\/#listItem","name":"News"}},{"@type":"ListItem","@id":"https:\/\/science.rmtmo.eu\/en\/category\/news\/#listItem","position":2,"name":"News","item":"https:\/\/science.rmtmo.eu\/en\/category\/news\/","nextItem":{"@type":"ListItem","@id":"https:\/\/science.rmtmo.eu\/en\/news\/grand-est-la-region-devient-vallee-regionale-de-linnovation\/#listItem","name":"Grand Est: Die Region wird &#8220;Regionales Tal der Innovation&#8221;."},"previousItem":{"@type":"ListItem","@id":"https:\/\/science.rmtmo.eu\/en\/#listItem","name":"Home"}},{"@type":"ListItem","@id":"https:\/\/science.rmtmo.eu\/en\/news\/grand-est-la-region-devient-vallee-regionale-de-linnovation\/#listItem","position":3,"name":"Grand Est: Die Region wird &#8220;Regionales Tal der Innovation&#8221;.","previousItem":{"@type":"ListItem","@id":"https:\/\/science.rmtmo.eu\/en\/category\/news\/#listItem","name":"News"}}]},{"@type":"Organization","@id":"https:\/\/science.rmtmo.eu\/en\/#organization","name":"S\u00e4ule Wissenschaft","description":"Pilier Sciences","url":"https:\/\/science.rmtmo.eu\/en\/"},{"@type":"Person","@id":"https:\/\/science.rmtmo.eu\/en\/#author","url":"https:\/\/science.rmtmo.eu\/en\/","name":"Julia Schoppe","image":{"@type":"ImageObject","@id":"https:\/\/science.rmtmo.eu\/en\/news\/grand-est-la-region-devient-vallee-regionale-de-linnovation\/#authorImage","url":"https:\/\/secure.gravatar.com\/avatar\/a901258a7b8dcf03b30368978e66936d1876b26f972c0de45f958d78752a1f9e?s=96&d=mm&r=g","width":96,"height":96,"caption":"Julia Schoppe"}},{"@type":"WebPage","@id":"https:\/\/science.rmtmo.eu\/en\/news\/grand-est-la-region-devient-vallee-regionale-de-linnovation\/#webpage","url":"https:\/\/science.rmtmo.eu\/en\/news\/grand-est-la-region-devient-vallee-regionale-de-linnovation\/","name":"Grand Est: Die Region wird \u201cRegionales Tal der Innovation\u201d. | S\u00e4ule Wissenschaft","description":"Die Regionalen Innovationst\u00e4ler (RIVs), eine 2023 von der Kommission ins Leben gerufene Initiative, sollen die Koordinierung von Investitionen und Ma\u00dfnahmen im Bereich Forschung und Innovation verbessern und die Zusammenarbeit bei interregionalen Innovationsprojekten f\u00f6rdern. Damit sollen die vorrangigen Herausforderungen Europas angegangen werden: Verringerung der Abh\u00e4ngigkeit von fossilen Brennstoffen, Erh\u00f6hung der weltweiten Ern\u00e4hrungssicherheit, digitaler \u00dcbergang, Verbesserung der","inLanguage":"en-US","isPartOf":{"@id":"https:\/\/science.rmtmo.eu\/en\/#website"},"breadcrumb":{"@id":"https:\/\/science.rmtmo.eu\/en\/news\/grand-est-la-region-devient-vallee-regionale-de-linnovation\/#breadcrumblist"},"author":{"@id":"https:\/\/science.rmtmo.eu\/en\/#author"},"creator":{"@id":"https:\/\/science.rmtmo.eu\/en\/#author"},"image":{"@type":"ImageObject","url":"https:\/\/science.rmtmo.eu\/wp-content\/uploads\/2024\/07\/Innovation_Valleys.png","@id":"https:\/\/science.rmtmo.eu\/en\/news\/grand-est-la-region-devient-vallee-regionale-de-linnovation\/#mainImage","width":773,"height":799},"primaryImageOfPage":{"@id":"https:\/\/science.rmtmo.eu\/en\/news\/grand-est-la-region-devient-vallee-regionale-de-linnovation\/#mainImage"},"datePublished":"2024-07-05T09:43:30+02:00","dateModified":"2024-07-05T09:45:57+02:00"},{"@type":"WebSite","@id":"https:\/\/science.rmtmo.eu\/en\/#website","url":"https:\/\/science.rmtmo.eu\/en\/","name":"S\u00e4ule Wissenschaft","description":"Pilier Sciences","inLanguage":"en-US","publisher":{"@id":"https:\/\/science.rmtmo.eu\/en\/#organization"}}]},"og:locale":"en_US","og:site_name":"S\u00e4ule Wissenschaft | Pilier Sciences","og:type":"article","og:title":"Grand Est: Die Region wird \u201cRegionales Tal der Innovation\u201d. | S\u00e4ule Wissenschaft","og:description":"Die Regionalen Innovationst\u00e4ler (RIVs), eine 2023 von der Kommission ins Leben gerufene Initiative, sollen die Koordinierung von Investitionen und Ma\u00dfnahmen im Bereich Forschung und Innovation verbessern und die Zusammenarbeit bei interregionalen Innovationsprojekten f\u00f6rdern. Damit sollen die vorrangigen Herausforderungen Europas angegangen werden: Verringerung der Abh\u00e4ngigkeit von fossilen Brennstoffen, Erh\u00f6hung der weltweiten Ern\u00e4hrungssicherheit, digitaler \u00dcbergang, Verbesserung der","og:url":"https:\/\/science.rmtmo.eu\/en\/news\/grand-est-la-region-devient-vallee-regionale-de-linnovation\/","article:published_time":"2024-07-05T07:43:30+00:00","article:modified_time":"2024-07-05T07:45:57+00:00","twitter:card":"summary","twitter:title":"Grand Est: Die Region wird \u201cRegionales Tal der Innovation\u201d. | S\u00e4ule Wissenschaft","twitter:description":"Die Regionalen Innovationst\u00e4ler (RIVs), eine 2023 von der Kommission ins Leben gerufene Initiative, sollen die Koordinierung von Investitionen und Ma\u00dfnahmen im Bereich Forschung und Innovation verbessern und die Zusammenarbeit bei interregionalen Innovationsprojekten f\u00f6rdern. Damit sollen die vorrangigen Herausforderungen Europas angegangen werden: Verringerung der Abh\u00e4ngigkeit von fossilen Brennstoffen, Erh\u00f6hung der weltweiten Ern\u00e4hrungssicherheit, digitaler \u00dcbergang, Verbesserung der"},"aioseo_meta_data":{"post_id":"14330","title":null,"description":null,"keywords":null,"keyphrases":{"focus":{"keyphrase":"","score":0,"analysis":{"keyphraseInTitle":{"score":0,"maxScore":9,"error":1}}},"additional":[]},"primary_term":null,"canonical_url":null,"og_title":null,"og_description":null,"og_object_type":"default","og_image_type":"default","og_image_url":null,"og_image_width":null,"og_image_height":null,"og_image_custom_url":null,"og_image_custom_fields":null,"og_video":"","og_custom_url":null,"og_article_section":null,"og_article_tags":null,"twitter_use_og":false,"twitter_card":"default","twitter_image_type":"default","twitter_image_url":null,"twitter_image_custom_url":null,"twitter_image_custom_fields":null,"twitter_title":null,"twitter_description":null,"schema":{"blockGraphs":[],"customGraphs":[],"default":{"data":{"Article":[],"Course":[],"Dataset":[],"FAQPage":[],"Movie":[],"Person":[],"Product":[],"ProductReview":[],"Car":[],"Recipe":[],"Service":[],"SoftwareApplication":[],"WebPage":[]},"graphName":"Article","isEnabled":true},"graphs":[]},"schema_type":"default","schema_type_options":null,"pillar_content":false,"robots_default":true,"robots_noindex":false,"robots_noarchive":false,"robots_nosnippet":false,"robots_nofollow":false,"robots_noimageindex":false,"robots_noodp":false,"robots_notranslate":false,"robots_max_snippet":"-1","robots_max_videopreview":"-1","robots_max_imagepreview":"large","priority":null,"frequency":"default","local_seo":null,"breadcrumb_settings":null,"limit_modified_date":false,"ai":null,"created":"2024-07-05 07:45:57","updated":"2025-07-09 01:33:48","focus_keyword":null,"additional_keywords":null,"truseo_locale":null,"seo_analyzer_scan_date":null},"aioseo_breadcrumb":"<div class=\"aioseo-breadcrumbs\"><span class=\"aioseo-breadcrumb\">\n\t\t\t<a href=\"https:\/\/science.rmtmo.eu\/en\/\" title=\"Home\">Home<\/a>\n\t\t<\/span><span class=\"aioseo-breadcrumb-separator\">&raquo;<\/span><span class=\"aioseo-breadcrumb\">\n\t\t\t<a href=\"https:\/\/science.rmtmo.eu\/en\/category\/news\/\" title=\"News\">News<\/a>\n\t\t<\/span><span class=\"aioseo-breadcrumb-separator\">&raquo;<\/span><span class=\"aioseo-breadcrumb\">\n\t\t\tGrand Est: Die Region wird \u201cRegionales Tal der Innovation\u201d.\n\t\t<\/span><\/div>","aioseo_breadcrumb_json":[{"label":"Home","link":"https:\/\/science.rmtmo.eu\/en\/"},{"label":"News","link":"https:\/\/science.rmtmo.eu\/en\/category\/news\/"},{"label":"Grand Est: Die Region wird &#8220;Regionales Tal der Innovation&#8221;.","link":"https:\/\/science.rmtmo.eu\/en\/news\/grand-est-la-region-devient-vallee-regionale-de-linnovation\/"}],"_links":{"self":[{"href":"https:\/\/science.rmtmo.eu\/en\/wp-json\/wp\/v2\/posts\/14330","targetHints":{"allow":["GET"]}}],"collection":[{"href":"https:\/\/science.rmtmo.eu\/en\/wp-json\/wp\/v2\/posts"}],"about":[{"href":"https:\/\/science.rmtmo.eu\/en\/wp-json\/wp\/v2\/types\/post"}],"author":[{"embeddable":true,"href":"https:\/\/science.rmtmo.eu\/en\/wp-json\/wp\/v2\/users\/2"}],"replies":[{"embeddable":true,"href":"https:\/\/science.rmtmo.eu\/en\/wp-json\/wp\/v2\/comments?post=14330"}],"version-history":[{"count":1,"href":"https:\/\/science.rmtmo.eu\/en\/wp-json\/wp\/v2\/posts\/14330\/revisions"}],"predecessor-version":[{"id":14334,"href":"https:\/\/science.rmtmo.eu\/en\/wp-json\/wp\/v2\/posts\/14330\/revisions\/14334"}],"wp:featuredmedia":[{"embeddable":true,"href":"https:\/\/science.rmtmo.eu\/en\/wp-json\/wp\/v2\/media\/14327"}],"wp:attachment":[{"href":"https:\/\/science.rmtmo.eu\/en\/wp-json\/wp\/v2\/media?parent=14330"}],"wp:term":[{"taxonomy":"category","embeddable":true,"href":"https:\/\/science.rmtmo.eu\/en\/wp-json\/wp\/v2\/categories?post=14330"},{"taxonomy":"post_tag","embeddable":true,"href":"https:\/\/science.rmtmo.eu\/en\/wp-json\/wp\/v2\/tags?post=14330"}],"curies":[{"name":"wp","href":"https:\/\/api.w.org\/{rel}","templated":true}]}}