{"id":13024,"date":"2023-01-31T13:52:17","date_gmt":"2023-01-31T12:52:17","guid":{"rendered":"https:\/\/science.rmtmo.eu\/news\/25-28-04-2023-eu-knowledge-valorisation-week-2023\/"},"modified":"2023-01-31T13:52:17","modified_gmt":"2023-01-31T12:52:17","slug":"25-28-04-2023-eu-knowledge-valorisation-week-2023","status":"publish","type":"post","link":"https:\/\/science.rmtmo.eu\/en\/news\/25-28-04-2023-eu-knowledge-valorisation-week-2023\/","title":{"rendered":"25-28.04.2023 EU Knowledge Valorisation Week 2023"},"content":{"rendered":"<p>La semaine europ\u00e9enne de la valorisation des connaissances rassemble les acteurs de la recherche et de l&#8217;innovation pour qu&#8217;ils \u00e9changent leurs exp\u00e9riences, qu&#8217;ils soient issus du monde universitaire, des entreprises, de la politique ou de la soci\u00e9t\u00e9. Cet \u00e9v\u00e9nement en ligne est une occasion unique d&#8217;\u00e9tudier et de tirer des enseignements d&#8217;excellents exemples \u00e0 travers l&#8217;Europe, de discuter des tendances et des d\u00e9fis actuels et de mettre en lumi\u00e8re les opportunit\u00e9s avec un large \u00e9ventail de parties prenantes.<!--more--><\/p>\n<p>L&#8217;\u00e9dition 2023, qui se tiendra du 25 au 28 avril, accordera une attention particuli\u00e8re \u00e0 la valorisation des connaissances pour la durabilit\u00e9, \u00e0 la gestion de la propri\u00e9t\u00e9 intellectuelle et \u00e0 la coop\u00e9ration entre l&#8217;industrie et le monde universitaire. Dans le cadre de l&#8217;Ann\u00e9e europ\u00e9enne des comp\u00e9tences, elle offrira une formation pratique aux chercheurs et aux jeunes innovateurs pour d\u00e9velopper leurs comp\u00e9tences en mati\u00e8re de gestion de la propri\u00e9t\u00e9 intellectuelle.<\/p>\n<p>La Semaine fera conna\u00eetre les tout nouveaux principes directeurs pour la valorisation des connaissances et les prochains codes de pratique sur la gestion des actifs intellectuels et sur la normalisation pour les chercheurs. En stimulant la r\u00e9forme et en alimentant une culture de l&#8217;assimilation des connaissances, de l&#8217;innovation et de l&#8217;esprit d&#8217;entreprise, elle soutiendra le d\u00e9ploiement et la mise en \u0153uvre de ces orientations europ\u00e9ennes. Elle contribue ainsi \u00e0 l&#8217;Espace europ\u00e9en de la recherche ainsi qu&#8217;au nouvel agenda europ\u00e9en de l&#8217;innovation.<\/p>\n<p>Plus d&#8217;informations sur le <a href=\"https:\/\/research-and-innovation.ec.europa.eu\/events\/upcoming-events\/eu-knowledge-valorisation-week-2023-2023-04-25_en\" target=\"_blank\" rel=\"noopener\">site de l&#8217;\u00e9v\u00e9nement<\/a> &nbsp;<\/p>\n","protected":false},"excerpt":{"rendered":"<p>La semaine europ\u00e9enne de la valorisation des connaissances rassemble les acteurs de la recherche et de l&#8217;innovation pour qu&#8217;ils \u00e9changent leurs exp\u00e9riences, qu&#8217;ils soient issus du monde universitaire, des entreprises, de la politique ou de la soci\u00e9t\u00e9. Cet \u00e9v\u00e9nement en ligne est une occasion unique d&#8217;\u00e9tudier et de tirer des enseignements d&#8217;excellents exemples \u00e0 travers<\/p>\n","protected":false},"author":2,"featured_media":13019,"comment_status":"closed","ping_status":"closed","sticky":false,"template":"","format":"standard","meta":{"ngg_post_thumbnail":0,"footnotes":""},"categories":[8],"tags":[],"class_list":["post-13024","post","type-post","status-publish","format-standard","has-post-thumbnail","hentry","category-news"],"aioseo_notices":[],"aioseo_head":"\n\t\t<!-- All in One SEO 5.0.1 - aioseo.com -->\n\t<meta name=\"description\" content=\"La semaine europ\u00e9enne de la valorisation des connaissances rassemble les acteurs de la recherche et de l&#039;innovation pour qu&#039;ils \u00e9changent leurs exp\u00e9riences, qu&#039;ils soient issus du monde universitaire, des entreprises, de la politique ou de la soci\u00e9t\u00e9. Cet \u00e9v\u00e9nement en ligne est une occasion unique d&#039;\u00e9tudier et de tirer des enseignements d&#039;excellents exemples \u00e0 travers\" \/>\n\t<meta name=\"robots\" content=\"max-image-preview:large\" \/>\n\t<meta name=\"author\" content=\"Julia Schoppe\"\/>\n\t<link rel=\"canonical\" href=\"https:\/\/science.rmtmo.eu\/en\/news\/25-28-04-2023-eu-knowledge-valorisation-week-2023\/\" \/>\n\t<meta name=\"generator\" content=\"All in One SEO (AIOSEO) 5.0.1\" \/>\n\t\t<meta property=\"og:locale\" content=\"en_US\" \/>\n\t\t<meta property=\"og:site_name\" content=\"S\u00e4ule Wissenschaft | Pilier Sciences\" \/>\n\t\t<meta property=\"og:type\" content=\"article\" \/>\n\t\t<meta property=\"og:title\" content=\"25-28.04.2023 EU Knowledge Valorisation Week 2023 | S\u00e4ule Wissenschaft\" \/>\n\t\t<meta property=\"og:description\" content=\"La semaine europ\u00e9enne de la valorisation des connaissances rassemble les acteurs de la recherche et de l&#039;innovation pour qu&#039;ils \u00e9changent leurs exp\u00e9riences, qu&#039;ils soient issus du monde universitaire, des entreprises, de la politique ou de la soci\u00e9t\u00e9. Cet \u00e9v\u00e9nement en ligne est une occasion unique d&#039;\u00e9tudier et de tirer des enseignements d&#039;excellents exemples \u00e0 travers\" \/>\n\t\t<meta property=\"og:url\" content=\"https:\/\/science.rmtmo.eu\/en\/news\/25-28-04-2023-eu-knowledge-valorisation-week-2023\/\" \/>\n\t\t<meta property=\"article:published_time\" content=\"2023-01-31T12:52:17+00:00\" \/>\n\t\t<meta property=\"article:modified_time\" content=\"2023-01-31T12:52:17+00:00\" \/>\n\t\t<meta name=\"twitter:card\" content=\"summary\" \/>\n\t\t<meta name=\"twitter:title\" content=\"25-28.04.2023 EU Knowledge Valorisation Week 2023 | S\u00e4ule Wissenschaft\" \/>\n\t\t<meta name=\"twitter:description\" content=\"La semaine europ\u00e9enne de la valorisation des connaissances rassemble les acteurs de la recherche et de l&#039;innovation pour qu&#039;ils \u00e9changent leurs exp\u00e9riences, qu&#039;ils soient issus du monde universitaire, des entreprises, de la politique ou de la soci\u00e9t\u00e9. Cet \u00e9v\u00e9nement en ligne est une occasion unique d&#039;\u00e9tudier et de tirer des enseignements d&#039;excellents exemples \u00e0 travers\" \/>\n\t\t<script type=\"application\/ld+json\" class=\"aioseo-schema\">\n\t\t\t{\"@context\":\"https:\\\/\\\/schema.org\",\"@graph\":[{\"@type\":\"Article\",\"@id\":\"https:\\\/\\\/science.rmtmo.eu\\\/en\\\/news\\\/25-28-04-2023-eu-knowledge-valorisation-week-2023\\\/#article\",\"name\":\"25-28.04.2023 EU Knowledge Valorisation Week 2023 | S\\u00e4ule Wissenschaft\",\"headline\":\"25-28.04.2023 EU Knowledge Valorisation Week 2023\",\"author\":{\"@id\":\"https:\\\/\\\/science.rmtmo.eu\\\/en\\\/#author\"},\"publisher\":{\"@id\":\"https:\\\/\\\/science.rmtmo.eu\\\/en\\\/#organization\"},\"image\":{\"@type\":\"ImageObject\",\"url\":\"https:\\\/\\\/science.rmtmo.eu\\\/wp-content\\\/uploads\\\/2023\\\/01\\\/valorisation.png\",\"width\":677,\"height\":474},\"datePublished\":\"2023-01-31T13:52:17+01:00\",\"dateModified\":\"2023-01-31T13:52:17+01:00\",\"inLanguage\":\"en-US\",\"mainEntityOfPage\":{\"@id\":\"https:\\\/\\\/science.rmtmo.eu\\\/en\\\/news\\\/25-28-04-2023-eu-knowledge-valorisation-week-2023\\\/#webpage\"},\"isPartOf\":{\"@id\":\"https:\\\/\\\/science.rmtmo.eu\\\/en\\\/news\\\/25-28-04-2023-eu-knowledge-valorisation-week-2023\\\/#webpage\"},\"articleSection\":\"News\"},{\"@type\":\"BreadcrumbList\",\"@id\":\"https:\\\/\\\/science.rmtmo.eu\\\/en\\\/news\\\/25-28-04-2023-eu-knowledge-valorisation-week-2023\\\/#breadcrumblist\",\"itemListElement\":[{\"@type\":\"ListItem\",\"@id\":\"https:\\\/\\\/science.rmtmo.eu\\\/en\\\/#listItem\",\"position\":1,\"name\":\"Home\",\"item\":\"https:\\\/\\\/science.rmtmo.eu\\\/en\\\/\",\"nextItem\":{\"@type\":\"ListItem\",\"@id\":\"https:\\\/\\\/science.rmtmo.eu\\\/en\\\/category\\\/news\\\/#listItem\",\"name\":\"News\"}},{\"@type\":\"ListItem\",\"@id\":\"https:\\\/\\\/science.rmtmo.eu\\\/en\\\/category\\\/news\\\/#listItem\",\"position\":2,\"name\":\"News\",\"item\":\"https:\\\/\\\/science.rmtmo.eu\\\/en\\\/category\\\/news\\\/\",\"nextItem\":{\"@type\":\"ListItem\",\"@id\":\"https:\\\/\\\/science.rmtmo.eu\\\/en\\\/news\\\/25-28-04-2023-eu-knowledge-valorisation-week-2023\\\/#listItem\",\"name\":\"25-28.04.2023 EU Knowledge Valorisation Week 2023\"},\"previousItem\":{\"@type\":\"ListItem\",\"@id\":\"https:\\\/\\\/science.rmtmo.eu\\\/en\\\/#listItem\",\"name\":\"Home\"}},{\"@type\":\"ListItem\",\"@id\":\"https:\\\/\\\/science.rmtmo.eu\\\/en\\\/news\\\/25-28-04-2023-eu-knowledge-valorisation-week-2023\\\/#listItem\",\"position\":3,\"name\":\"25-28.04.2023 EU Knowledge Valorisation Week 2023\",\"previousItem\":{\"@type\":\"ListItem\",\"@id\":\"https:\\\/\\\/science.rmtmo.eu\\\/en\\\/category\\\/news\\\/#listItem\",\"name\":\"News\"}}]},{\"@type\":\"Organization\",\"@id\":\"https:\\\/\\\/science.rmtmo.eu\\\/en\\\/#organization\",\"name\":\"S\\u00e4ule Wissenschaft\",\"description\":\"Pilier Sciences\",\"url\":\"https:\\\/\\\/science.rmtmo.eu\\\/en\\\/\"},{\"@type\":\"Person\",\"@id\":\"https:\\\/\\\/science.rmtmo.eu\\\/en\\\/#author\",\"url\":\"https:\\\/\\\/science.rmtmo.eu\\\/en\\\/\",\"name\":\"Julia Schoppe\",\"image\":{\"@type\":\"ImageObject\",\"@id\":\"https:\\\/\\\/science.rmtmo.eu\\\/en\\\/news\\\/25-28-04-2023-eu-knowledge-valorisation-week-2023\\\/#authorImage\",\"url\":\"https:\\\/\\\/secure.gravatar.com\\\/avatar\\\/a901258a7b8dcf03b30368978e66936d1876b26f972c0de45f958d78752a1f9e?s=96&d=mm&r=g\",\"width\":96,\"height\":96,\"caption\":\"Julia Schoppe\"}},{\"@type\":\"WebPage\",\"@id\":\"https:\\\/\\\/science.rmtmo.eu\\\/en\\\/news\\\/25-28-04-2023-eu-knowledge-valorisation-week-2023\\\/#webpage\",\"url\":\"https:\\\/\\\/science.rmtmo.eu\\\/en\\\/news\\\/25-28-04-2023-eu-knowledge-valorisation-week-2023\\\/\",\"name\":\"25-28.04.2023 EU Knowledge Valorisation Week 2023 | S\\u00e4ule Wissenschaft\",\"description\":\"La semaine europ\\u00e9enne de la valorisation des connaissances rassemble les acteurs de la recherche et de l'innovation pour qu'ils \\u00e9changent leurs exp\\u00e9riences, qu'ils soient issus du monde universitaire, des entreprises, de la politique ou de la soci\\u00e9t\\u00e9. Cet \\u00e9v\\u00e9nement en ligne est une occasion unique d'\\u00e9tudier et de tirer des enseignements d'excellents exemples \\u00e0 travers\",\"inLanguage\":\"en-US\",\"isPartOf\":{\"@id\":\"https:\\\/\\\/science.rmtmo.eu\\\/en\\\/#website\"},\"breadcrumb\":{\"@id\":\"https:\\\/\\\/science.rmtmo.eu\\\/en\\\/news\\\/25-28-04-2023-eu-knowledge-valorisation-week-2023\\\/#breadcrumblist\"},\"author\":{\"@id\":\"https:\\\/\\\/science.rmtmo.eu\\\/en\\\/#author\"},\"creator\":{\"@id\":\"https:\\\/\\\/science.rmtmo.eu\\\/en\\\/#author\"},\"image\":{\"@type\":\"ImageObject\",\"url\":\"https:\\\/\\\/science.rmtmo.eu\\\/wp-content\\\/uploads\\\/2023\\\/01\\\/valorisation.png\",\"@id\":\"https:\\\/\\\/science.rmtmo.eu\\\/en\\\/news\\\/25-28-04-2023-eu-knowledge-valorisation-week-2023\\\/#mainImage\",\"width\":677,\"height\":474},\"primaryImageOfPage\":{\"@id\":\"https:\\\/\\\/science.rmtmo.eu\\\/en\\\/news\\\/25-28-04-2023-eu-knowledge-valorisation-week-2023\\\/#mainImage\"},\"datePublished\":\"2023-01-31T13:52:17+01:00\",\"dateModified\":\"2023-01-31T13:52:17+01:00\"},{\"@type\":\"WebSite\",\"@id\":\"https:\\\/\\\/science.rmtmo.eu\\\/en\\\/#website\",\"url\":\"https:\\\/\\\/science.rmtmo.eu\\\/en\\\/\",\"name\":\"S\\u00e4ule Wissenschaft\",\"description\":\"Pilier Sciences\",\"inLanguage\":\"en-US\",\"publisher\":{\"@id\":\"https:\\\/\\\/science.rmtmo.eu\\\/en\\\/#organization\"}}]}\n\t\t<\/script>\n\t\t<!-- All in One SEO -->\n\n","aioseo_head_json":{"title":"25-28.04.2023 EU Knowledge Valorisation Week 2023 | S\u00e4ule Wissenschaft","description":"La semaine europ\u00e9enne de la valorisation des connaissances rassemble les acteurs de la recherche et de l'innovation pour qu'ils \u00e9changent leurs exp\u00e9riences, qu'ils soient issus du monde universitaire, des entreprises, de la politique ou de la soci\u00e9t\u00e9. Cet \u00e9v\u00e9nement en ligne est une occasion unique d'\u00e9tudier et de tirer des enseignements d'excellents exemples \u00e0 travers","canonical_url":"https:\/\/science.rmtmo.eu\/en\/news\/25-28-04-2023-eu-knowledge-valorisation-week-2023\/","robots":"max-image-preview:large","keywords":"","webmasterTools":{"miscellaneous":""},"schema":{"@context":"https:\/\/schema.org","@graph":[{"@type":"Article","@id":"https:\/\/science.rmtmo.eu\/en\/news\/25-28-04-2023-eu-knowledge-valorisation-week-2023\/#article","name":"25-28.04.2023 EU Knowledge Valorisation Week 2023 | S\u00e4ule Wissenschaft","headline":"25-28.04.2023 EU Knowledge Valorisation Week 2023","author":{"@id":"https:\/\/science.rmtmo.eu\/en\/#author"},"publisher":{"@id":"https:\/\/science.rmtmo.eu\/en\/#organization"},"image":{"@type":"ImageObject","url":"https:\/\/science.rmtmo.eu\/wp-content\/uploads\/2023\/01\/valorisation.png","width":677,"height":474},"datePublished":"2023-01-31T13:52:17+01:00","dateModified":"2023-01-31T13:52:17+01:00","inLanguage":"en-US","mainEntityOfPage":{"@id":"https:\/\/science.rmtmo.eu\/en\/news\/25-28-04-2023-eu-knowledge-valorisation-week-2023\/#webpage"},"isPartOf":{"@id":"https:\/\/science.rmtmo.eu\/en\/news\/25-28-04-2023-eu-knowledge-valorisation-week-2023\/#webpage"},"articleSection":"News"},{"@type":"BreadcrumbList","@id":"https:\/\/science.rmtmo.eu\/en\/news\/25-28-04-2023-eu-knowledge-valorisation-week-2023\/#breadcrumblist","itemListElement":[{"@type":"ListItem","@id":"https:\/\/science.rmtmo.eu\/en\/#listItem","position":1,"name":"Home","item":"https:\/\/science.rmtmo.eu\/en\/","nextItem":{"@type":"ListItem","@id":"https:\/\/science.rmtmo.eu\/en\/category\/news\/#listItem","name":"News"}},{"@type":"ListItem","@id":"https:\/\/science.rmtmo.eu\/en\/category\/news\/#listItem","position":2,"name":"News","item":"https:\/\/science.rmtmo.eu\/en\/category\/news\/","nextItem":{"@type":"ListItem","@id":"https:\/\/science.rmtmo.eu\/en\/news\/25-28-04-2023-eu-knowledge-valorisation-week-2023\/#listItem","name":"25-28.04.2023 EU Knowledge Valorisation Week 2023"},"previousItem":{"@type":"ListItem","@id":"https:\/\/science.rmtmo.eu\/en\/#listItem","name":"Home"}},{"@type":"ListItem","@id":"https:\/\/science.rmtmo.eu\/en\/news\/25-28-04-2023-eu-knowledge-valorisation-week-2023\/#listItem","position":3,"name":"25-28.04.2023 EU Knowledge Valorisation Week 2023","previousItem":{"@type":"ListItem","@id":"https:\/\/science.rmtmo.eu\/en\/category\/news\/#listItem","name":"News"}}]},{"@type":"Organization","@id":"https:\/\/science.rmtmo.eu\/en\/#organization","name":"S\u00e4ule Wissenschaft","description":"Pilier Sciences","url":"https:\/\/science.rmtmo.eu\/en\/"},{"@type":"Person","@id":"https:\/\/science.rmtmo.eu\/en\/#author","url":"https:\/\/science.rmtmo.eu\/en\/","name":"Julia Schoppe","image":{"@type":"ImageObject","@id":"https:\/\/science.rmtmo.eu\/en\/news\/25-28-04-2023-eu-knowledge-valorisation-week-2023\/#authorImage","url":"https:\/\/secure.gravatar.com\/avatar\/a901258a7b8dcf03b30368978e66936d1876b26f972c0de45f958d78752a1f9e?s=96&d=mm&r=g","width":96,"height":96,"caption":"Julia Schoppe"}},{"@type":"WebPage","@id":"https:\/\/science.rmtmo.eu\/en\/news\/25-28-04-2023-eu-knowledge-valorisation-week-2023\/#webpage","url":"https:\/\/science.rmtmo.eu\/en\/news\/25-28-04-2023-eu-knowledge-valorisation-week-2023\/","name":"25-28.04.2023 EU Knowledge Valorisation Week 2023 | S\u00e4ule Wissenschaft","description":"La semaine europ\u00e9enne de la valorisation des connaissances rassemble les acteurs de la recherche et de l'innovation pour qu'ils \u00e9changent leurs exp\u00e9riences, qu'ils soient issus du monde universitaire, des entreprises, de la politique ou de la soci\u00e9t\u00e9. Cet \u00e9v\u00e9nement en ligne est une occasion unique d'\u00e9tudier et de tirer des enseignements d'excellents exemples \u00e0 travers","inLanguage":"en-US","isPartOf":{"@id":"https:\/\/science.rmtmo.eu\/en\/#website"},"breadcrumb":{"@id":"https:\/\/science.rmtmo.eu\/en\/news\/25-28-04-2023-eu-knowledge-valorisation-week-2023\/#breadcrumblist"},"author":{"@id":"https:\/\/science.rmtmo.eu\/en\/#author"},"creator":{"@id":"https:\/\/science.rmtmo.eu\/en\/#author"},"image":{"@type":"ImageObject","url":"https:\/\/science.rmtmo.eu\/wp-content\/uploads\/2023\/01\/valorisation.png","@id":"https:\/\/science.rmtmo.eu\/en\/news\/25-28-04-2023-eu-knowledge-valorisation-week-2023\/#mainImage","width":677,"height":474},"primaryImageOfPage":{"@id":"https:\/\/science.rmtmo.eu\/en\/news\/25-28-04-2023-eu-knowledge-valorisation-week-2023\/#mainImage"},"datePublished":"2023-01-31T13:52:17+01:00","dateModified":"2023-01-31T13:52:17+01:00"},{"@type":"WebSite","@id":"https:\/\/science.rmtmo.eu\/en\/#website","url":"https:\/\/science.rmtmo.eu\/en\/","name":"S\u00e4ule Wissenschaft","description":"Pilier Sciences","inLanguage":"en-US","publisher":{"@id":"https:\/\/science.rmtmo.eu\/en\/#organization"}}]},"og:locale":"en_US","og:site_name":"S\u00e4ule Wissenschaft | Pilier Sciences","og:type":"article","og:title":"25-28.04.2023 EU Knowledge Valorisation Week 2023 | S\u00e4ule Wissenschaft","og:description":"La semaine europ\u00e9enne de la valorisation des connaissances rassemble les acteurs de la recherche et de l'innovation pour qu'ils \u00e9changent leurs exp\u00e9riences, qu'ils soient issus du monde universitaire, des entreprises, de la politique ou de la soci\u00e9t\u00e9. Cet \u00e9v\u00e9nement en ligne est une occasion unique d'\u00e9tudier et de tirer des enseignements d'excellents exemples \u00e0 travers","og:url":"https:\/\/science.rmtmo.eu\/en\/news\/25-28-04-2023-eu-knowledge-valorisation-week-2023\/","article:published_time":"2023-01-31T12:52:17+00:00","article:modified_time":"2023-01-31T12:52:17+00:00","twitter:card":"summary","twitter:title":"25-28.04.2023 EU Knowledge Valorisation Week 2023 | S\u00e4ule Wissenschaft","twitter:description":"La semaine europ\u00e9enne de la valorisation des connaissances rassemble les acteurs de la recherche et de l'innovation pour qu'ils \u00e9changent leurs exp\u00e9riences, qu'ils soient issus du monde universitaire, des entreprises, de la politique ou de la soci\u00e9t\u00e9. Cet \u00e9v\u00e9nement en ligne est une occasion unique d'\u00e9tudier et de tirer des enseignements d'excellents exemples \u00e0 travers"},"aioseo_meta_data":{"post_id":"13024","title":null,"description":null,"keywords":null,"keyphrases":null,"primary_term":null,"canonical_url":null,"og_title":null,"og_description":null,"og_object_type":"default","og_image_type":"default","og_image_url":null,"og_image_width":null,"og_image_height":null,"og_image_custom_url":null,"og_image_custom_fields":null,"og_video":null,"og_custom_url":null,"og_article_section":null,"og_article_tags":null,"twitter_use_og":false,"twitter_card":"default","twitter_image_type":"default","twitter_image_url":null,"twitter_image_custom_url":null,"twitter_image_custom_fields":null,"twitter_title":null,"twitter_description":null,"schema":{"blockGraphs":[],"customGraphs":[],"default":{"data":{"Article":[],"Course":[],"Dataset":[],"FAQPage":[],"Movie":[],"Person":[],"Product":[],"ProductReview":[],"Car":[],"Recipe":[],"Service":[],"SoftwareApplication":[],"WebPage":[]},"graphName":"","isEnabled":true},"graphs":[]},"schema_type":"default","schema_type_options":null,"pillar_content":false,"robots_default":true,"robots_noindex":false,"robots_noarchive":false,"robots_nosnippet":false,"robots_nofollow":false,"robots_noimageindex":false,"robots_noodp":false,"robots_notranslate":false,"robots_max_snippet":null,"robots_max_videopreview":null,"robots_max_imagepreview":"large","priority":null,"frequency":null,"local_seo":null,"breadcrumb_settings":null,"limit_modified_date":false,"ai":null,"created":"2023-01-31 12:54:19","updated":"2025-07-09 00:55:59","focus_keyword":null,"additional_keywords":null,"truseo_locale":null,"seo_analyzer_scan_date":null},"aioseo_breadcrumb":"<div class=\"aioseo-breadcrumbs\"><span class=\"aioseo-breadcrumb\">\n\t\t\t<a href=\"https:\/\/science.rmtmo.eu\/en\/\" title=\"Home\">Home<\/a>\n\t\t<\/span><span class=\"aioseo-breadcrumb-separator\">&raquo;<\/span><span class=\"aioseo-breadcrumb\">\n\t\t\t<a href=\"https:\/\/science.rmtmo.eu\/en\/category\/news\/\" title=\"News\">News<\/a>\n\t\t<\/span><span class=\"aioseo-breadcrumb-separator\">&raquo;<\/span><span class=\"aioseo-breadcrumb\">\n\t\t\t25-28.04.2023 EU Knowledge Valorisation Week 2023\n\t\t<\/span><\/div>","aioseo_breadcrumb_json":[{"label":"Home","link":"https:\/\/science.rmtmo.eu\/en\/"},{"label":"News","link":"https:\/\/science.rmtmo.eu\/en\/category\/news\/"},{"label":"25-28.04.2023 EU Knowledge Valorisation Week 2023","link":"https:\/\/science.rmtmo.eu\/en\/news\/25-28-04-2023-eu-knowledge-valorisation-week-2023\/"}],"_links":{"self":[{"href":"https:\/\/science.rmtmo.eu\/en\/wp-json\/wp\/v2\/posts\/13024","targetHints":{"allow":["GET"]}}],"collection":[{"href":"https:\/\/science.rmtmo.eu\/en\/wp-json\/wp\/v2\/posts"}],"about":[{"href":"https:\/\/science.rmtmo.eu\/en\/wp-json\/wp\/v2\/types\/post"}],"author":[{"embeddable":true,"href":"https:\/\/science.rmtmo.eu\/en\/wp-json\/wp\/v2\/users\/2"}],"replies":[{"embeddable":true,"href":"https:\/\/science.rmtmo.eu\/en\/wp-json\/wp\/v2\/comments?post=13024"}],"version-history":[{"count":0,"href":"https:\/\/science.rmtmo.eu\/en\/wp-json\/wp\/v2\/posts\/13024\/revisions"}],"wp:featuredmedia":[{"embeddable":true,"href":"https:\/\/science.rmtmo.eu\/en\/wp-json\/wp\/v2\/media\/13019"}],"wp:attachment":[{"href":"https:\/\/science.rmtmo.eu\/en\/wp-json\/wp\/v2\/media?parent=13024"}],"wp:term":[{"taxonomy":"category","embeddable":true,"href":"https:\/\/science.rmtmo.eu\/en\/wp-json\/wp\/v2\/categories?post=13024"},{"taxonomy":"post_tag","embeddable":true,"href":"https:\/\/science.rmtmo.eu\/en\/wp-json\/wp\/v2\/tags?post=13024"}],"curies":[{"name":"wp","href":"https:\/\/api.w.org\/{rel}","templated":true}]}}