{"id":12717,"date":"2022-11-15T08:55:21","date_gmt":"2022-11-15T07:55:21","guid":{"rendered":"https:\/\/science.rmtmo.eu\/?p=12717"},"modified":"2023-01-05T08:46:42","modified_gmt":"2023-01-05T07:46:42","slug":"7e-congres-trinational-climat-energie-de-la-conference-du-rhin-superieur","status":"publish","type":"post","link":"https:\/\/science.rmtmo.eu\/en\/actualites\/7e-congres-trinational-climat-energie-de-la-conference-du-rhin-superieur\/","title":{"rendered":"7e Congr\u00e8s trinational climat-\u00e9nergie de la Conf\u00e9rence du Rhin sup\u00e9rieur"},"content":{"rendered":"<p><strong>Le 6 octobre 2023, des experts du climat et de l\u2019\u00e9nergie se sont r\u00e9unis \u00e0 l\u2019H\u00f4tel de la Collectivit\u00e9 europ\u00e9enne d\u2019Alsace \u00e0 Strasbourg pour d\u00e9battre des perspectives pour la coop\u00e9ration transfrontali\u00e8re franco-germano-suisse.<\/strong><\/p>\n<p><!--more--><\/p>\n<p>La R\u00e9gion M\u00e9tropolitaine Trinationale du Rhin sup\u00e9rieur pose le cadre de cette coop\u00e9ration structur\u00e9e en quatre piliers&nbsp;: politique, \u00e9conomique, scientifique et soci\u00e9t\u00e9 civile. Fr\u00e9d\u00e9ric Bierry, Pr\u00e9sident de la Collectivit\u00e9 europ\u00e9enne d\u2019Alsace, a accueilli, en sa qualit\u00e9 de porte-parole du pilier politique, plus de 150 personnes en provenance de l\u2019Alsace, du Bade-Wurtemberg, de la Rh\u00e9nanie-Palatinat et de la Suisse du Nord-Ouest.<\/p>\n<p>Dans la 1\u00e8re session, des repr\u00e9sentant.e.s des piliers politique, \u00e9conomique et scientifique de la RMT ont identifi\u00e9 des champs d\u2019actions qui r\u00e9v\u00e8lent un fort potentiel pour la coop\u00e9ration transfrontali\u00e8re. Dans la 2nde session, un aper\u00e7u de la nouvelle programmation Interreg-VI a \u00e9t\u00e9 donn\u00e9 qui finance des projets transfrontaliers sur les th\u00e8mes du climat et de l\u2019\u00e9nergie \u00e0 hauteur de 60% et pour un budget maximal de 5 millions d\u2019euros. Dans cette session a \u00e9galement pr\u00e9sent\u00e9e le rapport \u00ab&nbsp;R\u00e9gion d\u2019innovation Fessenheim&nbsp;\u00bb, qui donne un cadre pour l\u2019\u00e9mergence de projets transfrontaliers dans la partie Sud du Rhin sup\u00e9rieur. Dans la 3e session les th\u00e8mes de l\u2019adaptation climatique, la sensibilisation citoyenne, l\u2019hydrog\u00e8ne vert et la question des batteries pour la mobilit\u00e9 \u00e9lectrique ont \u00e9t\u00e9 approfondis en ateliers.<\/p>\n<p>&nbsp;<\/p>\n<p>Plus d\u2019informations&nbsp;: <a href=\"https:\/\/trion-climate.net\/fr\/news-details\/7-trinationaler-klima-und-energiekongress-der-ork\">https:\/\/trion-climate.net\/fr\/news-details\/7-trinationaler-klima-und-energiekongress-der-ork<\/a><\/p>\n","protected":false},"excerpt":{"rendered":"<p>Le 6 octobre 2023, des experts du climat et de l\u2019\u00e9nergie se sont r\u00e9unis \u00e0 l\u2019H\u00f4tel de la Collectivit\u00e9 europ\u00e9enne d\u2019Alsace \u00e0 Strasbourg pour d\u00e9battre des perspectives pour la coop\u00e9ration transfrontali\u00e8re franco-germano-suisse.<\/p>\n","protected":false},"author":2,"featured_media":12611,"comment_status":"closed","ping_status":"closed","sticky":false,"template":"","format":"standard","meta":{"ngg_post_thumbnail":0,"footnotes":""},"categories":[4],"tags":[],"class_list":["post-12717","post","type-post","status-publish","format-standard","has-post-thumbnail","hentry","category-actualites"],"aioseo_notices":[],"aioseo_head":"\n\t\t<!-- All in One SEO 5.0.1 - aioseo.com -->\n\t<meta name=\"description\" content=\"Le 6 octobre 2023, des experts du climat et de l\u2019\u00e9nergie se sont r\u00e9unis \u00e0 l\u2019H\u00f4tel de la Collectivit\u00e9 europ\u00e9enne d\u2019Alsace \u00e0 Strasbourg pour d\u00e9battre des perspectives pour la coop\u00e9ration transfrontali\u00e8re franco-germano-suisse. La R\u00e9gion M\u00e9tropolitaine Trinationale du Rhin sup\u00e9rieur pose le cadre de cette coop\u00e9ration structur\u00e9e en quatre piliers : politique, \u00e9conomique, scientifique et soci\u00e9t\u00e9 civile.\" \/>\n\t<meta name=\"robots\" content=\"max-image-preview:large\" \/>\n\t<meta name=\"author\" content=\"Julia Schoppe\"\/>\n\t<link rel=\"canonical\" href=\"https:\/\/science.rmtmo.eu\/en\/actualites\/7e-congres-trinational-climat-energie-de-la-conference-du-rhin-superieur\/\" \/>\n\t<meta name=\"generator\" content=\"All in One SEO (AIOSEO) 5.0.1\" \/>\n\t\t<meta property=\"og:locale\" content=\"en_US\" \/>\n\t\t<meta property=\"og:site_name\" content=\"S\u00e4ule Wissenschaft | Pilier Sciences\" \/>\n\t\t<meta property=\"og:type\" content=\"article\" \/>\n\t\t<meta property=\"og:title\" content=\"7e Congr\u00e8s trinational climat-\u00e9nergie de la Conf\u00e9rence du Rhin sup\u00e9rieur | S\u00e4ule Wissenschaft\" \/>\n\t\t<meta property=\"og:description\" content=\"Le 6 octobre 2023, des experts du climat et de l\u2019\u00e9nergie se sont r\u00e9unis \u00e0 l\u2019H\u00f4tel de la Collectivit\u00e9 europ\u00e9enne d\u2019Alsace \u00e0 Strasbourg pour d\u00e9battre des perspectives pour la coop\u00e9ration transfrontali\u00e8re franco-germano-suisse. La R\u00e9gion M\u00e9tropolitaine Trinationale du Rhin sup\u00e9rieur pose le cadre de cette coop\u00e9ration structur\u00e9e en quatre piliers : politique, \u00e9conomique, scientifique et soci\u00e9t\u00e9 civile.\" \/>\n\t\t<meta property=\"og:url\" content=\"https:\/\/science.rmtmo.eu\/en\/actualites\/7e-congres-trinational-climat-energie-de-la-conference-du-rhin-superieur\/\" \/>\n\t\t<meta property=\"article:published_time\" content=\"2022-11-15T07:55:21+00:00\" \/>\n\t\t<meta property=\"article:modified_time\" content=\"2023-01-05T07:46:42+00:00\" \/>\n\t\t<meta name=\"twitter:card\" content=\"summary\" \/>\n\t\t<meta name=\"twitter:title\" content=\"7e Congr\u00e8s trinational climat-\u00e9nergie de la Conf\u00e9rence du Rhin sup\u00e9rieur | S\u00e4ule Wissenschaft\" \/>\n\t\t<meta name=\"twitter:description\" content=\"Le 6 octobre 2023, des experts du climat et de l\u2019\u00e9nergie se sont r\u00e9unis \u00e0 l\u2019H\u00f4tel de la Collectivit\u00e9 europ\u00e9enne d\u2019Alsace \u00e0 Strasbourg pour d\u00e9battre des perspectives pour la coop\u00e9ration transfrontali\u00e8re franco-germano-suisse. La R\u00e9gion M\u00e9tropolitaine Trinationale du Rhin sup\u00e9rieur pose le cadre de cette coop\u00e9ration structur\u00e9e en quatre piliers : politique, \u00e9conomique, scientifique et soci\u00e9t\u00e9 civile.\" \/>\n\t\t<script type=\"application\/ld+json\" class=\"aioseo-schema\">\n\t\t\t{\"@context\":\"https:\\\/\\\/schema.org\",\"@graph\":[{\"@type\":\"Article\",\"@id\":\"https:\\\/\\\/science.rmtmo.eu\\\/en\\\/actualites\\\/7e-congres-trinational-climat-energie-de-la-conference-du-rhin-superieur\\\/#article\",\"name\":\"7e Congr\\u00e8s trinational climat-\\u00e9nergie de la Conf\\u00e9rence du Rhin sup\\u00e9rieur | S\\u00e4ule Wissenschaft\",\"headline\":\"7e Congr\\u00e8s trinational climat-\\u00e9nergie de la Conf\\u00e9rence du Rhin sup\\u00e9rieur\",\"author\":{\"@id\":\"https:\\\/\\\/science.rmtmo.eu\\\/en\\\/#author\"},\"publisher\":{\"@id\":\"https:\\\/\\\/science.rmtmo.eu\\\/en\\\/#organization\"},\"image\":{\"@type\":\"ImageObject\",\"url\":\"https:\\\/\\\/science.rmtmo.eu\\\/wp-content\\\/uploads\\\/2022\\\/11\\\/Klima-und-Energiekongress.jpg\",\"width\":310,\"height\":163},\"datePublished\":\"2022-11-15T08:55:21+01:00\",\"dateModified\":\"2023-01-05T08:46:42+01:00\",\"inLanguage\":\"en-US\",\"mainEntityOfPage\":{\"@id\":\"https:\\\/\\\/science.rmtmo.eu\\\/en\\\/actualites\\\/7e-congres-trinational-climat-energie-de-la-conference-du-rhin-superieur\\\/#webpage\"},\"isPartOf\":{\"@id\":\"https:\\\/\\\/science.rmtmo.eu\\\/en\\\/actualites\\\/7e-congres-trinational-climat-energie-de-la-conference-du-rhin-superieur\\\/#webpage\"},\"articleSection\":\"Actualit\\u00e9s, Facultatif\"},{\"@type\":\"BreadcrumbList\",\"@id\":\"https:\\\/\\\/science.rmtmo.eu\\\/en\\\/actualites\\\/7e-congres-trinational-climat-energie-de-la-conference-du-rhin-superieur\\\/#breadcrumblist\",\"itemListElement\":[{\"@type\":\"ListItem\",\"@id\":\"https:\\\/\\\/science.rmtmo.eu\\\/en\\\/#listItem\",\"position\":1,\"name\":\"Home\",\"item\":\"https:\\\/\\\/science.rmtmo.eu\\\/en\\\/\",\"nextItem\":{\"@type\":\"ListItem\",\"@id\":\"https:\\\/\\\/science.rmtmo.eu\\\/category\\\/actualites\\\/#listItem\",\"name\":\"Actualit\\u00e9s\"}},{\"@type\":\"ListItem\",\"@id\":\"https:\\\/\\\/science.rmtmo.eu\\\/category\\\/actualites\\\/#listItem\",\"position\":2,\"name\":\"Actualit\\u00e9s\",\"item\":\"https:\\\/\\\/science.rmtmo.eu\\\/category\\\/actualites\\\/\",\"nextItem\":{\"@type\":\"ListItem\",\"@id\":\"https:\\\/\\\/science.rmtmo.eu\\\/en\\\/actualites\\\/7e-congres-trinational-climat-energie-de-la-conference-du-rhin-superieur\\\/#listItem\",\"name\":\"7e Congr\\u00e8s trinational climat-\\u00e9nergie de la Conf\\u00e9rence du Rhin sup\\u00e9rieur\"},\"previousItem\":{\"@type\":\"ListItem\",\"@id\":\"https:\\\/\\\/science.rmtmo.eu\\\/en\\\/#listItem\",\"name\":\"Home\"}},{\"@type\":\"ListItem\",\"@id\":\"https:\\\/\\\/science.rmtmo.eu\\\/en\\\/actualites\\\/7e-congres-trinational-climat-energie-de-la-conference-du-rhin-superieur\\\/#listItem\",\"position\":3,\"name\":\"7e Congr\\u00e8s trinational climat-\\u00e9nergie de la Conf\\u00e9rence du Rhin sup\\u00e9rieur\",\"previousItem\":{\"@type\":\"ListItem\",\"@id\":\"https:\\\/\\\/science.rmtmo.eu\\\/category\\\/actualites\\\/#listItem\",\"name\":\"Actualit\\u00e9s\"}}]},{\"@type\":\"Organization\",\"@id\":\"https:\\\/\\\/science.rmtmo.eu\\\/en\\\/#organization\",\"name\":\"S\\u00e4ule Wissenschaft\",\"description\":\"Pilier Sciences\",\"url\":\"https:\\\/\\\/science.rmtmo.eu\\\/en\\\/\"},{\"@type\":\"Person\",\"@id\":\"https:\\\/\\\/science.rmtmo.eu\\\/en\\\/#author\",\"url\":\"https:\\\/\\\/science.rmtmo.eu\\\/en\\\/\",\"name\":\"Julia Schoppe\",\"image\":{\"@type\":\"ImageObject\",\"@id\":\"https:\\\/\\\/science.rmtmo.eu\\\/en\\\/actualites\\\/7e-congres-trinational-climat-energie-de-la-conference-du-rhin-superieur\\\/#authorImage\",\"url\":\"https:\\\/\\\/secure.gravatar.com\\\/avatar\\\/a901258a7b8dcf03b30368978e66936d1876b26f972c0de45f958d78752a1f9e?s=96&d=mm&r=g\",\"width\":96,\"height\":96,\"caption\":\"Julia Schoppe\"}},{\"@type\":\"WebPage\",\"@id\":\"https:\\\/\\\/science.rmtmo.eu\\\/en\\\/actualites\\\/7e-congres-trinational-climat-energie-de-la-conference-du-rhin-superieur\\\/#webpage\",\"url\":\"https:\\\/\\\/science.rmtmo.eu\\\/en\\\/actualites\\\/7e-congres-trinational-climat-energie-de-la-conference-du-rhin-superieur\\\/\",\"name\":\"7e Congr\\u00e8s trinational climat-\\u00e9nergie de la Conf\\u00e9rence du Rhin sup\\u00e9rieur | S\\u00e4ule Wissenschaft\",\"description\":\"Le 6 octobre 2023, des experts du climat et de l\\u2019\\u00e9nergie se sont r\\u00e9unis \\u00e0 l\\u2019H\\u00f4tel de la Collectivit\\u00e9 europ\\u00e9enne d\\u2019Alsace \\u00e0 Strasbourg pour d\\u00e9battre des perspectives pour la coop\\u00e9ration transfrontali\\u00e8re franco-germano-suisse. La R\\u00e9gion M\\u00e9tropolitaine Trinationale du Rhin sup\\u00e9rieur pose le cadre de cette coop\\u00e9ration structur\\u00e9e en quatre piliers : politique, \\u00e9conomique, scientifique et soci\\u00e9t\\u00e9 civile.\",\"inLanguage\":\"en-US\",\"isPartOf\":{\"@id\":\"https:\\\/\\\/science.rmtmo.eu\\\/en\\\/#website\"},\"breadcrumb\":{\"@id\":\"https:\\\/\\\/science.rmtmo.eu\\\/en\\\/actualites\\\/7e-congres-trinational-climat-energie-de-la-conference-du-rhin-superieur\\\/#breadcrumblist\"},\"author\":{\"@id\":\"https:\\\/\\\/science.rmtmo.eu\\\/en\\\/#author\"},\"creator\":{\"@id\":\"https:\\\/\\\/science.rmtmo.eu\\\/en\\\/#author\"},\"image\":{\"@type\":\"ImageObject\",\"url\":\"https:\\\/\\\/science.rmtmo.eu\\\/wp-content\\\/uploads\\\/2022\\\/11\\\/Klima-und-Energiekongress.jpg\",\"@id\":\"https:\\\/\\\/science.rmtmo.eu\\\/en\\\/actualites\\\/7e-congres-trinational-climat-energie-de-la-conference-du-rhin-superieur\\\/#mainImage\",\"width\":310,\"height\":163},\"primaryImageOfPage\":{\"@id\":\"https:\\\/\\\/science.rmtmo.eu\\\/en\\\/actualites\\\/7e-congres-trinational-climat-energie-de-la-conference-du-rhin-superieur\\\/#mainImage\"},\"datePublished\":\"2022-11-15T08:55:21+01:00\",\"dateModified\":\"2023-01-05T08:46:42+01:00\"},{\"@type\":\"WebSite\",\"@id\":\"https:\\\/\\\/science.rmtmo.eu\\\/en\\\/#website\",\"url\":\"https:\\\/\\\/science.rmtmo.eu\\\/en\\\/\",\"name\":\"S\\u00e4ule Wissenschaft\",\"description\":\"Pilier Sciences\",\"inLanguage\":\"en-US\",\"publisher\":{\"@id\":\"https:\\\/\\\/science.rmtmo.eu\\\/en\\\/#organization\"}}]}\n\t\t<\/script>\n\t\t<!-- All in One SEO -->\n\n","aioseo_head_json":{"title":"7e Congr\u00e8s trinational climat-\u00e9nergie de la Conf\u00e9rence du Rhin sup\u00e9rieur | S\u00e4ule Wissenschaft","description":"Le 6 octobre 2023, des experts du climat et de l\u2019\u00e9nergie se sont r\u00e9unis \u00e0 l\u2019H\u00f4tel de la Collectivit\u00e9 europ\u00e9enne d\u2019Alsace \u00e0 Strasbourg pour d\u00e9battre des perspectives pour la coop\u00e9ration transfrontali\u00e8re franco-germano-suisse. La R\u00e9gion M\u00e9tropolitaine Trinationale du Rhin sup\u00e9rieur pose le cadre de cette coop\u00e9ration structur\u00e9e en quatre piliers : politique, \u00e9conomique, scientifique et soci\u00e9t\u00e9 civile.","canonical_url":"https:\/\/science.rmtmo.eu\/en\/actualites\/7e-congres-trinational-climat-energie-de-la-conference-du-rhin-superieur\/","robots":"max-image-preview:large","keywords":"","webmasterTools":{"miscellaneous":""},"schema":{"@context":"https:\/\/schema.org","@graph":[{"@type":"Article","@id":"https:\/\/science.rmtmo.eu\/en\/actualites\/7e-congres-trinational-climat-energie-de-la-conference-du-rhin-superieur\/#article","name":"7e Congr\u00e8s trinational climat-\u00e9nergie de la Conf\u00e9rence du Rhin sup\u00e9rieur | S\u00e4ule Wissenschaft","headline":"7e Congr\u00e8s trinational climat-\u00e9nergie de la Conf\u00e9rence du Rhin sup\u00e9rieur","author":{"@id":"https:\/\/science.rmtmo.eu\/en\/#author"},"publisher":{"@id":"https:\/\/science.rmtmo.eu\/en\/#organization"},"image":{"@type":"ImageObject","url":"https:\/\/science.rmtmo.eu\/wp-content\/uploads\/2022\/11\/Klima-und-Energiekongress.jpg","width":310,"height":163},"datePublished":"2022-11-15T08:55:21+01:00","dateModified":"2023-01-05T08:46:42+01:00","inLanguage":"en-US","mainEntityOfPage":{"@id":"https:\/\/science.rmtmo.eu\/en\/actualites\/7e-congres-trinational-climat-energie-de-la-conference-du-rhin-superieur\/#webpage"},"isPartOf":{"@id":"https:\/\/science.rmtmo.eu\/en\/actualites\/7e-congres-trinational-climat-energie-de-la-conference-du-rhin-superieur\/#webpage"},"articleSection":"Actualit\u00e9s, Facultatif"},{"@type":"BreadcrumbList","@id":"https:\/\/science.rmtmo.eu\/en\/actualites\/7e-congres-trinational-climat-energie-de-la-conference-du-rhin-superieur\/#breadcrumblist","itemListElement":[{"@type":"ListItem","@id":"https:\/\/science.rmtmo.eu\/en\/#listItem","position":1,"name":"Home","item":"https:\/\/science.rmtmo.eu\/en\/","nextItem":{"@type":"ListItem","@id":"https:\/\/science.rmtmo.eu\/category\/actualites\/#listItem","name":"Actualit\u00e9s"}},{"@type":"ListItem","@id":"https:\/\/science.rmtmo.eu\/category\/actualites\/#listItem","position":2,"name":"Actualit\u00e9s","item":"https:\/\/science.rmtmo.eu\/category\/actualites\/","nextItem":{"@type":"ListItem","@id":"https:\/\/science.rmtmo.eu\/en\/actualites\/7e-congres-trinational-climat-energie-de-la-conference-du-rhin-superieur\/#listItem","name":"7e Congr\u00e8s trinational climat-\u00e9nergie de la Conf\u00e9rence du Rhin sup\u00e9rieur"},"previousItem":{"@type":"ListItem","@id":"https:\/\/science.rmtmo.eu\/en\/#listItem","name":"Home"}},{"@type":"ListItem","@id":"https:\/\/science.rmtmo.eu\/en\/actualites\/7e-congres-trinational-climat-energie-de-la-conference-du-rhin-superieur\/#listItem","position":3,"name":"7e Congr\u00e8s trinational climat-\u00e9nergie de la Conf\u00e9rence du Rhin sup\u00e9rieur","previousItem":{"@type":"ListItem","@id":"https:\/\/science.rmtmo.eu\/category\/actualites\/#listItem","name":"Actualit\u00e9s"}}]},{"@type":"Organization","@id":"https:\/\/science.rmtmo.eu\/en\/#organization","name":"S\u00e4ule Wissenschaft","description":"Pilier Sciences","url":"https:\/\/science.rmtmo.eu\/en\/"},{"@type":"Person","@id":"https:\/\/science.rmtmo.eu\/en\/#author","url":"https:\/\/science.rmtmo.eu\/en\/","name":"Julia Schoppe","image":{"@type":"ImageObject","@id":"https:\/\/science.rmtmo.eu\/en\/actualites\/7e-congres-trinational-climat-energie-de-la-conference-du-rhin-superieur\/#authorImage","url":"https:\/\/secure.gravatar.com\/avatar\/a901258a7b8dcf03b30368978e66936d1876b26f972c0de45f958d78752a1f9e?s=96&d=mm&r=g","width":96,"height":96,"caption":"Julia Schoppe"}},{"@type":"WebPage","@id":"https:\/\/science.rmtmo.eu\/en\/actualites\/7e-congres-trinational-climat-energie-de-la-conference-du-rhin-superieur\/#webpage","url":"https:\/\/science.rmtmo.eu\/en\/actualites\/7e-congres-trinational-climat-energie-de-la-conference-du-rhin-superieur\/","name":"7e Congr\u00e8s trinational climat-\u00e9nergie de la Conf\u00e9rence du Rhin sup\u00e9rieur | S\u00e4ule Wissenschaft","description":"Le 6 octobre 2023, des experts du climat et de l\u2019\u00e9nergie se sont r\u00e9unis \u00e0 l\u2019H\u00f4tel de la Collectivit\u00e9 europ\u00e9enne d\u2019Alsace \u00e0 Strasbourg pour d\u00e9battre des perspectives pour la coop\u00e9ration transfrontali\u00e8re franco-germano-suisse. La R\u00e9gion M\u00e9tropolitaine Trinationale du Rhin sup\u00e9rieur pose le cadre de cette coop\u00e9ration structur\u00e9e en quatre piliers : politique, \u00e9conomique, scientifique et soci\u00e9t\u00e9 civile.","inLanguage":"en-US","isPartOf":{"@id":"https:\/\/science.rmtmo.eu\/en\/#website"},"breadcrumb":{"@id":"https:\/\/science.rmtmo.eu\/en\/actualites\/7e-congres-trinational-climat-energie-de-la-conference-du-rhin-superieur\/#breadcrumblist"},"author":{"@id":"https:\/\/science.rmtmo.eu\/en\/#author"},"creator":{"@id":"https:\/\/science.rmtmo.eu\/en\/#author"},"image":{"@type":"ImageObject","url":"https:\/\/science.rmtmo.eu\/wp-content\/uploads\/2022\/11\/Klima-und-Energiekongress.jpg","@id":"https:\/\/science.rmtmo.eu\/en\/actualites\/7e-congres-trinational-climat-energie-de-la-conference-du-rhin-superieur\/#mainImage","width":310,"height":163},"primaryImageOfPage":{"@id":"https:\/\/science.rmtmo.eu\/en\/actualites\/7e-congres-trinational-climat-energie-de-la-conference-du-rhin-superieur\/#mainImage"},"datePublished":"2022-11-15T08:55:21+01:00","dateModified":"2023-01-05T08:46:42+01:00"},{"@type":"WebSite","@id":"https:\/\/science.rmtmo.eu\/en\/#website","url":"https:\/\/science.rmtmo.eu\/en\/","name":"S\u00e4ule Wissenschaft","description":"Pilier Sciences","inLanguage":"en-US","publisher":{"@id":"https:\/\/science.rmtmo.eu\/en\/#organization"}}]},"og:locale":"en_US","og:site_name":"S\u00e4ule Wissenschaft | Pilier Sciences","og:type":"article","og:title":"7e Congr\u00e8s trinational climat-\u00e9nergie de la Conf\u00e9rence du Rhin sup\u00e9rieur | S\u00e4ule Wissenschaft","og:description":"Le 6 octobre 2023, des experts du climat et de l\u2019\u00e9nergie se sont r\u00e9unis \u00e0 l\u2019H\u00f4tel de la Collectivit\u00e9 europ\u00e9enne d\u2019Alsace \u00e0 Strasbourg pour d\u00e9battre des perspectives pour la coop\u00e9ration transfrontali\u00e8re franco-germano-suisse. La R\u00e9gion M\u00e9tropolitaine Trinationale du Rhin sup\u00e9rieur pose le cadre de cette coop\u00e9ration structur\u00e9e en quatre piliers : politique, \u00e9conomique, scientifique et soci\u00e9t\u00e9 civile.","og:url":"https:\/\/science.rmtmo.eu\/en\/actualites\/7e-congres-trinational-climat-energie-de-la-conference-du-rhin-superieur\/","article:published_time":"2022-11-15T07:55:21+00:00","article:modified_time":"2023-01-05T07:46:42+00:00","twitter:card":"summary","twitter:title":"7e Congr\u00e8s trinational climat-\u00e9nergie de la Conf\u00e9rence du Rhin sup\u00e9rieur | S\u00e4ule Wissenschaft","twitter:description":"Le 6 octobre 2023, des experts du climat et de l\u2019\u00e9nergie se sont r\u00e9unis \u00e0 l\u2019H\u00f4tel de la Collectivit\u00e9 europ\u00e9enne d\u2019Alsace \u00e0 Strasbourg pour d\u00e9battre des perspectives pour la coop\u00e9ration transfrontali\u00e8re franco-germano-suisse. La R\u00e9gion M\u00e9tropolitaine Trinationale du Rhin sup\u00e9rieur pose le cadre de cette coop\u00e9ration structur\u00e9e en quatre piliers : politique, \u00e9conomique, scientifique et soci\u00e9t\u00e9 civile."},"aioseo_meta_data":{"post_id":"12717","title":null,"description":null,"keywords":[],"keyphrases":{"focus":{"keyphrase":"","score":0,"analysis":{"keyphraseInTitle":{"score":0,"maxScore":9,"error":1}}},"additional":[]},"primary_term":null,"canonical_url":null,"og_title":null,"og_description":null,"og_object_type":"default","og_image_type":"default","og_image_url":null,"og_image_width":null,"og_image_height":null,"og_image_custom_url":null,"og_image_custom_fields":null,"og_video":"","og_custom_url":null,"og_article_section":null,"og_article_tags":[],"twitter_use_og":false,"twitter_card":"default","twitter_image_type":"default","twitter_image_url":null,"twitter_image_custom_url":null,"twitter_image_custom_fields":null,"twitter_title":null,"twitter_description":null,"schema":{"blockGraphs":[],"customGraphs":[],"default":{"data":{"Article":{"id":"aioseo-article-637b3a807664a","slug":"article","graphName":"Article","label":"Article","properties":{"type":"BlogPosting","name":"#post_title","headline":"#post_title","description":"#post_excerpt","image":"","keywords":"","author":{"name":"#author_name","url":"#author_url"},"dates":{"include":true,"datePublished":"","dateModified":""}}},"Course":[],"Dataset":[],"FAQPage":[],"Movie":[],"Person":[],"Product":[],"ProductReview":[],"Car":[],"Recipe":[],"Service":[],"SoftwareApplication":[],"WebPage":[]},"graphName":"Article","isEnabled":true},"graphs":[]},"schema_type":"default","schema_type_options":"{\"article\":{\"articleType\":\"BlogPosting\"},\"course\":{\"name\":\"\",\"description\":\"\",\"provider\":\"\"},\"faq\":{\"pages\":[]},\"product\":{\"reviews\":[]},\"recipe\":{\"ingredients\":[],\"instructions\":[],\"keywords\":[]},\"software\":{\"reviews\":[],\"operatingSystems\":[]},\"webPage\":{\"webPageType\":\"WebPage\"},\"blockGraphs\":[]}","pillar_content":false,"robots_default":true,"robots_noindex":false,"robots_noarchive":false,"robots_nosnippet":false,"robots_nofollow":false,"robots_noimageindex":false,"robots_noodp":false,"robots_notranslate":false,"robots_max_snippet":"-1","robots_max_videopreview":"-1","robots_max_imagepreview":"large","priority":null,"frequency":"default","local_seo":null,"breadcrumb_settings":null,"limit_modified_date":false,"ai":null,"created":"2022-11-15 07:54:31","updated":"2025-07-09 00:51:59","focus_keyword":null,"additional_keywords":null,"truseo_locale":null,"seo_analyzer_scan_date":null},"aioseo_breadcrumb":"<div class=\"aioseo-breadcrumbs\"><span class=\"aioseo-breadcrumb\">\n\t\t\t<a href=\"https:\/\/science.rmtmo.eu\/en\/\" title=\"Home\">Home<\/a>\n\t\t<\/span><span class=\"aioseo-breadcrumb-separator\">&raquo;<\/span><span class=\"aioseo-breadcrumb\">\n\t\t\t<a href=\"https:\/\/science.rmtmo.eu\/category\/actualites\/\" title=\"Actualit\u00e9s\">Actualit\u00e9s<\/a>\n\t\t<\/span><span class=\"aioseo-breadcrumb-separator\">&raquo;<\/span><span class=\"aioseo-breadcrumb\">\n\t\t\t7e Congr\u00e8s trinational climat-\u00e9nergie de la Conf\u00e9rence du Rhin sup\u00e9rieur\n\t\t<\/span><\/div>","aioseo_breadcrumb_json":[{"label":"Home","link":"https:\/\/science.rmtmo.eu\/en\/"},{"label":"Actualit\u00e9s","link":"https:\/\/science.rmtmo.eu\/category\/actualites\/"},{"label":"7e Congr\u00e8s trinational climat-\u00e9nergie de la Conf\u00e9rence du Rhin sup\u00e9rieur","link":"https:\/\/science.rmtmo.eu\/en\/actualites\/7e-congres-trinational-climat-energie-de-la-conference-du-rhin-superieur\/"}],"_links":{"self":[{"href":"https:\/\/science.rmtmo.eu\/en\/wp-json\/wp\/v2\/posts\/12717","targetHints":{"allow":["GET"]}}],"collection":[{"href":"https:\/\/science.rmtmo.eu\/en\/wp-json\/wp\/v2\/posts"}],"about":[{"href":"https:\/\/science.rmtmo.eu\/en\/wp-json\/wp\/v2\/types\/post"}],"author":[{"embeddable":true,"href":"https:\/\/science.rmtmo.eu\/en\/wp-json\/wp\/v2\/users\/2"}],"replies":[{"embeddable":true,"href":"https:\/\/science.rmtmo.eu\/en\/wp-json\/wp\/v2\/comments?post=12717"}],"version-history":[{"count":1,"href":"https:\/\/science.rmtmo.eu\/en\/wp-json\/wp\/v2\/posts\/12717\/revisions"}],"predecessor-version":[{"id":12718,"href":"https:\/\/science.rmtmo.eu\/en\/wp-json\/wp\/v2\/posts\/12717\/revisions\/12718"}],"wp:featuredmedia":[{"embeddable":true,"href":"https:\/\/science.rmtmo.eu\/en\/wp-json\/wp\/v2\/media\/12611"}],"wp:attachment":[{"href":"https:\/\/science.rmtmo.eu\/en\/wp-json\/wp\/v2\/media?parent=12717"}],"wp:term":[{"taxonomy":"category","embeddable":true,"href":"https:\/\/science.rmtmo.eu\/en\/wp-json\/wp\/v2\/categories?post=12717"},{"taxonomy":"post_tag","embeddable":true,"href":"https:\/\/science.rmtmo.eu\/en\/wp-json\/wp\/v2\/tags?post=12717"}],"curies":[{"name":"wp","href":"https:\/\/api.w.org\/{rel}","templated":true}]}}