{"id":12474,"date":"2022-09-05T14:28:39","date_gmt":"2022-09-05T12:28:39","guid":{"rendered":"https:\/\/science.rmtmo.eu\/news\/nouveau-programme-europeen-dinnovation\/"},"modified":"2022-09-05T14:28:39","modified_gmt":"2022-09-05T12:28:39","slug":"nouveau-programme-europeen-dinnovation","status":"publish","type":"post","link":"https:\/\/science.rmtmo.eu\/en\/news\/nouveau-programme-europeen-dinnovation\/","title":{"rendered":"Nouveau programme europ\u00e9en d\u2019innovation"},"content":{"rendered":"<p>En juillet dernier, la Commission Europ\u00e9enne a adopt\u00e9 un nouvel agenda de l\u2019innovation. Dot\u00e9 de 45 milliards d\u2019euros, celui-ci vise \u00e0 donner un cadre favorable au d\u00e9veloppement d\u2019innovations r\u00e9pondant aux enjeux de la double transition verte et num\u00e9rique.<!--more--><\/p>\n<p>L\u2019agenda se d\u00e9cline en 25 actions r\u00e9parties entre 5 grands domaines&nbsp;: 1.&nbsp;Financement des scale-ups&nbsp;; 2.&nbsp;Conditions cadres favorables aux innovations deep tech&nbsp;; 3.&nbsp;Promotion des \u00e9cosyst\u00e8mes d\u2019innovation et coh\u00e9sion territoriale europ\u00e9enne en mati\u00e8re d\u2019innovation&nbsp;; 4.&nbsp;Recrutement de talents&nbsp;; 5.&nbsp;Am\u00e9lioration du cadre politique d\u2019innovation.<\/p>\n<p>Plus d\u2019informations&nbsp;:<\/p>\n<p><a href=\"https:\/\/eur-lex.europa.eu\/legal-content\/FR\/TXT\/PDF\/?uri=CELEX:52022DC0332&amp;from=EN\" target=\"_blank\" rel=\"noopener\">https:\/\/eur-lex.europa.eu\/legal-content\/FR\/TXT\/PDF\/?uri=CELEX:52022DC0332&amp;from=EN<\/a><\/p>\n","protected":false},"excerpt":{"rendered":"<p>En juillet dernier, la Commission Europ\u00e9enne a adopt\u00e9 un nouvel agenda de l\u2019innovation. Dot\u00e9 de 45 milliards d\u2019euros, celui-ci vise \u00e0 donner un cadre favorable au d\u00e9veloppement d\u2019innovations r\u00e9pondant aux enjeux de la double transition verte et num\u00e9rique.<\/p>\n","protected":false},"author":2,"featured_media":12469,"comment_status":"closed","ping_status":"closed","sticky":false,"template":"","format":"standard","meta":{"ngg_post_thumbnail":0,"footnotes":""},"categories":[8],"tags":[],"class_list":["post-12474","post","type-post","status-publish","format-standard","has-post-thumbnail","hentry","category-news"],"aioseo_notices":[],"aioseo_head":"\n\t\t<!-- All in One SEO 5.0.1 - aioseo.com -->\n\t<meta name=\"description\" content=\"En juillet dernier, la Commission Europ\u00e9enne a adopt\u00e9 un nouvel agenda de l\u2019innovation. Dot\u00e9 de 45 milliards d\u2019euros, celui-ci vise \u00e0 donner un cadre favorable au d\u00e9veloppement d\u2019innovations r\u00e9pondant aux enjeux de la double transition verte et num\u00e9rique. L\u2019agenda se d\u00e9cline en 25 actions r\u00e9parties entre 5 grands domaines : 1. Financement des scale-ups ; 2. Conditions cadres favorables\" \/>\n\t<meta name=\"robots\" content=\"max-image-preview:large\" \/>\n\t<meta name=\"author\" content=\"Julia Schoppe\"\/>\n\t<link rel=\"canonical\" href=\"https:\/\/science.rmtmo.eu\/en\/news\/nouveau-programme-europeen-dinnovation\/\" \/>\n\t<meta name=\"generator\" content=\"All in One SEO (AIOSEO) 5.0.1\" \/>\n\t\t<meta property=\"og:locale\" content=\"en_US\" \/>\n\t\t<meta property=\"og:site_name\" content=\"S\u00e4ule Wissenschaft | Pilier Sciences\" \/>\n\t\t<meta property=\"og:type\" content=\"article\" \/>\n\t\t<meta property=\"og:title\" content=\"Nouveau programme europ\u00e9en d\u2019innovation | S\u00e4ule Wissenschaft\" \/>\n\t\t<meta property=\"og:description\" content=\"En juillet dernier, la Commission Europ\u00e9enne a adopt\u00e9 un nouvel agenda de l\u2019innovation. Dot\u00e9 de 45 milliards d\u2019euros, celui-ci vise \u00e0 donner un cadre favorable au d\u00e9veloppement d\u2019innovations r\u00e9pondant aux enjeux de la double transition verte et num\u00e9rique. L\u2019agenda se d\u00e9cline en 25 actions r\u00e9parties entre 5 grands domaines : 1. Financement des scale-ups ; 2. Conditions cadres favorables\" \/>\n\t\t<meta property=\"og:url\" content=\"https:\/\/science.rmtmo.eu\/en\/news\/nouveau-programme-europeen-dinnovation\/\" \/>\n\t\t<meta property=\"article:published_time\" content=\"2022-09-05T12:28:39+00:00\" \/>\n\t\t<meta property=\"article:modified_time\" content=\"2022-09-05T12:28:39+00:00\" \/>\n\t\t<meta name=\"twitter:card\" content=\"summary\" \/>\n\t\t<meta name=\"twitter:title\" content=\"Nouveau programme europ\u00e9en d\u2019innovation | S\u00e4ule Wissenschaft\" \/>\n\t\t<meta name=\"twitter:description\" content=\"En juillet dernier, la Commission Europ\u00e9enne a adopt\u00e9 un nouvel agenda de l\u2019innovation. Dot\u00e9 de 45 milliards d\u2019euros, celui-ci vise \u00e0 donner un cadre favorable au d\u00e9veloppement d\u2019innovations r\u00e9pondant aux enjeux de la double transition verte et num\u00e9rique. L\u2019agenda se d\u00e9cline en 25 actions r\u00e9parties entre 5 grands domaines : 1. Financement des scale-ups ; 2. Conditions cadres favorables\" \/>\n\t\t<script type=\"application\/ld+json\" class=\"aioseo-schema\">\n\t\t\t{\"@context\":\"https:\\\/\\\/schema.org\",\"@graph\":[{\"@type\":\"Article\",\"@id\":\"https:\\\/\\\/science.rmtmo.eu\\\/en\\\/news\\\/nouveau-programme-europeen-dinnovation\\\/#article\",\"name\":\"Nouveau programme europ\\u00e9en d\\u2019innovation | S\\u00e4ule Wissenschaft\",\"headline\":\"Nouveau programme europ\\u00e9en d\\u2019innovation\",\"author\":{\"@id\":\"https:\\\/\\\/science.rmtmo.eu\\\/en\\\/#author\"},\"publisher\":{\"@id\":\"https:\\\/\\\/science.rmtmo.eu\\\/en\\\/#organization\"},\"image\":{\"@type\":\"ImageObject\",\"url\":\"https:\\\/\\\/science.rmtmo.eu\\\/wp-content\\\/uploads\\\/2022\\\/09\\\/A-new-European-innovation-agenda.jpg\",\"width\":490,\"height\":253},\"datePublished\":\"2022-09-05T14:28:39+02:00\",\"dateModified\":\"2022-09-05T14:28:39+02:00\",\"inLanguage\":\"en-US\",\"mainEntityOfPage\":{\"@id\":\"https:\\\/\\\/science.rmtmo.eu\\\/en\\\/news\\\/nouveau-programme-europeen-dinnovation\\\/#webpage\"},\"isPartOf\":{\"@id\":\"https:\\\/\\\/science.rmtmo.eu\\\/en\\\/news\\\/nouveau-programme-europeen-dinnovation\\\/#webpage\"},\"articleSection\":\"News\"},{\"@type\":\"BreadcrumbList\",\"@id\":\"https:\\\/\\\/science.rmtmo.eu\\\/en\\\/news\\\/nouveau-programme-europeen-dinnovation\\\/#breadcrumblist\",\"itemListElement\":[{\"@type\":\"ListItem\",\"@id\":\"https:\\\/\\\/science.rmtmo.eu\\\/en\\\/#listItem\",\"position\":1,\"name\":\"Home\",\"item\":\"https:\\\/\\\/science.rmtmo.eu\\\/en\\\/\",\"nextItem\":{\"@type\":\"ListItem\",\"@id\":\"https:\\\/\\\/science.rmtmo.eu\\\/en\\\/category\\\/news\\\/#listItem\",\"name\":\"News\"}},{\"@type\":\"ListItem\",\"@id\":\"https:\\\/\\\/science.rmtmo.eu\\\/en\\\/category\\\/news\\\/#listItem\",\"position\":2,\"name\":\"News\",\"item\":\"https:\\\/\\\/science.rmtmo.eu\\\/en\\\/category\\\/news\\\/\",\"nextItem\":{\"@type\":\"ListItem\",\"@id\":\"https:\\\/\\\/science.rmtmo.eu\\\/en\\\/news\\\/nouveau-programme-europeen-dinnovation\\\/#listItem\",\"name\":\"Nouveau programme europ\\u00e9en d\\u2019innovation\"},\"previousItem\":{\"@type\":\"ListItem\",\"@id\":\"https:\\\/\\\/science.rmtmo.eu\\\/en\\\/#listItem\",\"name\":\"Home\"}},{\"@type\":\"ListItem\",\"@id\":\"https:\\\/\\\/science.rmtmo.eu\\\/en\\\/news\\\/nouveau-programme-europeen-dinnovation\\\/#listItem\",\"position\":3,\"name\":\"Nouveau programme europ\\u00e9en d\\u2019innovation\",\"previousItem\":{\"@type\":\"ListItem\",\"@id\":\"https:\\\/\\\/science.rmtmo.eu\\\/en\\\/category\\\/news\\\/#listItem\",\"name\":\"News\"}}]},{\"@type\":\"Organization\",\"@id\":\"https:\\\/\\\/science.rmtmo.eu\\\/en\\\/#organization\",\"name\":\"S\\u00e4ule Wissenschaft\",\"description\":\"Pilier Sciences\",\"url\":\"https:\\\/\\\/science.rmtmo.eu\\\/en\\\/\"},{\"@type\":\"Person\",\"@id\":\"https:\\\/\\\/science.rmtmo.eu\\\/en\\\/#author\",\"url\":\"https:\\\/\\\/science.rmtmo.eu\\\/en\\\/\",\"name\":\"Julia Schoppe\",\"image\":{\"@type\":\"ImageObject\",\"@id\":\"https:\\\/\\\/science.rmtmo.eu\\\/en\\\/news\\\/nouveau-programme-europeen-dinnovation\\\/#authorImage\",\"url\":\"https:\\\/\\\/secure.gravatar.com\\\/avatar\\\/a901258a7b8dcf03b30368978e66936d1876b26f972c0de45f958d78752a1f9e?s=96&d=mm&r=g\",\"width\":96,\"height\":96,\"caption\":\"Julia Schoppe\"}},{\"@type\":\"WebPage\",\"@id\":\"https:\\\/\\\/science.rmtmo.eu\\\/en\\\/news\\\/nouveau-programme-europeen-dinnovation\\\/#webpage\",\"url\":\"https:\\\/\\\/science.rmtmo.eu\\\/en\\\/news\\\/nouveau-programme-europeen-dinnovation\\\/\",\"name\":\"Nouveau programme europ\\u00e9en d\\u2019innovation | S\\u00e4ule Wissenschaft\",\"description\":\"En juillet dernier, la Commission Europ\\u00e9enne a adopt\\u00e9 un nouvel agenda de l\\u2019innovation. Dot\\u00e9 de 45 milliards d\\u2019euros, celui-ci vise \\u00e0 donner un cadre favorable au d\\u00e9veloppement d\\u2019innovations r\\u00e9pondant aux enjeux de la double transition verte et num\\u00e9rique. L\\u2019agenda se d\\u00e9cline en 25 actions r\\u00e9parties entre 5 grands domaines : 1. Financement des scale-ups ; 2. Conditions cadres favorables\",\"inLanguage\":\"en-US\",\"isPartOf\":{\"@id\":\"https:\\\/\\\/science.rmtmo.eu\\\/en\\\/#website\"},\"breadcrumb\":{\"@id\":\"https:\\\/\\\/science.rmtmo.eu\\\/en\\\/news\\\/nouveau-programme-europeen-dinnovation\\\/#breadcrumblist\"},\"author\":{\"@id\":\"https:\\\/\\\/science.rmtmo.eu\\\/en\\\/#author\"},\"creator\":{\"@id\":\"https:\\\/\\\/science.rmtmo.eu\\\/en\\\/#author\"},\"image\":{\"@type\":\"ImageObject\",\"url\":\"https:\\\/\\\/science.rmtmo.eu\\\/wp-content\\\/uploads\\\/2022\\\/09\\\/A-new-European-innovation-agenda.jpg\",\"@id\":\"https:\\\/\\\/science.rmtmo.eu\\\/en\\\/news\\\/nouveau-programme-europeen-dinnovation\\\/#mainImage\",\"width\":490,\"height\":253},\"primaryImageOfPage\":{\"@id\":\"https:\\\/\\\/science.rmtmo.eu\\\/en\\\/news\\\/nouveau-programme-europeen-dinnovation\\\/#mainImage\"},\"datePublished\":\"2022-09-05T14:28:39+02:00\",\"dateModified\":\"2022-09-05T14:28:39+02:00\"},{\"@type\":\"WebSite\",\"@id\":\"https:\\\/\\\/science.rmtmo.eu\\\/en\\\/#website\",\"url\":\"https:\\\/\\\/science.rmtmo.eu\\\/en\\\/\",\"name\":\"S\\u00e4ule Wissenschaft\",\"description\":\"Pilier Sciences\",\"inLanguage\":\"en-US\",\"publisher\":{\"@id\":\"https:\\\/\\\/science.rmtmo.eu\\\/en\\\/#organization\"}}]}\n\t\t<\/script>\n\t\t<!-- All in One SEO -->\n\n","aioseo_head_json":{"title":"Nouveau programme europ\u00e9en d\u2019innovation | S\u00e4ule Wissenschaft","description":"En juillet dernier, la Commission Europ\u00e9enne a adopt\u00e9 un nouvel agenda de l\u2019innovation. Dot\u00e9 de 45 milliards d\u2019euros, celui-ci vise \u00e0 donner un cadre favorable au d\u00e9veloppement d\u2019innovations r\u00e9pondant aux enjeux de la double transition verte et num\u00e9rique. L\u2019agenda se d\u00e9cline en 25 actions r\u00e9parties entre 5 grands domaines : 1. Financement des scale-ups ; 2. Conditions cadres favorables","canonical_url":"https:\/\/science.rmtmo.eu\/en\/news\/nouveau-programme-europeen-dinnovation\/","robots":"max-image-preview:large","keywords":"","webmasterTools":{"miscellaneous":""},"schema":{"@context":"https:\/\/schema.org","@graph":[{"@type":"Article","@id":"https:\/\/science.rmtmo.eu\/en\/news\/nouveau-programme-europeen-dinnovation\/#article","name":"Nouveau programme europ\u00e9en d\u2019innovation | S\u00e4ule Wissenschaft","headline":"Nouveau programme europ\u00e9en d\u2019innovation","author":{"@id":"https:\/\/science.rmtmo.eu\/en\/#author"},"publisher":{"@id":"https:\/\/science.rmtmo.eu\/en\/#organization"},"image":{"@type":"ImageObject","url":"https:\/\/science.rmtmo.eu\/wp-content\/uploads\/2022\/09\/A-new-European-innovation-agenda.jpg","width":490,"height":253},"datePublished":"2022-09-05T14:28:39+02:00","dateModified":"2022-09-05T14:28:39+02:00","inLanguage":"en-US","mainEntityOfPage":{"@id":"https:\/\/science.rmtmo.eu\/en\/news\/nouveau-programme-europeen-dinnovation\/#webpage"},"isPartOf":{"@id":"https:\/\/science.rmtmo.eu\/en\/news\/nouveau-programme-europeen-dinnovation\/#webpage"},"articleSection":"News"},{"@type":"BreadcrumbList","@id":"https:\/\/science.rmtmo.eu\/en\/news\/nouveau-programme-europeen-dinnovation\/#breadcrumblist","itemListElement":[{"@type":"ListItem","@id":"https:\/\/science.rmtmo.eu\/en\/#listItem","position":1,"name":"Home","item":"https:\/\/science.rmtmo.eu\/en\/","nextItem":{"@type":"ListItem","@id":"https:\/\/science.rmtmo.eu\/en\/category\/news\/#listItem","name":"News"}},{"@type":"ListItem","@id":"https:\/\/science.rmtmo.eu\/en\/category\/news\/#listItem","position":2,"name":"News","item":"https:\/\/science.rmtmo.eu\/en\/category\/news\/","nextItem":{"@type":"ListItem","@id":"https:\/\/science.rmtmo.eu\/en\/news\/nouveau-programme-europeen-dinnovation\/#listItem","name":"Nouveau programme europ\u00e9en d\u2019innovation"},"previousItem":{"@type":"ListItem","@id":"https:\/\/science.rmtmo.eu\/en\/#listItem","name":"Home"}},{"@type":"ListItem","@id":"https:\/\/science.rmtmo.eu\/en\/news\/nouveau-programme-europeen-dinnovation\/#listItem","position":3,"name":"Nouveau programme europ\u00e9en d\u2019innovation","previousItem":{"@type":"ListItem","@id":"https:\/\/science.rmtmo.eu\/en\/category\/news\/#listItem","name":"News"}}]},{"@type":"Organization","@id":"https:\/\/science.rmtmo.eu\/en\/#organization","name":"S\u00e4ule Wissenschaft","description":"Pilier Sciences","url":"https:\/\/science.rmtmo.eu\/en\/"},{"@type":"Person","@id":"https:\/\/science.rmtmo.eu\/en\/#author","url":"https:\/\/science.rmtmo.eu\/en\/","name":"Julia Schoppe","image":{"@type":"ImageObject","@id":"https:\/\/science.rmtmo.eu\/en\/news\/nouveau-programme-europeen-dinnovation\/#authorImage","url":"https:\/\/secure.gravatar.com\/avatar\/a901258a7b8dcf03b30368978e66936d1876b26f972c0de45f958d78752a1f9e?s=96&d=mm&r=g","width":96,"height":96,"caption":"Julia Schoppe"}},{"@type":"WebPage","@id":"https:\/\/science.rmtmo.eu\/en\/news\/nouveau-programme-europeen-dinnovation\/#webpage","url":"https:\/\/science.rmtmo.eu\/en\/news\/nouveau-programme-europeen-dinnovation\/","name":"Nouveau programme europ\u00e9en d\u2019innovation | S\u00e4ule Wissenschaft","description":"En juillet dernier, la Commission Europ\u00e9enne a adopt\u00e9 un nouvel agenda de l\u2019innovation. Dot\u00e9 de 45 milliards d\u2019euros, celui-ci vise \u00e0 donner un cadre favorable au d\u00e9veloppement d\u2019innovations r\u00e9pondant aux enjeux de la double transition verte et num\u00e9rique. L\u2019agenda se d\u00e9cline en 25 actions r\u00e9parties entre 5 grands domaines : 1. Financement des scale-ups ; 2. Conditions cadres favorables","inLanguage":"en-US","isPartOf":{"@id":"https:\/\/science.rmtmo.eu\/en\/#website"},"breadcrumb":{"@id":"https:\/\/science.rmtmo.eu\/en\/news\/nouveau-programme-europeen-dinnovation\/#breadcrumblist"},"author":{"@id":"https:\/\/science.rmtmo.eu\/en\/#author"},"creator":{"@id":"https:\/\/science.rmtmo.eu\/en\/#author"},"image":{"@type":"ImageObject","url":"https:\/\/science.rmtmo.eu\/wp-content\/uploads\/2022\/09\/A-new-European-innovation-agenda.jpg","@id":"https:\/\/science.rmtmo.eu\/en\/news\/nouveau-programme-europeen-dinnovation\/#mainImage","width":490,"height":253},"primaryImageOfPage":{"@id":"https:\/\/science.rmtmo.eu\/en\/news\/nouveau-programme-europeen-dinnovation\/#mainImage"},"datePublished":"2022-09-05T14:28:39+02:00","dateModified":"2022-09-05T14:28:39+02:00"},{"@type":"WebSite","@id":"https:\/\/science.rmtmo.eu\/en\/#website","url":"https:\/\/science.rmtmo.eu\/en\/","name":"S\u00e4ule Wissenschaft","description":"Pilier Sciences","inLanguage":"en-US","publisher":{"@id":"https:\/\/science.rmtmo.eu\/en\/#organization"}}]},"og:locale":"en_US","og:site_name":"S\u00e4ule Wissenschaft | Pilier Sciences","og:type":"article","og:title":"Nouveau programme europ\u00e9en d\u2019innovation | S\u00e4ule Wissenschaft","og:description":"En juillet dernier, la Commission Europ\u00e9enne a adopt\u00e9 un nouvel agenda de l\u2019innovation. Dot\u00e9 de 45 milliards d\u2019euros, celui-ci vise \u00e0 donner un cadre favorable au d\u00e9veloppement d\u2019innovations r\u00e9pondant aux enjeux de la double transition verte et num\u00e9rique. L\u2019agenda se d\u00e9cline en 25 actions r\u00e9parties entre 5 grands domaines : 1. Financement des scale-ups ; 2. Conditions cadres favorables","og:url":"https:\/\/science.rmtmo.eu\/en\/news\/nouveau-programme-europeen-dinnovation\/","article:published_time":"2022-09-05T12:28:39+00:00","article:modified_time":"2022-09-05T12:28:39+00:00","twitter:card":"summary","twitter:title":"Nouveau programme europ\u00e9en d\u2019innovation | S\u00e4ule Wissenschaft","twitter:description":"En juillet dernier, la Commission Europ\u00e9enne a adopt\u00e9 un nouvel agenda de l\u2019innovation. Dot\u00e9 de 45 milliards d\u2019euros, celui-ci vise \u00e0 donner un cadre favorable au d\u00e9veloppement d\u2019innovations r\u00e9pondant aux enjeux de la double transition verte et num\u00e9rique. L\u2019agenda se d\u00e9cline en 25 actions r\u00e9parties entre 5 grands domaines : 1. Financement des scale-ups ; 2. Conditions cadres favorables"},"aioseo_meta_data":{"post_id":"12474","title":null,"description":null,"keywords":null,"keyphrases":null,"primary_term":null,"canonical_url":null,"og_title":null,"og_description":null,"og_object_type":"default","og_image_type":"default","og_image_url":null,"og_image_width":null,"og_image_height":null,"og_image_custom_url":null,"og_image_custom_fields":null,"og_video":null,"og_custom_url":null,"og_article_section":null,"og_article_tags":null,"twitter_use_og":false,"twitter_card":"default","twitter_image_type":"default","twitter_image_url":null,"twitter_image_custom_url":null,"twitter_image_custom_fields":null,"twitter_title":null,"twitter_description":null,"schema":{"blockGraphs":[],"customGraphs":[],"default":{"data":{"Article":[],"Course":[],"Dataset":[],"FAQPage":[],"Movie":[],"Person":[],"Product":[],"ProductReview":[],"Car":[],"Recipe":[],"Service":[],"SoftwareApplication":[],"WebPage":[]},"graphName":"","isEnabled":true},"graphs":[]},"schema_type":"default","schema_type_options":null,"pillar_content":false,"robots_default":true,"robots_noindex":false,"robots_noarchive":false,"robots_nosnippet":false,"robots_nofollow":false,"robots_noimageindex":false,"robots_noodp":false,"robots_notranslate":false,"robots_max_snippet":null,"robots_max_videopreview":null,"robots_max_imagepreview":"large","priority":null,"frequency":null,"local_seo":null,"breadcrumb_settings":null,"limit_modified_date":false,"ai":null,"created":"2022-09-05 12:36:16","updated":"2025-07-09 00:45:01","focus_keyword":null,"additional_keywords":null,"truseo_locale":null,"seo_analyzer_scan_date":null},"aioseo_breadcrumb":"<div class=\"aioseo-breadcrumbs\"><span class=\"aioseo-breadcrumb\">\n\t\t\t<a href=\"https:\/\/science.rmtmo.eu\/en\/\" title=\"Home\">Home<\/a>\n\t\t<\/span><span class=\"aioseo-breadcrumb-separator\">&raquo;<\/span><span class=\"aioseo-breadcrumb\">\n\t\t\t<a href=\"https:\/\/science.rmtmo.eu\/en\/category\/news\/\" title=\"News\">News<\/a>\n\t\t<\/span><span class=\"aioseo-breadcrumb-separator\">&raquo;<\/span><span class=\"aioseo-breadcrumb\">\n\t\t\tNouveau programme europ\u00e9en d\u2019innovation\n\t\t<\/span><\/div>","aioseo_breadcrumb_json":[{"label":"Home","link":"https:\/\/science.rmtmo.eu\/en\/"},{"label":"News","link":"https:\/\/science.rmtmo.eu\/en\/category\/news\/"},{"label":"Nouveau programme europ\u00e9en d\u2019innovation","link":"https:\/\/science.rmtmo.eu\/en\/news\/nouveau-programme-europeen-dinnovation\/"}],"_links":{"self":[{"href":"https:\/\/science.rmtmo.eu\/en\/wp-json\/wp\/v2\/posts\/12474","targetHints":{"allow":["GET"]}}],"collection":[{"href":"https:\/\/science.rmtmo.eu\/en\/wp-json\/wp\/v2\/posts"}],"about":[{"href":"https:\/\/science.rmtmo.eu\/en\/wp-json\/wp\/v2\/types\/post"}],"author":[{"embeddable":true,"href":"https:\/\/science.rmtmo.eu\/en\/wp-json\/wp\/v2\/users\/2"}],"replies":[{"embeddable":true,"href":"https:\/\/science.rmtmo.eu\/en\/wp-json\/wp\/v2\/comments?post=12474"}],"version-history":[{"count":0,"href":"https:\/\/science.rmtmo.eu\/en\/wp-json\/wp\/v2\/posts\/12474\/revisions"}],"wp:featuredmedia":[{"embeddable":true,"href":"https:\/\/science.rmtmo.eu\/en\/wp-json\/wp\/v2\/media\/12469"}],"wp:attachment":[{"href":"https:\/\/science.rmtmo.eu\/en\/wp-json\/wp\/v2\/media?parent=12474"}],"wp:term":[{"taxonomy":"category","embeddable":true,"href":"https:\/\/science.rmtmo.eu\/en\/wp-json\/wp\/v2\/categories?post=12474"},{"taxonomy":"post_tag","embeddable":true,"href":"https:\/\/science.rmtmo.eu\/en\/wp-json\/wp\/v2\/tags?post=12474"}],"curies":[{"name":"wp","href":"https:\/\/api.w.org\/{rel}","templated":true}]}}