{"id":12449,"date":"2022-09-05T12:10:09","date_gmt":"2022-09-05T10:10:09","guid":{"rendered":"https:\/\/science.rmtmo.eu\/news\/exzellenzzentrum-jean-monnet-der-universitaet-strassburg-verlaengert\/"},"modified":"2022-09-05T12:10:09","modified_gmt":"2022-09-05T10:10:09","slug":"exzellenzzentrum-jean-monnet-der-universitaet-strassburg-verlaengert","status":"publish","type":"post","link":"https:\/\/science.rmtmo.eu\/en\/news\/exzellenzzentrum-jean-monnet-der-universitaet-strassburg-verlaengert\/","title":{"rendered":"Exzellenzzentrum Jean Monnet der Universit\u00e4t Stra\u00dfburg verl\u00e4ngert"},"content":{"rendered":"<p>Das von der Universit\u00e4t Stra\u00dfburg geleitete deutsch-franz\u00f6sische Exzellenzzentrum Jean Monnet, zu dem auch das Euro-Institut geh\u00f6rt, wurde von der Europ\u00e4ischen Kommission verl\u00e4ngert.<!--more--><\/p>\n<p>Dieses Zentrum zielt f\u00fcr die n\u00e4chsten drei Jahre darauf ab, eine Beobachtungsstelle f\u00fcr Grenzr\u00e4ume als Laboratorien der europ\u00e4ischen Integration zu schaffen. Aufgrund seines integrierten deutsch-franz\u00f6sischen grenz\u00fcberschreitenden Charakters ist es auch als Tool f\u00fcr die Widerstandsf\u00e4higkeit der Grenzregionen als Modelle eines Europas ohne Grenzen konzipiert.<\/p>\n<p>Das Exzellenzzentrum wird zu diesem Zweck in drei Schl\u00fcsselbereichen t\u00e4tig sein: 1- Forschung, 2- Aus- und Fortbildung (u.a. mit einem neu zu entwickelnden gemeinsamen Master im Bereich der grenz\u00fcberschreitenden Mobilit\u00e4t &#8211; European-Mobility-Master LL.M.) und 3- \u201e\u00d6ffnung f\u00fcr die Zivilgesellschaft\u201c.<\/p>\n<p>Weitere Informationen:<\/p>\n<p><a href=\"https:\/\/www.euroinstitut.org\/aktuelles-detail?tx_ttnews%5Btt_news%5D=1193&amp;cHash=121c9956874dd7cf20ae7a74f6b2f4e3\" target=\"_blank\" rel=\"noopener\">https:\/\/www.euroinstitut.org\/aktuelles-detail?tx_ttnews%5Btt_news%5D=1193&amp;cHash=121c9956874dd7cf20ae7a74f6b2f4e3<\/a><\/p>\n","protected":false},"excerpt":{"rendered":"<p>Das von der Universit\u00e4t Stra\u00dfburg geleitete deutsch-franz\u00f6sische Exzellenzzentrum Jean Monnet, zu dem auch das Euro-Institut geh\u00f6rt, wurde von der Europ\u00e4ischen Kommission verl\u00e4ngert.<\/p>\n","protected":false},"author":2,"featured_media":12444,"comment_status":"closed","ping_status":"closed","sticky":false,"template":"","format":"standard","meta":{"ngg_post_thumbnail":0,"footnotes":""},"categories":[8],"tags":[],"class_list":["post-12449","post","type-post","status-publish","format-standard","has-post-thumbnail","hentry","category-news"],"aioseo_notices":[],"aioseo_head":"\n\t\t<!-- All in One SEO 5.0.1 - aioseo.com -->\n\t<meta name=\"description\" content=\"Das von der Universit\u00e4t Stra\u00dfburg geleitete deutsch-franz\u00f6sische Exzellenzzentrum Jean Monnet, zu dem auch das Euro-Institut geh\u00f6rt, wurde von der Europ\u00e4ischen Kommission verl\u00e4ngert. Dieses Zentrum zielt f\u00fcr die n\u00e4chsten drei Jahre darauf ab, eine Beobachtungsstelle f\u00fcr Grenzr\u00e4ume als Laboratorien der europ\u00e4ischen Integration zu schaffen. Aufgrund seines integrierten deutsch-franz\u00f6sischen grenz\u00fcberschreitenden Charakters ist es auch als Tool f\u00fcr\" \/>\n\t<meta name=\"robots\" content=\"max-image-preview:large\" \/>\n\t<meta name=\"author\" content=\"Julia Schoppe\"\/>\n\t<link rel=\"canonical\" href=\"https:\/\/science.rmtmo.eu\/en\/news\/exzellenzzentrum-jean-monnet-der-universitaet-strassburg-verlaengert\/\" \/>\n\t<meta name=\"generator\" content=\"All in One SEO (AIOSEO) 5.0.1\" \/>\n\t\t<meta property=\"og:locale\" content=\"en_US\" \/>\n\t\t<meta property=\"og:site_name\" content=\"S\u00e4ule Wissenschaft | Pilier Sciences\" \/>\n\t\t<meta property=\"og:type\" content=\"article\" \/>\n\t\t<meta property=\"og:title\" content=\"Exzellenzzentrum Jean Monnet der Universit\u00e4t Stra\u00dfburg verl\u00e4ngert | S\u00e4ule Wissenschaft\" \/>\n\t\t<meta property=\"og:description\" content=\"Das von der Universit\u00e4t Stra\u00dfburg geleitete deutsch-franz\u00f6sische Exzellenzzentrum Jean Monnet, zu dem auch das Euro-Institut geh\u00f6rt, wurde von der Europ\u00e4ischen Kommission verl\u00e4ngert. Dieses Zentrum zielt f\u00fcr die n\u00e4chsten drei Jahre darauf ab, eine Beobachtungsstelle f\u00fcr Grenzr\u00e4ume als Laboratorien der europ\u00e4ischen Integration zu schaffen. Aufgrund seines integrierten deutsch-franz\u00f6sischen grenz\u00fcberschreitenden Charakters ist es auch als Tool f\u00fcr\" \/>\n\t\t<meta property=\"og:url\" content=\"https:\/\/science.rmtmo.eu\/en\/news\/exzellenzzentrum-jean-monnet-der-universitaet-strassburg-verlaengert\/\" \/>\n\t\t<meta property=\"article:published_time\" content=\"2022-09-05T10:10:09+00:00\" \/>\n\t\t<meta property=\"article:modified_time\" content=\"2022-09-05T10:10:09+00:00\" \/>\n\t\t<meta name=\"twitter:card\" content=\"summary\" \/>\n\t\t<meta name=\"twitter:title\" content=\"Exzellenzzentrum Jean Monnet der Universit\u00e4t Stra\u00dfburg verl\u00e4ngert | S\u00e4ule Wissenschaft\" \/>\n\t\t<meta name=\"twitter:description\" content=\"Das von der Universit\u00e4t Stra\u00dfburg geleitete deutsch-franz\u00f6sische Exzellenzzentrum Jean Monnet, zu dem auch das Euro-Institut geh\u00f6rt, wurde von der Europ\u00e4ischen Kommission verl\u00e4ngert. Dieses Zentrum zielt f\u00fcr die n\u00e4chsten drei Jahre darauf ab, eine Beobachtungsstelle f\u00fcr Grenzr\u00e4ume als Laboratorien der europ\u00e4ischen Integration zu schaffen. Aufgrund seines integrierten deutsch-franz\u00f6sischen grenz\u00fcberschreitenden Charakters ist es auch als Tool f\u00fcr\" \/>\n\t\t<script type=\"application\/ld+json\" class=\"aioseo-schema\">\n\t\t\t{\"@context\":\"https:\\\/\\\/schema.org\",\"@graph\":[{\"@type\":\"Article\",\"@id\":\"https:\\\/\\\/science.rmtmo.eu\\\/en\\\/news\\\/exzellenzzentrum-jean-monnet-der-universitaet-strassburg-verlaengert\\\/#article\",\"name\":\"Exzellenzzentrum Jean Monnet der Universit\\u00e4t Stra\\u00dfburg verl\\u00e4ngert | S\\u00e4ule Wissenschaft\",\"headline\":\"Exzellenzzentrum Jean Monnet der Universit\\u00e4t Stra\\u00dfburg verl\\u00e4ngert\",\"author\":{\"@id\":\"https:\\\/\\\/science.rmtmo.eu\\\/en\\\/#author\"},\"publisher\":{\"@id\":\"https:\\\/\\\/science.rmtmo.eu\\\/en\\\/#organization\"},\"image\":{\"@type\":\"ImageObject\",\"url\":\"https:\\\/\\\/science.rmtmo.eu\\\/wp-content\\\/uploads\\\/2022\\\/09\\\/Centre-JM.jpg\",\"width\":234,\"height\":180},\"datePublished\":\"2022-09-05T12:10:09+02:00\",\"dateModified\":\"2022-09-05T12:10:09+02:00\",\"inLanguage\":\"en-US\",\"mainEntityOfPage\":{\"@id\":\"https:\\\/\\\/science.rmtmo.eu\\\/en\\\/news\\\/exzellenzzentrum-jean-monnet-der-universitaet-strassburg-verlaengert\\\/#webpage\"},\"isPartOf\":{\"@id\":\"https:\\\/\\\/science.rmtmo.eu\\\/en\\\/news\\\/exzellenzzentrum-jean-monnet-der-universitaet-strassburg-verlaengert\\\/#webpage\"},\"articleSection\":\"News\"},{\"@type\":\"BreadcrumbList\",\"@id\":\"https:\\\/\\\/science.rmtmo.eu\\\/en\\\/news\\\/exzellenzzentrum-jean-monnet-der-universitaet-strassburg-verlaengert\\\/#breadcrumblist\",\"itemListElement\":[{\"@type\":\"ListItem\",\"@id\":\"https:\\\/\\\/science.rmtmo.eu\\\/en\\\/#listItem\",\"position\":1,\"name\":\"Home\",\"item\":\"https:\\\/\\\/science.rmtmo.eu\\\/en\\\/\",\"nextItem\":{\"@type\":\"ListItem\",\"@id\":\"https:\\\/\\\/science.rmtmo.eu\\\/en\\\/category\\\/news\\\/#listItem\",\"name\":\"News\"}},{\"@type\":\"ListItem\",\"@id\":\"https:\\\/\\\/science.rmtmo.eu\\\/en\\\/category\\\/news\\\/#listItem\",\"position\":2,\"name\":\"News\",\"item\":\"https:\\\/\\\/science.rmtmo.eu\\\/en\\\/category\\\/news\\\/\",\"nextItem\":{\"@type\":\"ListItem\",\"@id\":\"https:\\\/\\\/science.rmtmo.eu\\\/en\\\/news\\\/exzellenzzentrum-jean-monnet-der-universitaet-strassburg-verlaengert\\\/#listItem\",\"name\":\"Exzellenzzentrum Jean Monnet der Universit\\u00e4t Stra\\u00dfburg verl\\u00e4ngert\"},\"previousItem\":{\"@type\":\"ListItem\",\"@id\":\"https:\\\/\\\/science.rmtmo.eu\\\/en\\\/#listItem\",\"name\":\"Home\"}},{\"@type\":\"ListItem\",\"@id\":\"https:\\\/\\\/science.rmtmo.eu\\\/en\\\/news\\\/exzellenzzentrum-jean-monnet-der-universitaet-strassburg-verlaengert\\\/#listItem\",\"position\":3,\"name\":\"Exzellenzzentrum Jean Monnet der Universit\\u00e4t Stra\\u00dfburg verl\\u00e4ngert\",\"previousItem\":{\"@type\":\"ListItem\",\"@id\":\"https:\\\/\\\/science.rmtmo.eu\\\/en\\\/category\\\/news\\\/#listItem\",\"name\":\"News\"}}]},{\"@type\":\"Organization\",\"@id\":\"https:\\\/\\\/science.rmtmo.eu\\\/en\\\/#organization\",\"name\":\"S\\u00e4ule Wissenschaft\",\"description\":\"Pilier Sciences\",\"url\":\"https:\\\/\\\/science.rmtmo.eu\\\/en\\\/\"},{\"@type\":\"Person\",\"@id\":\"https:\\\/\\\/science.rmtmo.eu\\\/en\\\/#author\",\"url\":\"https:\\\/\\\/science.rmtmo.eu\\\/en\\\/\",\"name\":\"Julia Schoppe\",\"image\":{\"@type\":\"ImageObject\",\"@id\":\"https:\\\/\\\/science.rmtmo.eu\\\/en\\\/news\\\/exzellenzzentrum-jean-monnet-der-universitaet-strassburg-verlaengert\\\/#authorImage\",\"url\":\"https:\\\/\\\/secure.gravatar.com\\\/avatar\\\/a901258a7b8dcf03b30368978e66936d1876b26f972c0de45f958d78752a1f9e?s=96&d=mm&r=g\",\"width\":96,\"height\":96,\"caption\":\"Julia Schoppe\"}},{\"@type\":\"WebPage\",\"@id\":\"https:\\\/\\\/science.rmtmo.eu\\\/en\\\/news\\\/exzellenzzentrum-jean-monnet-der-universitaet-strassburg-verlaengert\\\/#webpage\",\"url\":\"https:\\\/\\\/science.rmtmo.eu\\\/en\\\/news\\\/exzellenzzentrum-jean-monnet-der-universitaet-strassburg-verlaengert\\\/\",\"name\":\"Exzellenzzentrum Jean Monnet der Universit\\u00e4t Stra\\u00dfburg verl\\u00e4ngert | S\\u00e4ule Wissenschaft\",\"description\":\"Das von der Universit\\u00e4t Stra\\u00dfburg geleitete deutsch-franz\\u00f6sische Exzellenzzentrum Jean Monnet, zu dem auch das Euro-Institut geh\\u00f6rt, wurde von der Europ\\u00e4ischen Kommission verl\\u00e4ngert. Dieses Zentrum zielt f\\u00fcr die n\\u00e4chsten drei Jahre darauf ab, eine Beobachtungsstelle f\\u00fcr Grenzr\\u00e4ume als Laboratorien der europ\\u00e4ischen Integration zu schaffen. Aufgrund seines integrierten deutsch-franz\\u00f6sischen grenz\\u00fcberschreitenden Charakters ist es auch als Tool f\\u00fcr\",\"inLanguage\":\"en-US\",\"isPartOf\":{\"@id\":\"https:\\\/\\\/science.rmtmo.eu\\\/en\\\/#website\"},\"breadcrumb\":{\"@id\":\"https:\\\/\\\/science.rmtmo.eu\\\/en\\\/news\\\/exzellenzzentrum-jean-monnet-der-universitaet-strassburg-verlaengert\\\/#breadcrumblist\"},\"author\":{\"@id\":\"https:\\\/\\\/science.rmtmo.eu\\\/en\\\/#author\"},\"creator\":{\"@id\":\"https:\\\/\\\/science.rmtmo.eu\\\/en\\\/#author\"},\"image\":{\"@type\":\"ImageObject\",\"url\":\"https:\\\/\\\/science.rmtmo.eu\\\/wp-content\\\/uploads\\\/2022\\\/09\\\/Centre-JM.jpg\",\"@id\":\"https:\\\/\\\/science.rmtmo.eu\\\/en\\\/news\\\/exzellenzzentrum-jean-monnet-der-universitaet-strassburg-verlaengert\\\/#mainImage\",\"width\":234,\"height\":180},\"primaryImageOfPage\":{\"@id\":\"https:\\\/\\\/science.rmtmo.eu\\\/en\\\/news\\\/exzellenzzentrum-jean-monnet-der-universitaet-strassburg-verlaengert\\\/#mainImage\"},\"datePublished\":\"2022-09-05T12:10:09+02:00\",\"dateModified\":\"2022-09-05T12:10:09+02:00\"},{\"@type\":\"WebSite\",\"@id\":\"https:\\\/\\\/science.rmtmo.eu\\\/en\\\/#website\",\"url\":\"https:\\\/\\\/science.rmtmo.eu\\\/en\\\/\",\"name\":\"S\\u00e4ule Wissenschaft\",\"description\":\"Pilier Sciences\",\"inLanguage\":\"en-US\",\"publisher\":{\"@id\":\"https:\\\/\\\/science.rmtmo.eu\\\/en\\\/#organization\"}}]}\n\t\t<\/script>\n\t\t<!-- All in One SEO -->\n\n","aioseo_head_json":{"title":"Exzellenzzentrum Jean Monnet der Universit\u00e4t Stra\u00dfburg verl\u00e4ngert | S\u00e4ule Wissenschaft","description":"Das von der Universit\u00e4t Stra\u00dfburg geleitete deutsch-franz\u00f6sische Exzellenzzentrum Jean Monnet, zu dem auch das Euro-Institut geh\u00f6rt, wurde von der Europ\u00e4ischen Kommission verl\u00e4ngert. Dieses Zentrum zielt f\u00fcr die n\u00e4chsten drei Jahre darauf ab, eine Beobachtungsstelle f\u00fcr Grenzr\u00e4ume als Laboratorien der europ\u00e4ischen Integration zu schaffen. Aufgrund seines integrierten deutsch-franz\u00f6sischen grenz\u00fcberschreitenden Charakters ist es auch als Tool f\u00fcr","canonical_url":"https:\/\/science.rmtmo.eu\/en\/news\/exzellenzzentrum-jean-monnet-der-universitaet-strassburg-verlaengert\/","robots":"max-image-preview:large","keywords":"","webmasterTools":{"miscellaneous":""},"schema":{"@context":"https:\/\/schema.org","@graph":[{"@type":"Article","@id":"https:\/\/science.rmtmo.eu\/en\/news\/exzellenzzentrum-jean-monnet-der-universitaet-strassburg-verlaengert\/#article","name":"Exzellenzzentrum Jean Monnet der Universit\u00e4t Stra\u00dfburg verl\u00e4ngert | S\u00e4ule Wissenschaft","headline":"Exzellenzzentrum Jean Monnet der Universit\u00e4t Stra\u00dfburg verl\u00e4ngert","author":{"@id":"https:\/\/science.rmtmo.eu\/en\/#author"},"publisher":{"@id":"https:\/\/science.rmtmo.eu\/en\/#organization"},"image":{"@type":"ImageObject","url":"https:\/\/science.rmtmo.eu\/wp-content\/uploads\/2022\/09\/Centre-JM.jpg","width":234,"height":180},"datePublished":"2022-09-05T12:10:09+02:00","dateModified":"2022-09-05T12:10:09+02:00","inLanguage":"en-US","mainEntityOfPage":{"@id":"https:\/\/science.rmtmo.eu\/en\/news\/exzellenzzentrum-jean-monnet-der-universitaet-strassburg-verlaengert\/#webpage"},"isPartOf":{"@id":"https:\/\/science.rmtmo.eu\/en\/news\/exzellenzzentrum-jean-monnet-der-universitaet-strassburg-verlaengert\/#webpage"},"articleSection":"News"},{"@type":"BreadcrumbList","@id":"https:\/\/science.rmtmo.eu\/en\/news\/exzellenzzentrum-jean-monnet-der-universitaet-strassburg-verlaengert\/#breadcrumblist","itemListElement":[{"@type":"ListItem","@id":"https:\/\/science.rmtmo.eu\/en\/#listItem","position":1,"name":"Home","item":"https:\/\/science.rmtmo.eu\/en\/","nextItem":{"@type":"ListItem","@id":"https:\/\/science.rmtmo.eu\/en\/category\/news\/#listItem","name":"News"}},{"@type":"ListItem","@id":"https:\/\/science.rmtmo.eu\/en\/category\/news\/#listItem","position":2,"name":"News","item":"https:\/\/science.rmtmo.eu\/en\/category\/news\/","nextItem":{"@type":"ListItem","@id":"https:\/\/science.rmtmo.eu\/en\/news\/exzellenzzentrum-jean-monnet-der-universitaet-strassburg-verlaengert\/#listItem","name":"Exzellenzzentrum Jean Monnet der Universit\u00e4t Stra\u00dfburg verl\u00e4ngert"},"previousItem":{"@type":"ListItem","@id":"https:\/\/science.rmtmo.eu\/en\/#listItem","name":"Home"}},{"@type":"ListItem","@id":"https:\/\/science.rmtmo.eu\/en\/news\/exzellenzzentrum-jean-monnet-der-universitaet-strassburg-verlaengert\/#listItem","position":3,"name":"Exzellenzzentrum Jean Monnet der Universit\u00e4t Stra\u00dfburg verl\u00e4ngert","previousItem":{"@type":"ListItem","@id":"https:\/\/science.rmtmo.eu\/en\/category\/news\/#listItem","name":"News"}}]},{"@type":"Organization","@id":"https:\/\/science.rmtmo.eu\/en\/#organization","name":"S\u00e4ule Wissenschaft","description":"Pilier Sciences","url":"https:\/\/science.rmtmo.eu\/en\/"},{"@type":"Person","@id":"https:\/\/science.rmtmo.eu\/en\/#author","url":"https:\/\/science.rmtmo.eu\/en\/","name":"Julia Schoppe","image":{"@type":"ImageObject","@id":"https:\/\/science.rmtmo.eu\/en\/news\/exzellenzzentrum-jean-monnet-der-universitaet-strassburg-verlaengert\/#authorImage","url":"https:\/\/secure.gravatar.com\/avatar\/a901258a7b8dcf03b30368978e66936d1876b26f972c0de45f958d78752a1f9e?s=96&d=mm&r=g","width":96,"height":96,"caption":"Julia Schoppe"}},{"@type":"WebPage","@id":"https:\/\/science.rmtmo.eu\/en\/news\/exzellenzzentrum-jean-monnet-der-universitaet-strassburg-verlaengert\/#webpage","url":"https:\/\/science.rmtmo.eu\/en\/news\/exzellenzzentrum-jean-monnet-der-universitaet-strassburg-verlaengert\/","name":"Exzellenzzentrum Jean Monnet der Universit\u00e4t Stra\u00dfburg verl\u00e4ngert | S\u00e4ule Wissenschaft","description":"Das von der Universit\u00e4t Stra\u00dfburg geleitete deutsch-franz\u00f6sische Exzellenzzentrum Jean Monnet, zu dem auch das Euro-Institut geh\u00f6rt, wurde von der Europ\u00e4ischen Kommission verl\u00e4ngert. Dieses Zentrum zielt f\u00fcr die n\u00e4chsten drei Jahre darauf ab, eine Beobachtungsstelle f\u00fcr Grenzr\u00e4ume als Laboratorien der europ\u00e4ischen Integration zu schaffen. Aufgrund seines integrierten deutsch-franz\u00f6sischen grenz\u00fcberschreitenden Charakters ist es auch als Tool f\u00fcr","inLanguage":"en-US","isPartOf":{"@id":"https:\/\/science.rmtmo.eu\/en\/#website"},"breadcrumb":{"@id":"https:\/\/science.rmtmo.eu\/en\/news\/exzellenzzentrum-jean-monnet-der-universitaet-strassburg-verlaengert\/#breadcrumblist"},"author":{"@id":"https:\/\/science.rmtmo.eu\/en\/#author"},"creator":{"@id":"https:\/\/science.rmtmo.eu\/en\/#author"},"image":{"@type":"ImageObject","url":"https:\/\/science.rmtmo.eu\/wp-content\/uploads\/2022\/09\/Centre-JM.jpg","@id":"https:\/\/science.rmtmo.eu\/en\/news\/exzellenzzentrum-jean-monnet-der-universitaet-strassburg-verlaengert\/#mainImage","width":234,"height":180},"primaryImageOfPage":{"@id":"https:\/\/science.rmtmo.eu\/en\/news\/exzellenzzentrum-jean-monnet-der-universitaet-strassburg-verlaengert\/#mainImage"},"datePublished":"2022-09-05T12:10:09+02:00","dateModified":"2022-09-05T12:10:09+02:00"},{"@type":"WebSite","@id":"https:\/\/science.rmtmo.eu\/en\/#website","url":"https:\/\/science.rmtmo.eu\/en\/","name":"S\u00e4ule Wissenschaft","description":"Pilier Sciences","inLanguage":"en-US","publisher":{"@id":"https:\/\/science.rmtmo.eu\/en\/#organization"}}]},"og:locale":"en_US","og:site_name":"S\u00e4ule Wissenschaft | Pilier Sciences","og:type":"article","og:title":"Exzellenzzentrum Jean Monnet der Universit\u00e4t Stra\u00dfburg verl\u00e4ngert | S\u00e4ule Wissenschaft","og:description":"Das von der Universit\u00e4t Stra\u00dfburg geleitete deutsch-franz\u00f6sische Exzellenzzentrum Jean Monnet, zu dem auch das Euro-Institut geh\u00f6rt, wurde von der Europ\u00e4ischen Kommission verl\u00e4ngert. Dieses Zentrum zielt f\u00fcr die n\u00e4chsten drei Jahre darauf ab, eine Beobachtungsstelle f\u00fcr Grenzr\u00e4ume als Laboratorien der europ\u00e4ischen Integration zu schaffen. Aufgrund seines integrierten deutsch-franz\u00f6sischen grenz\u00fcberschreitenden Charakters ist es auch als Tool f\u00fcr","og:url":"https:\/\/science.rmtmo.eu\/en\/news\/exzellenzzentrum-jean-monnet-der-universitaet-strassburg-verlaengert\/","article:published_time":"2022-09-05T10:10:09+00:00","article:modified_time":"2022-09-05T10:10:09+00:00","twitter:card":"summary","twitter:title":"Exzellenzzentrum Jean Monnet der Universit\u00e4t Stra\u00dfburg verl\u00e4ngert | S\u00e4ule Wissenschaft","twitter:description":"Das von der Universit\u00e4t Stra\u00dfburg geleitete deutsch-franz\u00f6sische Exzellenzzentrum Jean Monnet, zu dem auch das Euro-Institut geh\u00f6rt, wurde von der Europ\u00e4ischen Kommission verl\u00e4ngert. Dieses Zentrum zielt f\u00fcr die n\u00e4chsten drei Jahre darauf ab, eine Beobachtungsstelle f\u00fcr Grenzr\u00e4ume als Laboratorien der europ\u00e4ischen Integration zu schaffen. Aufgrund seines integrierten deutsch-franz\u00f6sischen grenz\u00fcberschreitenden Charakters ist es auch als Tool f\u00fcr"},"aioseo_meta_data":{"post_id":"12449","title":null,"description":null,"keywords":null,"keyphrases":null,"primary_term":null,"canonical_url":null,"og_title":null,"og_description":null,"og_object_type":"default","og_image_type":"default","og_image_url":null,"og_image_width":null,"og_image_height":null,"og_image_custom_url":null,"og_image_custom_fields":null,"og_video":null,"og_custom_url":null,"og_article_section":null,"og_article_tags":null,"twitter_use_og":false,"twitter_card":"default","twitter_image_type":"default","twitter_image_url":null,"twitter_image_custom_url":null,"twitter_image_custom_fields":null,"twitter_title":null,"twitter_description":null,"schema":{"blockGraphs":[],"customGraphs":[],"default":{"data":{"Article":[],"Course":[],"Dataset":[],"FAQPage":[],"Movie":[],"Person":[],"Product":[],"ProductReview":[],"Car":[],"Recipe":[],"Service":[],"SoftwareApplication":[],"WebPage":[]},"graphName":"","isEnabled":true},"graphs":[]},"schema_type":"default","schema_type_options":null,"pillar_content":false,"robots_default":true,"robots_noindex":false,"robots_noarchive":false,"robots_nosnippet":false,"robots_nofollow":false,"robots_noimageindex":false,"robots_noodp":false,"robots_notranslate":false,"robots_max_snippet":null,"robots_max_videopreview":null,"robots_max_imagepreview":"large","priority":null,"frequency":null,"local_seo":null,"breadcrumb_settings":null,"limit_modified_date":false,"ai":null,"created":"2022-09-05 10:13:32","updated":"2025-07-09 00:43:40","focus_keyword":null,"additional_keywords":null,"truseo_locale":null,"seo_analyzer_scan_date":null},"aioseo_breadcrumb":"<div class=\"aioseo-breadcrumbs\"><span class=\"aioseo-breadcrumb\">\n\t\t\t<a href=\"https:\/\/science.rmtmo.eu\/en\/\" title=\"Home\">Home<\/a>\n\t\t<\/span><span class=\"aioseo-breadcrumb-separator\">&raquo;<\/span><span class=\"aioseo-breadcrumb\">\n\t\t\t<a href=\"https:\/\/science.rmtmo.eu\/en\/category\/news\/\" title=\"News\">News<\/a>\n\t\t<\/span><span class=\"aioseo-breadcrumb-separator\">&raquo;<\/span><span class=\"aioseo-breadcrumb\">\n\t\t\tExzellenzzentrum Jean Monnet der Universit\u00e4t Stra\u00dfburg verl\u00e4ngert\n\t\t<\/span><\/div>","aioseo_breadcrumb_json":[{"label":"Home","link":"https:\/\/science.rmtmo.eu\/en\/"},{"label":"News","link":"https:\/\/science.rmtmo.eu\/en\/category\/news\/"},{"label":"Exzellenzzentrum Jean Monnet der Universit\u00e4t Stra\u00dfburg verl\u00e4ngert","link":"https:\/\/science.rmtmo.eu\/en\/news\/exzellenzzentrum-jean-monnet-der-universitaet-strassburg-verlaengert\/"}],"_links":{"self":[{"href":"https:\/\/science.rmtmo.eu\/en\/wp-json\/wp\/v2\/posts\/12449","targetHints":{"allow":["GET"]}}],"collection":[{"href":"https:\/\/science.rmtmo.eu\/en\/wp-json\/wp\/v2\/posts"}],"about":[{"href":"https:\/\/science.rmtmo.eu\/en\/wp-json\/wp\/v2\/types\/post"}],"author":[{"embeddable":true,"href":"https:\/\/science.rmtmo.eu\/en\/wp-json\/wp\/v2\/users\/2"}],"replies":[{"embeddable":true,"href":"https:\/\/science.rmtmo.eu\/en\/wp-json\/wp\/v2\/comments?post=12449"}],"version-history":[{"count":0,"href":"https:\/\/science.rmtmo.eu\/en\/wp-json\/wp\/v2\/posts\/12449\/revisions"}],"wp:featuredmedia":[{"embeddable":true,"href":"https:\/\/science.rmtmo.eu\/en\/wp-json\/wp\/v2\/media\/12444"}],"wp:attachment":[{"href":"https:\/\/science.rmtmo.eu\/en\/wp-json\/wp\/v2\/media?parent=12449"}],"wp:term":[{"taxonomy":"category","embeddable":true,"href":"https:\/\/science.rmtmo.eu\/en\/wp-json\/wp\/v2\/categories?post=12449"},{"taxonomy":"post_tag","embeddable":true,"href":"https:\/\/science.rmtmo.eu\/en\/wp-json\/wp\/v2\/tags?post=12449"}],"curies":[{"name":"wp","href":"https:\/\/api.w.org\/{rel}","templated":true}]}}