{"id":12229,"date":"2022-07-05T10:20:41","date_gmt":"2022-07-05T08:20:41","guid":{"rendered":"https:\/\/science.rmtmo.eu\/news\/07-07-2022-abschluss-symposium-dialog-protec\/"},"modified":"2022-07-05T10:20:41","modified_gmt":"2022-07-05T08:20:41","slug":"07-07-2022-abschluss-symposium-dialog-protec","status":"publish","type":"post","link":"https:\/\/science.rmtmo.eu\/en\/news\/07-07-2022-abschluss-symposium-dialog-protec\/","title":{"rendered":"07.07.2022: Abschluss-Symposium Dialog ProTec"},"content":{"rendered":"<p>Am 07. Juli findet von 10:00 bis 16:00 Uhr das Abschluss-Symposium zum durch Interreg gef\u00f6rderten Forschungsnetzwerk DialogProTec statt.<!--more--> In einem ersten Teil werden zun\u00e4chst die wissenschaftlichen Ergebnisse des interdisziplin\u00e4ren Projekts vorgestellt. Anschlie\u00dfend wird im praktischen Teil diskutiert, wie sich mithilfe der entwickelten Technologie der Weinbau resistenter gegen den Klimawandel gestalten l\u00e4sst.<\/p>\n<p>Die Veranstaltung kann sowohl virtuell als auch vor Ort am Staatsweingut Blankenhornsberg im Kaiserstuhl besucht werden.<\/p>\n<p>Programminformationen und Anmeldung: <a href=\"https:\/\/www.botanik.kit.edu\/botzell\/3046.php\" target=\"_blank\" rel=\"noopener\">https:\/\/www.botanik.kit.edu\/botzell\/3046.php<\/a><\/p>\n","protected":false},"excerpt":{"rendered":"<p>Am 07. Juli findet von 10:00 bis 16:00 Uhr das Abschluss-Symposium zum durch Interreg gef\u00f6rderten Forschungsnetzwerk DialogProTec statt.<\/p>\n","protected":false},"author":2,"featured_media":12198,"comment_status":"closed","ping_status":"closed","sticky":false,"template":"","format":"standard","meta":{"ngg_post_thumbnail":0,"footnotes":""},"categories":[8],"tags":[],"class_list":["post-12229","post","type-post","status-publish","format-standard","has-post-thumbnail","hentry","category-news"],"aioseo_notices":[],"aioseo_head":"\n\t\t<!-- All in One SEO 5.0.1 - aioseo.com -->\n\t<meta name=\"description\" content=\"Am 07. Juli findet von 10:00 bis 16:00 Uhr das Abschluss-Symposium zum durch Interreg gef\u00f6rderten Forschungsnetzwerk DialogProTec statt. In einem ersten Teil werden zun\u00e4chst die wissenschaftlichen Ergebnisse des interdisziplin\u00e4ren Projekts vorgestellt. Anschlie\u00dfend wird im praktischen Teil diskutiert, wie sich mithilfe der entwickelten Technologie der Weinbau resistenter gegen den Klimawandel gestalten l\u00e4sst. Die Veranstaltung kann sowohl\" \/>\n\t<meta name=\"robots\" content=\"max-image-preview:large\" \/>\n\t<meta name=\"author\" content=\"Julia Schoppe\"\/>\n\t<link rel=\"canonical\" href=\"https:\/\/science.rmtmo.eu\/en\/news\/07-07-2022-abschluss-symposium-dialog-protec\/\" \/>\n\t<meta name=\"generator\" content=\"All in One SEO (AIOSEO) 5.0.1\" \/>\n\t\t<meta property=\"og:locale\" content=\"en_US\" \/>\n\t\t<meta property=\"og:site_name\" content=\"S\u00e4ule Wissenschaft | Pilier Sciences\" \/>\n\t\t<meta property=\"og:type\" content=\"article\" \/>\n\t\t<meta property=\"og:title\" content=\"07.07.2022: Abschluss-Symposium Dialog ProTec | S\u00e4ule Wissenschaft\" \/>\n\t\t<meta property=\"og:description\" content=\"Am 07. Juli findet von 10:00 bis 16:00 Uhr das Abschluss-Symposium zum durch Interreg gef\u00f6rderten Forschungsnetzwerk DialogProTec statt. In einem ersten Teil werden zun\u00e4chst die wissenschaftlichen Ergebnisse des interdisziplin\u00e4ren Projekts vorgestellt. Anschlie\u00dfend wird im praktischen Teil diskutiert, wie sich mithilfe der entwickelten Technologie der Weinbau resistenter gegen den Klimawandel gestalten l\u00e4sst. Die Veranstaltung kann sowohl\" \/>\n\t\t<meta property=\"og:url\" content=\"https:\/\/science.rmtmo.eu\/en\/news\/07-07-2022-abschluss-symposium-dialog-protec\/\" \/>\n\t\t<meta property=\"article:published_time\" content=\"2022-07-05T08:20:41+00:00\" \/>\n\t\t<meta property=\"article:modified_time\" content=\"2022-07-05T08:20:41+00:00\" \/>\n\t\t<meta name=\"twitter:card\" content=\"summary\" \/>\n\t\t<meta name=\"twitter:title\" content=\"07.07.2022: Abschluss-Symposium Dialog ProTec | S\u00e4ule Wissenschaft\" \/>\n\t\t<meta name=\"twitter:description\" content=\"Am 07. Juli findet von 10:00 bis 16:00 Uhr das Abschluss-Symposium zum durch Interreg gef\u00f6rderten Forschungsnetzwerk DialogProTec statt. In einem ersten Teil werden zun\u00e4chst die wissenschaftlichen Ergebnisse des interdisziplin\u00e4ren Projekts vorgestellt. Anschlie\u00dfend wird im praktischen Teil diskutiert, wie sich mithilfe der entwickelten Technologie der Weinbau resistenter gegen den Klimawandel gestalten l\u00e4sst. Die Veranstaltung kann sowohl\" \/>\n\t\t<script type=\"application\/ld+json\" class=\"aioseo-schema\">\n\t\t\t{\"@context\":\"https:\\\/\\\/schema.org\",\"@graph\":[{\"@type\":\"Article\",\"@id\":\"https:\\\/\\\/science.rmtmo.eu\\\/en\\\/news\\\/07-07-2022-abschluss-symposium-dialog-protec\\\/#article\",\"name\":\"07.07.2022: Abschluss-Symposium Dialog ProTec | S\\u00e4ule Wissenschaft\",\"headline\":\"07.07.2022: Abschluss-Symposium Dialog ProTec\",\"author\":{\"@id\":\"https:\\\/\\\/science.rmtmo.eu\\\/en\\\/#author\"},\"publisher\":{\"@id\":\"https:\\\/\\\/science.rmtmo.eu\\\/en\\\/#organization\"},\"image\":{\"@type\":\"ImageObject\",\"url\":\"https:\\\/\\\/science.rmtmo.eu\\\/wp-content\\\/uploads\\\/2022\\\/07\\\/2022_07_07_DialogProTec-e1657009208611.jpg\",\"width\":812,\"height\":452},\"datePublished\":\"2022-07-05T10:20:41+02:00\",\"dateModified\":\"2022-07-05T10:20:41+02:00\",\"inLanguage\":\"en-US\",\"mainEntityOfPage\":{\"@id\":\"https:\\\/\\\/science.rmtmo.eu\\\/en\\\/news\\\/07-07-2022-abschluss-symposium-dialog-protec\\\/#webpage\"},\"isPartOf\":{\"@id\":\"https:\\\/\\\/science.rmtmo.eu\\\/en\\\/news\\\/07-07-2022-abschluss-symposium-dialog-protec\\\/#webpage\"},\"articleSection\":\"News, Optional\"},{\"@type\":\"BreadcrumbList\",\"@id\":\"https:\\\/\\\/science.rmtmo.eu\\\/en\\\/news\\\/07-07-2022-abschluss-symposium-dialog-protec\\\/#breadcrumblist\",\"itemListElement\":[{\"@type\":\"ListItem\",\"@id\":\"https:\\\/\\\/science.rmtmo.eu\\\/en\\\/#listItem\",\"position\":1,\"name\":\"Home\",\"item\":\"https:\\\/\\\/science.rmtmo.eu\\\/en\\\/\",\"nextItem\":{\"@type\":\"ListItem\",\"@id\":\"https:\\\/\\\/science.rmtmo.eu\\\/en\\\/category\\\/news\\\/#listItem\",\"name\":\"News\"}},{\"@type\":\"ListItem\",\"@id\":\"https:\\\/\\\/science.rmtmo.eu\\\/en\\\/category\\\/news\\\/#listItem\",\"position\":2,\"name\":\"News\",\"item\":\"https:\\\/\\\/science.rmtmo.eu\\\/en\\\/category\\\/news\\\/\",\"nextItem\":{\"@type\":\"ListItem\",\"@id\":\"https:\\\/\\\/science.rmtmo.eu\\\/en\\\/news\\\/07-07-2022-abschluss-symposium-dialog-protec\\\/#listItem\",\"name\":\"07.07.2022: Abschluss-Symposium Dialog ProTec\"},\"previousItem\":{\"@type\":\"ListItem\",\"@id\":\"https:\\\/\\\/science.rmtmo.eu\\\/en\\\/#listItem\",\"name\":\"Home\"}},{\"@type\":\"ListItem\",\"@id\":\"https:\\\/\\\/science.rmtmo.eu\\\/en\\\/news\\\/07-07-2022-abschluss-symposium-dialog-protec\\\/#listItem\",\"position\":3,\"name\":\"07.07.2022: Abschluss-Symposium Dialog ProTec\",\"previousItem\":{\"@type\":\"ListItem\",\"@id\":\"https:\\\/\\\/science.rmtmo.eu\\\/en\\\/category\\\/news\\\/#listItem\",\"name\":\"News\"}}]},{\"@type\":\"Organization\",\"@id\":\"https:\\\/\\\/science.rmtmo.eu\\\/en\\\/#organization\",\"name\":\"S\\u00e4ule Wissenschaft\",\"description\":\"Pilier Sciences\",\"url\":\"https:\\\/\\\/science.rmtmo.eu\\\/en\\\/\"},{\"@type\":\"Person\",\"@id\":\"https:\\\/\\\/science.rmtmo.eu\\\/en\\\/#author\",\"url\":\"https:\\\/\\\/science.rmtmo.eu\\\/en\\\/\",\"name\":\"Julia Schoppe\",\"image\":{\"@type\":\"ImageObject\",\"@id\":\"https:\\\/\\\/science.rmtmo.eu\\\/en\\\/news\\\/07-07-2022-abschluss-symposium-dialog-protec\\\/#authorImage\",\"url\":\"https:\\\/\\\/secure.gravatar.com\\\/avatar\\\/a901258a7b8dcf03b30368978e66936d1876b26f972c0de45f958d78752a1f9e?s=96&d=mm&r=g\",\"width\":96,\"height\":96,\"caption\":\"Julia Schoppe\"}},{\"@type\":\"WebPage\",\"@id\":\"https:\\\/\\\/science.rmtmo.eu\\\/en\\\/news\\\/07-07-2022-abschluss-symposium-dialog-protec\\\/#webpage\",\"url\":\"https:\\\/\\\/science.rmtmo.eu\\\/en\\\/news\\\/07-07-2022-abschluss-symposium-dialog-protec\\\/\",\"name\":\"07.07.2022: Abschluss-Symposium Dialog ProTec | S\\u00e4ule Wissenschaft\",\"description\":\"Am 07. Juli findet von 10:00 bis 16:00 Uhr das Abschluss-Symposium zum durch Interreg gef\\u00f6rderten Forschungsnetzwerk DialogProTec statt. In einem ersten Teil werden zun\\u00e4chst die wissenschaftlichen Ergebnisse des interdisziplin\\u00e4ren Projekts vorgestellt. Anschlie\\u00dfend wird im praktischen Teil diskutiert, wie sich mithilfe der entwickelten Technologie der Weinbau resistenter gegen den Klimawandel gestalten l\\u00e4sst. Die Veranstaltung kann sowohl\",\"inLanguage\":\"en-US\",\"isPartOf\":{\"@id\":\"https:\\\/\\\/science.rmtmo.eu\\\/en\\\/#website\"},\"breadcrumb\":{\"@id\":\"https:\\\/\\\/science.rmtmo.eu\\\/en\\\/news\\\/07-07-2022-abschluss-symposium-dialog-protec\\\/#breadcrumblist\"},\"author\":{\"@id\":\"https:\\\/\\\/science.rmtmo.eu\\\/en\\\/#author\"},\"creator\":{\"@id\":\"https:\\\/\\\/science.rmtmo.eu\\\/en\\\/#author\"},\"image\":{\"@type\":\"ImageObject\",\"url\":\"https:\\\/\\\/science.rmtmo.eu\\\/wp-content\\\/uploads\\\/2022\\\/07\\\/2022_07_07_DialogProTec-e1657009208611.jpg\",\"@id\":\"https:\\\/\\\/science.rmtmo.eu\\\/en\\\/news\\\/07-07-2022-abschluss-symposium-dialog-protec\\\/#mainImage\",\"width\":812,\"height\":452},\"primaryImageOfPage\":{\"@id\":\"https:\\\/\\\/science.rmtmo.eu\\\/en\\\/news\\\/07-07-2022-abschluss-symposium-dialog-protec\\\/#mainImage\"},\"datePublished\":\"2022-07-05T10:20:41+02:00\",\"dateModified\":\"2022-07-05T10:20:41+02:00\"},{\"@type\":\"WebSite\",\"@id\":\"https:\\\/\\\/science.rmtmo.eu\\\/en\\\/#website\",\"url\":\"https:\\\/\\\/science.rmtmo.eu\\\/en\\\/\",\"name\":\"S\\u00e4ule Wissenschaft\",\"description\":\"Pilier Sciences\",\"inLanguage\":\"en-US\",\"publisher\":{\"@id\":\"https:\\\/\\\/science.rmtmo.eu\\\/en\\\/#organization\"}}]}\n\t\t<\/script>\n\t\t<!-- All in One SEO -->\n\n","aioseo_head_json":{"title":"07.07.2022: Abschluss-Symposium Dialog ProTec | S\u00e4ule Wissenschaft","description":"Am 07. Juli findet von 10:00 bis 16:00 Uhr das Abschluss-Symposium zum durch Interreg gef\u00f6rderten Forschungsnetzwerk DialogProTec statt. In einem ersten Teil werden zun\u00e4chst die wissenschaftlichen Ergebnisse des interdisziplin\u00e4ren Projekts vorgestellt. Anschlie\u00dfend wird im praktischen Teil diskutiert, wie sich mithilfe der entwickelten Technologie der Weinbau resistenter gegen den Klimawandel gestalten l\u00e4sst. Die Veranstaltung kann sowohl","canonical_url":"https:\/\/science.rmtmo.eu\/en\/news\/07-07-2022-abschluss-symposium-dialog-protec\/","robots":"max-image-preview:large","keywords":"","webmasterTools":{"miscellaneous":""},"schema":{"@context":"https:\/\/schema.org","@graph":[{"@type":"Article","@id":"https:\/\/science.rmtmo.eu\/en\/news\/07-07-2022-abschluss-symposium-dialog-protec\/#article","name":"07.07.2022: Abschluss-Symposium Dialog ProTec | S\u00e4ule Wissenschaft","headline":"07.07.2022: Abschluss-Symposium Dialog ProTec","author":{"@id":"https:\/\/science.rmtmo.eu\/en\/#author"},"publisher":{"@id":"https:\/\/science.rmtmo.eu\/en\/#organization"},"image":{"@type":"ImageObject","url":"https:\/\/science.rmtmo.eu\/wp-content\/uploads\/2022\/07\/2022_07_07_DialogProTec-e1657009208611.jpg","width":812,"height":452},"datePublished":"2022-07-05T10:20:41+02:00","dateModified":"2022-07-05T10:20:41+02:00","inLanguage":"en-US","mainEntityOfPage":{"@id":"https:\/\/science.rmtmo.eu\/en\/news\/07-07-2022-abschluss-symposium-dialog-protec\/#webpage"},"isPartOf":{"@id":"https:\/\/science.rmtmo.eu\/en\/news\/07-07-2022-abschluss-symposium-dialog-protec\/#webpage"},"articleSection":"News, Optional"},{"@type":"BreadcrumbList","@id":"https:\/\/science.rmtmo.eu\/en\/news\/07-07-2022-abschluss-symposium-dialog-protec\/#breadcrumblist","itemListElement":[{"@type":"ListItem","@id":"https:\/\/science.rmtmo.eu\/en\/#listItem","position":1,"name":"Home","item":"https:\/\/science.rmtmo.eu\/en\/","nextItem":{"@type":"ListItem","@id":"https:\/\/science.rmtmo.eu\/en\/category\/news\/#listItem","name":"News"}},{"@type":"ListItem","@id":"https:\/\/science.rmtmo.eu\/en\/category\/news\/#listItem","position":2,"name":"News","item":"https:\/\/science.rmtmo.eu\/en\/category\/news\/","nextItem":{"@type":"ListItem","@id":"https:\/\/science.rmtmo.eu\/en\/news\/07-07-2022-abschluss-symposium-dialog-protec\/#listItem","name":"07.07.2022: Abschluss-Symposium Dialog ProTec"},"previousItem":{"@type":"ListItem","@id":"https:\/\/science.rmtmo.eu\/en\/#listItem","name":"Home"}},{"@type":"ListItem","@id":"https:\/\/science.rmtmo.eu\/en\/news\/07-07-2022-abschluss-symposium-dialog-protec\/#listItem","position":3,"name":"07.07.2022: Abschluss-Symposium Dialog ProTec","previousItem":{"@type":"ListItem","@id":"https:\/\/science.rmtmo.eu\/en\/category\/news\/#listItem","name":"News"}}]},{"@type":"Organization","@id":"https:\/\/science.rmtmo.eu\/en\/#organization","name":"S\u00e4ule Wissenschaft","description":"Pilier Sciences","url":"https:\/\/science.rmtmo.eu\/en\/"},{"@type":"Person","@id":"https:\/\/science.rmtmo.eu\/en\/#author","url":"https:\/\/science.rmtmo.eu\/en\/","name":"Julia Schoppe","image":{"@type":"ImageObject","@id":"https:\/\/science.rmtmo.eu\/en\/news\/07-07-2022-abschluss-symposium-dialog-protec\/#authorImage","url":"https:\/\/secure.gravatar.com\/avatar\/a901258a7b8dcf03b30368978e66936d1876b26f972c0de45f958d78752a1f9e?s=96&d=mm&r=g","width":96,"height":96,"caption":"Julia Schoppe"}},{"@type":"WebPage","@id":"https:\/\/science.rmtmo.eu\/en\/news\/07-07-2022-abschluss-symposium-dialog-protec\/#webpage","url":"https:\/\/science.rmtmo.eu\/en\/news\/07-07-2022-abschluss-symposium-dialog-protec\/","name":"07.07.2022: Abschluss-Symposium Dialog ProTec | S\u00e4ule Wissenschaft","description":"Am 07. Juli findet von 10:00 bis 16:00 Uhr das Abschluss-Symposium zum durch Interreg gef\u00f6rderten Forschungsnetzwerk DialogProTec statt. In einem ersten Teil werden zun\u00e4chst die wissenschaftlichen Ergebnisse des interdisziplin\u00e4ren Projekts vorgestellt. Anschlie\u00dfend wird im praktischen Teil diskutiert, wie sich mithilfe der entwickelten Technologie der Weinbau resistenter gegen den Klimawandel gestalten l\u00e4sst. Die Veranstaltung kann sowohl","inLanguage":"en-US","isPartOf":{"@id":"https:\/\/science.rmtmo.eu\/en\/#website"},"breadcrumb":{"@id":"https:\/\/science.rmtmo.eu\/en\/news\/07-07-2022-abschluss-symposium-dialog-protec\/#breadcrumblist"},"author":{"@id":"https:\/\/science.rmtmo.eu\/en\/#author"},"creator":{"@id":"https:\/\/science.rmtmo.eu\/en\/#author"},"image":{"@type":"ImageObject","url":"https:\/\/science.rmtmo.eu\/wp-content\/uploads\/2022\/07\/2022_07_07_DialogProTec-e1657009208611.jpg","@id":"https:\/\/science.rmtmo.eu\/en\/news\/07-07-2022-abschluss-symposium-dialog-protec\/#mainImage","width":812,"height":452},"primaryImageOfPage":{"@id":"https:\/\/science.rmtmo.eu\/en\/news\/07-07-2022-abschluss-symposium-dialog-protec\/#mainImage"},"datePublished":"2022-07-05T10:20:41+02:00","dateModified":"2022-07-05T10:20:41+02:00"},{"@type":"WebSite","@id":"https:\/\/science.rmtmo.eu\/en\/#website","url":"https:\/\/science.rmtmo.eu\/en\/","name":"S\u00e4ule Wissenschaft","description":"Pilier Sciences","inLanguage":"en-US","publisher":{"@id":"https:\/\/science.rmtmo.eu\/en\/#organization"}}]},"og:locale":"en_US","og:site_name":"S\u00e4ule Wissenschaft | Pilier Sciences","og:type":"article","og:title":"07.07.2022: Abschluss-Symposium Dialog ProTec | S\u00e4ule Wissenschaft","og:description":"Am 07. Juli findet von 10:00 bis 16:00 Uhr das Abschluss-Symposium zum durch Interreg gef\u00f6rderten Forschungsnetzwerk DialogProTec statt. In einem ersten Teil werden zun\u00e4chst die wissenschaftlichen Ergebnisse des interdisziplin\u00e4ren Projekts vorgestellt. Anschlie\u00dfend wird im praktischen Teil diskutiert, wie sich mithilfe der entwickelten Technologie der Weinbau resistenter gegen den Klimawandel gestalten l\u00e4sst. Die Veranstaltung kann sowohl","og:url":"https:\/\/science.rmtmo.eu\/en\/news\/07-07-2022-abschluss-symposium-dialog-protec\/","article:published_time":"2022-07-05T08:20:41+00:00","article:modified_time":"2022-07-05T08:20:41+00:00","twitter:card":"summary","twitter:title":"07.07.2022: Abschluss-Symposium Dialog ProTec | S\u00e4ule Wissenschaft","twitter:description":"Am 07. Juli findet von 10:00 bis 16:00 Uhr das Abschluss-Symposium zum durch Interreg gef\u00f6rderten Forschungsnetzwerk DialogProTec statt. In einem ersten Teil werden zun\u00e4chst die wissenschaftlichen Ergebnisse des interdisziplin\u00e4ren Projekts vorgestellt. Anschlie\u00dfend wird im praktischen Teil diskutiert, wie sich mithilfe der entwickelten Technologie der Weinbau resistenter gegen den Klimawandel gestalten l\u00e4sst. Die Veranstaltung kann sowohl"},"aioseo_meta_data":{"post_id":"12229","title":null,"description":null,"keywords":null,"keyphrases":null,"primary_term":null,"canonical_url":null,"og_title":null,"og_description":null,"og_object_type":"default","og_image_type":"default","og_image_url":null,"og_image_width":null,"og_image_height":null,"og_image_custom_url":null,"og_image_custom_fields":null,"og_video":null,"og_custom_url":null,"og_article_section":null,"og_article_tags":null,"twitter_use_og":false,"twitter_card":"default","twitter_image_type":"default","twitter_image_url":null,"twitter_image_custom_url":null,"twitter_image_custom_fields":null,"twitter_title":null,"twitter_description":null,"schema":{"blockGraphs":[],"customGraphs":[],"default":{"data":{"Article":[],"Course":[],"Dataset":[],"FAQPage":[],"Movie":[],"Person":[],"Product":[],"ProductReview":[],"Car":[],"Recipe":[],"Service":[],"SoftwareApplication":[],"WebPage":[]},"graphName":"","isEnabled":true},"graphs":[]},"schema_type":"default","schema_type_options":null,"pillar_content":false,"robots_default":true,"robots_noindex":false,"robots_noarchive":false,"robots_nosnippet":false,"robots_nofollow":false,"robots_noimageindex":false,"robots_noodp":false,"robots_notranslate":false,"robots_max_snippet":null,"robots_max_videopreview":null,"robots_max_imagepreview":"large","priority":null,"frequency":null,"local_seo":null,"breadcrumb_settings":null,"limit_modified_date":false,"ai":null,"created":"2022-07-05 08:28:43","updated":"2025-07-09 00:38:42","focus_keyword":null,"additional_keywords":null,"truseo_locale":null,"seo_analyzer_scan_date":null},"aioseo_breadcrumb":"<div class=\"aioseo-breadcrumbs\"><span class=\"aioseo-breadcrumb\">\n\t\t\t<a href=\"https:\/\/science.rmtmo.eu\/en\/\" title=\"Home\">Home<\/a>\n\t\t<\/span><span class=\"aioseo-breadcrumb-separator\">&raquo;<\/span><span class=\"aioseo-breadcrumb\">\n\t\t\t<a href=\"https:\/\/science.rmtmo.eu\/en\/category\/news\/\" title=\"News\">News<\/a>\n\t\t<\/span><span class=\"aioseo-breadcrumb-separator\">&raquo;<\/span><span class=\"aioseo-breadcrumb\">\n\t\t\t07.07.2022: Abschluss-Symposium Dialog ProTec\n\t\t<\/span><\/div>","aioseo_breadcrumb_json":[{"label":"Home","link":"https:\/\/science.rmtmo.eu\/en\/"},{"label":"News","link":"https:\/\/science.rmtmo.eu\/en\/category\/news\/"},{"label":"07.07.2022: Abschluss-Symposium Dialog ProTec","link":"https:\/\/science.rmtmo.eu\/en\/news\/07-07-2022-abschluss-symposium-dialog-protec\/"}],"_links":{"self":[{"href":"https:\/\/science.rmtmo.eu\/en\/wp-json\/wp\/v2\/posts\/12229","targetHints":{"allow":["GET"]}}],"collection":[{"href":"https:\/\/science.rmtmo.eu\/en\/wp-json\/wp\/v2\/posts"}],"about":[{"href":"https:\/\/science.rmtmo.eu\/en\/wp-json\/wp\/v2\/types\/post"}],"author":[{"embeddable":true,"href":"https:\/\/science.rmtmo.eu\/en\/wp-json\/wp\/v2\/users\/2"}],"replies":[{"embeddable":true,"href":"https:\/\/science.rmtmo.eu\/en\/wp-json\/wp\/v2\/comments?post=12229"}],"version-history":[{"count":0,"href":"https:\/\/science.rmtmo.eu\/en\/wp-json\/wp\/v2\/posts\/12229\/revisions"}],"wp:featuredmedia":[{"embeddable":true,"href":"https:\/\/science.rmtmo.eu\/en\/wp-json\/wp\/v2\/media\/12198"}],"wp:attachment":[{"href":"https:\/\/science.rmtmo.eu\/en\/wp-json\/wp\/v2\/media?parent=12229"}],"wp:term":[{"taxonomy":"category","embeddable":true,"href":"https:\/\/science.rmtmo.eu\/en\/wp-json\/wp\/v2\/categories?post=12229"},{"taxonomy":"post_tag","embeddable":true,"href":"https:\/\/science.rmtmo.eu\/en\/wp-json\/wp\/v2\/tags?post=12229"}],"curies":[{"name":"wp","href":"https:\/\/api.w.org\/{rel}","templated":true}]}}