{"id":12133,"date":"2022-05-18T09:44:33","date_gmt":"2022-05-18T07:44:33","guid":{"rendered":"https:\/\/science.rmtmo.eu\/news\/un-atlas-transfrontalier-du-changement-climatique\/"},"modified":"2022-05-18T09:44:51","modified_gmt":"2022-05-18T07:44:51","slug":"un-atlas-transfrontalier-du-changement-climatique","status":"publish","type":"post","link":"https:\/\/science.rmtmo.eu\/en\/news\/un-atlas-transfrontalier-du-changement-climatique\/","title":{"rendered":"Un atlas transfrontalier du changement climatique\u00a0"},"content":{"rendered":"<p>La transformation durable de notre syst\u00e8me \u00e9conomique et \u00e9nerg\u00e9tique en r\u00e9action \u00e0 la menace du d\u00e9r\u00e8glement climatique constitue l\u2019un des plus grands enjeux politiques, \u00e9conomiques et sociaux. Les partenaires de la R\u00e9gion m\u00e9tropolitaine trinationale du Rhin sup\u00e9rieur en ont fait un enjeu commun, car il est essentiel de s\u2019emparer de ce sujet par-del\u00e0 les fronti\u00e8res nationales, afin de d\u00e9velopper des politiques, des projets et des outils communs.<!--more--><\/p>\n<p>Le projet Clim\u2019Ability Design a pour objectif d\u2019identifier les vuln\u00e9rabilit\u00e9s des entreprises du Rhin Sup\u00e9rieur dans la perspective du changement climatique. L\u2019enjeu est d\u2019adapter les strat\u00e9gies d\u2019entreprise aux conditions climatiques et socio-\u00e9conomiques \u00e0 venir. Dans le cadre de la coop\u00e9ration avec le syst\u00e8me transfrontalier d\u2019information cartographique \u00ab GeoRhena \u00bb, un Atlas du changement climatique dans le Rhin Sup\u00e9rieur a \u00e9t\u00e9 d\u00e9velopp\u00e9.<\/p>\n<p>Consultez l\u2019atlas&nbsp;: <a href=\"https:\/\/www.georhena.eu\/fr\/Cartotheque_ChangementClimatique\" target=\"_blank\" rel=\"noopener\">https:\/\/www.georhena.eu\/fr\/Cartotheque_ChangementClimatique<\/a><\/p>\n<p>Plus d\u2019informations sur le projet Clim\u2019Ability Design&nbsp;: <a href=\"https:\/\/www.clim-ability.eu\/\" target=\"_blank\" rel=\"noopener\">https:\/\/www.clim-ability.eu\/<\/a><\/p>\n","protected":false},"excerpt":{"rendered":"<p>La transformation durable de notre syst\u00e8me \u00e9conomique et \u00e9nerg\u00e9tique en r\u00e9action \u00e0 la menace du d\u00e9r\u00e8glement climatique constitue l\u2019un des plus grands enjeux politiques, \u00e9conomiques et sociaux. Les partenaires de la R\u00e9gion m\u00e9tropolitaine trinationale du Rhin sup\u00e9rieur en ont fait un enjeu commun, car il est essentiel de s\u2019emparer de ce sujet par-del\u00e0 les fronti\u00e8res<\/p>\n","protected":false},"author":2,"featured_media":12128,"comment_status":"closed","ping_status":"closed","sticky":false,"template":"","format":"standard","meta":{"ngg_post_thumbnail":0,"footnotes":""},"categories":[8],"tags":[],"class_list":["post-12133","post","type-post","status-publish","format-standard","has-post-thumbnail","hentry","category-news"],"aioseo_notices":[],"aioseo_head":"\n\t\t<!-- All in One SEO 5.0.1 - aioseo.com -->\n\t<meta name=\"description\" content=\"La transformation durable de notre syst\u00e8me \u00e9conomique et \u00e9nerg\u00e9tique en r\u00e9action \u00e0 la menace du d\u00e9r\u00e8glement climatique constitue l\u2019un des plus grands enjeux politiques, \u00e9conomiques et sociaux. Les partenaires de la R\u00e9gion m\u00e9tropolitaine trinationale du Rhin sup\u00e9rieur en ont fait un enjeu commun, car il est essentiel de s\u2019emparer de ce sujet par-del\u00e0 les fronti\u00e8res\" \/>\n\t<meta name=\"robots\" content=\"max-image-preview:large\" \/>\n\t<meta name=\"author\" content=\"Julia Schoppe\"\/>\n\t<link rel=\"canonical\" href=\"https:\/\/science.rmtmo.eu\/en\/news\/un-atlas-transfrontalier-du-changement-climatique\/\" \/>\n\t<meta name=\"generator\" content=\"All in One SEO (AIOSEO) 5.0.1\" \/>\n\t\t<meta property=\"og:locale\" content=\"en_US\" \/>\n\t\t<meta property=\"og:site_name\" content=\"S\u00e4ule Wissenschaft | Pilier Sciences\" \/>\n\t\t<meta property=\"og:type\" content=\"article\" \/>\n\t\t<meta property=\"og:title\" content=\"Un atlas transfrontalier du changement climatique | S\u00e4ule Wissenschaft\" \/>\n\t\t<meta property=\"og:description\" content=\"La transformation durable de notre syst\u00e8me \u00e9conomique et \u00e9nerg\u00e9tique en r\u00e9action \u00e0 la menace du d\u00e9r\u00e8glement climatique constitue l\u2019un des plus grands enjeux politiques, \u00e9conomiques et sociaux. Les partenaires de la R\u00e9gion m\u00e9tropolitaine trinationale du Rhin sup\u00e9rieur en ont fait un enjeu commun, car il est essentiel de s\u2019emparer de ce sujet par-del\u00e0 les fronti\u00e8res\" \/>\n\t\t<meta property=\"og:url\" content=\"https:\/\/science.rmtmo.eu\/en\/news\/un-atlas-transfrontalier-du-changement-climatique\/\" \/>\n\t\t<meta property=\"article:published_time\" content=\"2022-05-18T07:44:33+00:00\" \/>\n\t\t<meta property=\"article:modified_time\" content=\"2022-05-18T07:44:51+00:00\" \/>\n\t\t<meta name=\"twitter:card\" content=\"summary\" \/>\n\t\t<meta name=\"twitter:title\" content=\"Un atlas transfrontalier du changement climatique | S\u00e4ule Wissenschaft\" \/>\n\t\t<meta name=\"twitter:description\" content=\"La transformation durable de notre syst\u00e8me \u00e9conomique et \u00e9nerg\u00e9tique en r\u00e9action \u00e0 la menace du d\u00e9r\u00e8glement climatique constitue l\u2019un des plus grands enjeux politiques, \u00e9conomiques et sociaux. Les partenaires de la R\u00e9gion m\u00e9tropolitaine trinationale du Rhin sup\u00e9rieur en ont fait un enjeu commun, car il est essentiel de s\u2019emparer de ce sujet par-del\u00e0 les fronti\u00e8res\" \/>\n\t\t<script type=\"application\/ld+json\" class=\"aioseo-schema\">\n\t\t\t{\"@context\":\"https:\\\/\\\/schema.org\",\"@graph\":[{\"@type\":\"Article\",\"@id\":\"https:\\\/\\\/science.rmtmo.eu\\\/en\\\/news\\\/un-atlas-transfrontalier-du-changement-climatique\\\/#article\",\"name\":\"Un atlas transfrontalier du changement climatique | S\\u00e4ule Wissenschaft\",\"headline\":\"Un atlas transfrontalier du changement climatique\\u00a0\",\"author\":{\"@id\":\"https:\\\/\\\/science.rmtmo.eu\\\/en\\\/#author\"},\"publisher\":{\"@id\":\"https:\\\/\\\/science.rmtmo.eu\\\/en\\\/#organization\"},\"image\":{\"@type\":\"ImageObject\",\"url\":\"https:\\\/\\\/science.rmtmo.eu\\\/wp-content\\\/uploads\\\/2022\\\/05\\\/Climability.png\",\"width\":535,\"height\":315},\"datePublished\":\"2022-05-18T09:44:33+02:00\",\"dateModified\":\"2022-05-18T09:44:51+02:00\",\"inLanguage\":\"en-US\",\"mainEntityOfPage\":{\"@id\":\"https:\\\/\\\/science.rmtmo.eu\\\/en\\\/news\\\/un-atlas-transfrontalier-du-changement-climatique\\\/#webpage\"},\"isPartOf\":{\"@id\":\"https:\\\/\\\/science.rmtmo.eu\\\/en\\\/news\\\/un-atlas-transfrontalier-du-changement-climatique\\\/#webpage\"},\"articleSection\":\"News\"},{\"@type\":\"BreadcrumbList\",\"@id\":\"https:\\\/\\\/science.rmtmo.eu\\\/en\\\/news\\\/un-atlas-transfrontalier-du-changement-climatique\\\/#breadcrumblist\",\"itemListElement\":[{\"@type\":\"ListItem\",\"@id\":\"https:\\\/\\\/science.rmtmo.eu\\\/en\\\/#listItem\",\"position\":1,\"name\":\"Home\",\"item\":\"https:\\\/\\\/science.rmtmo.eu\\\/en\\\/\",\"nextItem\":{\"@type\":\"ListItem\",\"@id\":\"https:\\\/\\\/science.rmtmo.eu\\\/en\\\/category\\\/news\\\/#listItem\",\"name\":\"News\"}},{\"@type\":\"ListItem\",\"@id\":\"https:\\\/\\\/science.rmtmo.eu\\\/en\\\/category\\\/news\\\/#listItem\",\"position\":2,\"name\":\"News\",\"item\":\"https:\\\/\\\/science.rmtmo.eu\\\/en\\\/category\\\/news\\\/\",\"nextItem\":{\"@type\":\"ListItem\",\"@id\":\"https:\\\/\\\/science.rmtmo.eu\\\/en\\\/news\\\/un-atlas-transfrontalier-du-changement-climatique\\\/#listItem\",\"name\":\"Un atlas transfrontalier du changement climatique\\u00a0\"},\"previousItem\":{\"@type\":\"ListItem\",\"@id\":\"https:\\\/\\\/science.rmtmo.eu\\\/en\\\/#listItem\",\"name\":\"Home\"}},{\"@type\":\"ListItem\",\"@id\":\"https:\\\/\\\/science.rmtmo.eu\\\/en\\\/news\\\/un-atlas-transfrontalier-du-changement-climatique\\\/#listItem\",\"position\":3,\"name\":\"Un atlas transfrontalier du changement climatique\\u00a0\",\"previousItem\":{\"@type\":\"ListItem\",\"@id\":\"https:\\\/\\\/science.rmtmo.eu\\\/en\\\/category\\\/news\\\/#listItem\",\"name\":\"News\"}}]},{\"@type\":\"Organization\",\"@id\":\"https:\\\/\\\/science.rmtmo.eu\\\/en\\\/#organization\",\"name\":\"S\\u00e4ule Wissenschaft\",\"description\":\"Pilier Sciences\",\"url\":\"https:\\\/\\\/science.rmtmo.eu\\\/en\\\/\"},{\"@type\":\"Person\",\"@id\":\"https:\\\/\\\/science.rmtmo.eu\\\/en\\\/#author\",\"url\":\"https:\\\/\\\/science.rmtmo.eu\\\/en\\\/\",\"name\":\"Julia Schoppe\",\"image\":{\"@type\":\"ImageObject\",\"@id\":\"https:\\\/\\\/science.rmtmo.eu\\\/en\\\/news\\\/un-atlas-transfrontalier-du-changement-climatique\\\/#authorImage\",\"url\":\"https:\\\/\\\/secure.gravatar.com\\\/avatar\\\/a901258a7b8dcf03b30368978e66936d1876b26f972c0de45f958d78752a1f9e?s=96&d=mm&r=g\",\"width\":96,\"height\":96,\"caption\":\"Julia Schoppe\"}},{\"@type\":\"WebPage\",\"@id\":\"https:\\\/\\\/science.rmtmo.eu\\\/en\\\/news\\\/un-atlas-transfrontalier-du-changement-climatique\\\/#webpage\",\"url\":\"https:\\\/\\\/science.rmtmo.eu\\\/en\\\/news\\\/un-atlas-transfrontalier-du-changement-climatique\\\/\",\"name\":\"Un atlas transfrontalier du changement climatique | S\\u00e4ule Wissenschaft\",\"description\":\"La transformation durable de notre syst\\u00e8me \\u00e9conomique et \\u00e9nerg\\u00e9tique en r\\u00e9action \\u00e0 la menace du d\\u00e9r\\u00e8glement climatique constitue l\\u2019un des plus grands enjeux politiques, \\u00e9conomiques et sociaux. Les partenaires de la R\\u00e9gion m\\u00e9tropolitaine trinationale du Rhin sup\\u00e9rieur en ont fait un enjeu commun, car il est essentiel de s\\u2019emparer de ce sujet par-del\\u00e0 les fronti\\u00e8res\",\"inLanguage\":\"en-US\",\"isPartOf\":{\"@id\":\"https:\\\/\\\/science.rmtmo.eu\\\/en\\\/#website\"},\"breadcrumb\":{\"@id\":\"https:\\\/\\\/science.rmtmo.eu\\\/en\\\/news\\\/un-atlas-transfrontalier-du-changement-climatique\\\/#breadcrumblist\"},\"author\":{\"@id\":\"https:\\\/\\\/science.rmtmo.eu\\\/en\\\/#author\"},\"creator\":{\"@id\":\"https:\\\/\\\/science.rmtmo.eu\\\/en\\\/#author\"},\"image\":{\"@type\":\"ImageObject\",\"url\":\"https:\\\/\\\/science.rmtmo.eu\\\/wp-content\\\/uploads\\\/2022\\\/05\\\/Climability.png\",\"@id\":\"https:\\\/\\\/science.rmtmo.eu\\\/en\\\/news\\\/un-atlas-transfrontalier-du-changement-climatique\\\/#mainImage\",\"width\":535,\"height\":315},\"primaryImageOfPage\":{\"@id\":\"https:\\\/\\\/science.rmtmo.eu\\\/en\\\/news\\\/un-atlas-transfrontalier-du-changement-climatique\\\/#mainImage\"},\"datePublished\":\"2022-05-18T09:44:33+02:00\",\"dateModified\":\"2022-05-18T09:44:51+02:00\"},{\"@type\":\"WebSite\",\"@id\":\"https:\\\/\\\/science.rmtmo.eu\\\/en\\\/#website\",\"url\":\"https:\\\/\\\/science.rmtmo.eu\\\/en\\\/\",\"name\":\"S\\u00e4ule Wissenschaft\",\"description\":\"Pilier Sciences\",\"inLanguage\":\"en-US\",\"publisher\":{\"@id\":\"https:\\\/\\\/science.rmtmo.eu\\\/en\\\/#organization\"}}]}\n\t\t<\/script>\n\t\t<!-- All in One SEO -->\n\n","aioseo_head_json":{"title":"Un atlas transfrontalier du changement climatique | S\u00e4ule Wissenschaft","description":"La transformation durable de notre syst\u00e8me \u00e9conomique et \u00e9nerg\u00e9tique en r\u00e9action \u00e0 la menace du d\u00e9r\u00e8glement climatique constitue l\u2019un des plus grands enjeux politiques, \u00e9conomiques et sociaux. Les partenaires de la R\u00e9gion m\u00e9tropolitaine trinationale du Rhin sup\u00e9rieur en ont fait un enjeu commun, car il est essentiel de s\u2019emparer de ce sujet par-del\u00e0 les fronti\u00e8res","canonical_url":"https:\/\/science.rmtmo.eu\/en\/news\/un-atlas-transfrontalier-du-changement-climatique\/","robots":"max-image-preview:large","keywords":"","webmasterTools":{"miscellaneous":""},"schema":{"@context":"https:\/\/schema.org","@graph":[{"@type":"Article","@id":"https:\/\/science.rmtmo.eu\/en\/news\/un-atlas-transfrontalier-du-changement-climatique\/#article","name":"Un atlas transfrontalier du changement climatique | S\u00e4ule Wissenschaft","headline":"Un atlas transfrontalier du changement climatique\u00a0","author":{"@id":"https:\/\/science.rmtmo.eu\/en\/#author"},"publisher":{"@id":"https:\/\/science.rmtmo.eu\/en\/#organization"},"image":{"@type":"ImageObject","url":"https:\/\/science.rmtmo.eu\/wp-content\/uploads\/2022\/05\/Climability.png","width":535,"height":315},"datePublished":"2022-05-18T09:44:33+02:00","dateModified":"2022-05-18T09:44:51+02:00","inLanguage":"en-US","mainEntityOfPage":{"@id":"https:\/\/science.rmtmo.eu\/en\/news\/un-atlas-transfrontalier-du-changement-climatique\/#webpage"},"isPartOf":{"@id":"https:\/\/science.rmtmo.eu\/en\/news\/un-atlas-transfrontalier-du-changement-climatique\/#webpage"},"articleSection":"News"},{"@type":"BreadcrumbList","@id":"https:\/\/science.rmtmo.eu\/en\/news\/un-atlas-transfrontalier-du-changement-climatique\/#breadcrumblist","itemListElement":[{"@type":"ListItem","@id":"https:\/\/science.rmtmo.eu\/en\/#listItem","position":1,"name":"Home","item":"https:\/\/science.rmtmo.eu\/en\/","nextItem":{"@type":"ListItem","@id":"https:\/\/science.rmtmo.eu\/en\/category\/news\/#listItem","name":"News"}},{"@type":"ListItem","@id":"https:\/\/science.rmtmo.eu\/en\/category\/news\/#listItem","position":2,"name":"News","item":"https:\/\/science.rmtmo.eu\/en\/category\/news\/","nextItem":{"@type":"ListItem","@id":"https:\/\/science.rmtmo.eu\/en\/news\/un-atlas-transfrontalier-du-changement-climatique\/#listItem","name":"Un atlas transfrontalier du changement climatique\u00a0"},"previousItem":{"@type":"ListItem","@id":"https:\/\/science.rmtmo.eu\/en\/#listItem","name":"Home"}},{"@type":"ListItem","@id":"https:\/\/science.rmtmo.eu\/en\/news\/un-atlas-transfrontalier-du-changement-climatique\/#listItem","position":3,"name":"Un atlas transfrontalier du changement climatique\u00a0","previousItem":{"@type":"ListItem","@id":"https:\/\/science.rmtmo.eu\/en\/category\/news\/#listItem","name":"News"}}]},{"@type":"Organization","@id":"https:\/\/science.rmtmo.eu\/en\/#organization","name":"S\u00e4ule Wissenschaft","description":"Pilier Sciences","url":"https:\/\/science.rmtmo.eu\/en\/"},{"@type":"Person","@id":"https:\/\/science.rmtmo.eu\/en\/#author","url":"https:\/\/science.rmtmo.eu\/en\/","name":"Julia Schoppe","image":{"@type":"ImageObject","@id":"https:\/\/science.rmtmo.eu\/en\/news\/un-atlas-transfrontalier-du-changement-climatique\/#authorImage","url":"https:\/\/secure.gravatar.com\/avatar\/a901258a7b8dcf03b30368978e66936d1876b26f972c0de45f958d78752a1f9e?s=96&d=mm&r=g","width":96,"height":96,"caption":"Julia Schoppe"}},{"@type":"WebPage","@id":"https:\/\/science.rmtmo.eu\/en\/news\/un-atlas-transfrontalier-du-changement-climatique\/#webpage","url":"https:\/\/science.rmtmo.eu\/en\/news\/un-atlas-transfrontalier-du-changement-climatique\/","name":"Un atlas transfrontalier du changement climatique | S\u00e4ule Wissenschaft","description":"La transformation durable de notre syst\u00e8me \u00e9conomique et \u00e9nerg\u00e9tique en r\u00e9action \u00e0 la menace du d\u00e9r\u00e8glement climatique constitue l\u2019un des plus grands enjeux politiques, \u00e9conomiques et sociaux. Les partenaires de la R\u00e9gion m\u00e9tropolitaine trinationale du Rhin sup\u00e9rieur en ont fait un enjeu commun, car il est essentiel de s\u2019emparer de ce sujet par-del\u00e0 les fronti\u00e8res","inLanguage":"en-US","isPartOf":{"@id":"https:\/\/science.rmtmo.eu\/en\/#website"},"breadcrumb":{"@id":"https:\/\/science.rmtmo.eu\/en\/news\/un-atlas-transfrontalier-du-changement-climatique\/#breadcrumblist"},"author":{"@id":"https:\/\/science.rmtmo.eu\/en\/#author"},"creator":{"@id":"https:\/\/science.rmtmo.eu\/en\/#author"},"image":{"@type":"ImageObject","url":"https:\/\/science.rmtmo.eu\/wp-content\/uploads\/2022\/05\/Climability.png","@id":"https:\/\/science.rmtmo.eu\/en\/news\/un-atlas-transfrontalier-du-changement-climatique\/#mainImage","width":535,"height":315},"primaryImageOfPage":{"@id":"https:\/\/science.rmtmo.eu\/en\/news\/un-atlas-transfrontalier-du-changement-climatique\/#mainImage"},"datePublished":"2022-05-18T09:44:33+02:00","dateModified":"2022-05-18T09:44:51+02:00"},{"@type":"WebSite","@id":"https:\/\/science.rmtmo.eu\/en\/#website","url":"https:\/\/science.rmtmo.eu\/en\/","name":"S\u00e4ule Wissenschaft","description":"Pilier Sciences","inLanguage":"en-US","publisher":{"@id":"https:\/\/science.rmtmo.eu\/en\/#organization"}}]},"og:locale":"en_US","og:site_name":"S\u00e4ule Wissenschaft | Pilier Sciences","og:type":"article","og:title":"Un atlas transfrontalier du changement climatique | S\u00e4ule Wissenschaft","og:description":"La transformation durable de notre syst\u00e8me \u00e9conomique et \u00e9nerg\u00e9tique en r\u00e9action \u00e0 la menace du d\u00e9r\u00e8glement climatique constitue l\u2019un des plus grands enjeux politiques, \u00e9conomiques et sociaux. Les partenaires de la R\u00e9gion m\u00e9tropolitaine trinationale du Rhin sup\u00e9rieur en ont fait un enjeu commun, car il est essentiel de s\u2019emparer de ce sujet par-del\u00e0 les fronti\u00e8res","og:url":"https:\/\/science.rmtmo.eu\/en\/news\/un-atlas-transfrontalier-du-changement-climatique\/","article:published_time":"2022-05-18T07:44:33+00:00","article:modified_time":"2022-05-18T07:44:51+00:00","twitter:card":"summary","twitter:title":"Un atlas transfrontalier du changement climatique | S\u00e4ule Wissenschaft","twitter:description":"La transformation durable de notre syst\u00e8me \u00e9conomique et \u00e9nerg\u00e9tique en r\u00e9action \u00e0 la menace du d\u00e9r\u00e8glement climatique constitue l\u2019un des plus grands enjeux politiques, \u00e9conomiques et sociaux. Les partenaires de la R\u00e9gion m\u00e9tropolitaine trinationale du Rhin sup\u00e9rieur en ont fait un enjeu commun, car il est essentiel de s\u2019emparer de ce sujet par-del\u00e0 les fronti\u00e8res"},"aioseo_meta_data":{"post_id":"12133","title":"#post_title | #site_title","description":"#post_excerpt","keywords":[],"keyphrases":{"focus":{"keyphrase":"","score":0,"analysis":{"keyphraseInTitle":{"score":0,"maxScore":9,"error":1}}},"additional":[]},"primary_term":null,"canonical_url":null,"og_title":null,"og_description":null,"og_object_type":"default","og_image_type":"default","og_image_url":null,"og_image_width":null,"og_image_height":null,"og_image_custom_url":null,"og_image_custom_fields":null,"og_video":"","og_custom_url":null,"og_article_section":null,"og_article_tags":[],"twitter_use_og":false,"twitter_card":"default","twitter_image_type":"default","twitter_image_url":null,"twitter_image_custom_url":null,"twitter_image_custom_fields":null,"twitter_title":null,"twitter_description":null,"schema":{"blockGraphs":[],"customGraphs":[],"default":{"data":{"Article":{"id":"aioseo-article-637b3a81d4d2c","slug":"article","graphName":"Article","label":"Article","properties":{"type":"BlogPosting","name":"#post_title","headline":"#post_title","description":"#post_excerpt","image":"","keywords":"","author":{"name":"#author_name","url":"#author_url"},"dates":{"include":true,"datePublished":"","dateModified":""}}},"Course":[],"Dataset":[],"FAQPage":[],"Movie":[],"Person":[],"Product":[],"ProductReview":[],"Car":[],"Recipe":[],"Service":[],"SoftwareApplication":[],"WebPage":[]},"graphName":"Article","isEnabled":true},"graphs":[]},"schema_type":"default","schema_type_options":"{\"article\":{\"articleType\":\"BlogPosting\"},\"course\":{\"name\":\"\",\"description\":\"\",\"provider\":\"\"},\"faq\":{\"pages\":[]},\"product\":{\"reviews\":[]},\"recipe\":{\"ingredients\":[],\"instructions\":[],\"keywords\":[]},\"software\":{\"reviews\":[],\"operatingSystems\":[]},\"webPage\":{\"webPageType\":\"WebPage\"}}","pillar_content":false,"robots_default":true,"robots_noindex":false,"robots_noarchive":false,"robots_nosnippet":false,"robots_nofollow":false,"robots_noimageindex":false,"robots_noodp":false,"robots_notranslate":false,"robots_max_snippet":"-1","robots_max_videopreview":"-1","robots_max_imagepreview":"large","priority":null,"frequency":"default","local_seo":null,"breadcrumb_settings":null,"limit_modified_date":false,"ai":null,"created":"2022-05-18 07:44:51","updated":"2025-07-09 00:36:46","focus_keyword":null,"additional_keywords":null,"truseo_locale":null,"seo_analyzer_scan_date":null},"aioseo_breadcrumb":"<div class=\"aioseo-breadcrumbs\"><span class=\"aioseo-breadcrumb\">\n\t\t\t<a href=\"https:\/\/science.rmtmo.eu\/en\/\" title=\"Home\">Home<\/a>\n\t\t<\/span><span class=\"aioseo-breadcrumb-separator\">&raquo;<\/span><span class=\"aioseo-breadcrumb\">\n\t\t\t<a href=\"https:\/\/science.rmtmo.eu\/en\/category\/news\/\" title=\"News\">News<\/a>\n\t\t<\/span><span class=\"aioseo-breadcrumb-separator\">&raquo;<\/span><span class=\"aioseo-breadcrumb\">\n\t\t\tUn atlas transfrontalier du changement climatique \n\t\t<\/span><\/div>","aioseo_breadcrumb_json":[{"label":"Home","link":"https:\/\/science.rmtmo.eu\/en\/"},{"label":"News","link":"https:\/\/science.rmtmo.eu\/en\/category\/news\/"},{"label":"Un atlas transfrontalier du changement climatique\u00a0","link":"https:\/\/science.rmtmo.eu\/en\/news\/un-atlas-transfrontalier-du-changement-climatique\/"}],"_links":{"self":[{"href":"https:\/\/science.rmtmo.eu\/en\/wp-json\/wp\/v2\/posts\/12133","targetHints":{"allow":["GET"]}}],"collection":[{"href":"https:\/\/science.rmtmo.eu\/en\/wp-json\/wp\/v2\/posts"}],"about":[{"href":"https:\/\/science.rmtmo.eu\/en\/wp-json\/wp\/v2\/types\/post"}],"author":[{"embeddable":true,"href":"https:\/\/science.rmtmo.eu\/en\/wp-json\/wp\/v2\/users\/2"}],"replies":[{"embeddable":true,"href":"https:\/\/science.rmtmo.eu\/en\/wp-json\/wp\/v2\/comments?post=12133"}],"version-history":[{"count":1,"href":"https:\/\/science.rmtmo.eu\/en\/wp-json\/wp\/v2\/posts\/12133\/revisions"}],"predecessor-version":[{"id":12134,"href":"https:\/\/science.rmtmo.eu\/en\/wp-json\/wp\/v2\/posts\/12133\/revisions\/12134"}],"wp:featuredmedia":[{"embeddable":true,"href":"https:\/\/science.rmtmo.eu\/en\/wp-json\/wp\/v2\/media\/12128"}],"wp:attachment":[{"href":"https:\/\/science.rmtmo.eu\/en\/wp-json\/wp\/v2\/media?parent=12133"}],"wp:term":[{"taxonomy":"category","embeddable":true,"href":"https:\/\/science.rmtmo.eu\/en\/wp-json\/wp\/v2\/categories?post=12133"},{"taxonomy":"post_tag","embeddable":true,"href":"https:\/\/science.rmtmo.eu\/en\/wp-json\/wp\/v2\/tags?post=12133"}],"curies":[{"name":"wp","href":"https:\/\/api.w.org\/{rel}","templated":true}]}}