{"id":11699,"date":"2022-02-15T12:17:04","date_gmt":"2022-02-15T11:17:04","guid":{"rendered":"https:\/\/science.rmtmo.eu\/news\/10-03-2022-conference-europe-en-transition-les-defis-pour-la-recherche-et-la-formation-a-strasbourg\/"},"modified":"2026-07-15T09:08:18","modified_gmt":"2026-07-15T07:08:18","slug":"10-03-2022-conference-europe-en-transition-les-defis-pour-la-recherche-et-la-formation-a-strasbourg","status":"publish","type":"post","link":"https:\/\/science.rmtmo.eu\/en\/news\/10-03-2022-conference-europe-en-transition-les-defis-pour-la-recherche-et-la-formation-a-strasbourg\/","title":{"rendered":"10.03.2022 : Conf\u00e9rence \u00ab Europe en transition : les d\u00e9fis pour la recherche et la formation \u00bb \u00e0 Strasbourg"},"content":{"rendered":"<section  class=\"section swatch-white-red section-normal \" ><div class=\"background-media\"><\/div><div class=\"background-overlay\" style=\"\"><\/div><div class=\"container\"><div class=\"row vertical-top\"><div class=\"col-md-12  text-default\" ><p>Dans le cadre de la Pr\u00e9sidence Fran\u00e7aise de l\u2019Union Europ\u00e9enne (PFUE), une conf\u00e9rence est organis\u00e9e par les 5 alliances nationales de recherche fran\u00e7aises regroupant organismes de recherche et universit\u00e9s et correspondant aux 5 th\u00e8mes transversaux : \u00e9nergie, environnement, num\u00e9rique, sant\u00e9 et sciences humaines et sociales. Cette conf\u00e9rence se tiendra le 10 mars 2022 \u00e0 Strasbourg (\u00e0 l\u2019h\u00e9micycle de la r\u00e9gion Grand Est) de 10h \u00e0 17h30.<!--more--><\/p>\n<p>L\u2019\u00e9v\u00e8nement est propos\u00e9 sous un format hybride, en pr\u00e9sentiel ou distanciel.<\/p>\n<p>Plus d\u2019informations et inscriptions&nbsp;: <a href=\"https:\/\/www.allianceenergie.fr\/save-the-date-europe-en-transition-les-defis-pour-la-recherche-et-la-formation\/\" target=\"_blank\" rel=\"noopener\">https:\/\/www.allianceenergie.fr\/save-the-date-europe-en-transition-les-defis-pour-la-recherche-et-la-formation\/<\/a><\/p>\n<p>Copyright : stylephotographs\u00a9123rf.com<\/p>\n<\/div><\/div><\/div><\/section>\n","protected":false},"excerpt":{"rendered":"<p>Dans le cadre de la Pr\u00e9sidence Fran\u00e7aise de l\u2019Union Europ\u00e9enne (PFUE), une conf\u00e9rence est organis\u00e9e par les 5 alliances nationales de recherche fran\u00e7aises regroupant organismes de recherche et universit\u00e9s et correspondant aux 5 th\u00e8mes transversaux : \u00e9nergie, environnement, num\u00e9rique, sant\u00e9 et sciences humaines et sociales. Cette conf\u00e9rence se tiendra le 10 mars 2022 \u00e0 Strasbourg<\/p>\n","protected":false},"author":2,"featured_media":11435,"comment_status":"closed","ping_status":"closed","sticky":false,"template":"","format":"standard","meta":{"ngg_post_thumbnail":0,"footnotes":""},"categories":[8],"tags":[],"class_list":["post-11699","post","type-post","status-publish","format-standard","has-post-thumbnail","hentry","category-news"],"aioseo_notices":[],"aioseo_head":"\n\t\t<!-- All in One SEO 5.0.1 - aioseo.com -->\n\t<meta name=\"description\" content=\"Dans le cadre de la Pr\u00e9sidence Fran\u00e7aise de l\u2019Union Europ\u00e9enne (PFUE), une conf\u00e9rence est organis\u00e9e par les 5 alliances nationales de recherche fran\u00e7aises regroupant organismes de recherche et universit\u00e9s et correspondant aux 5 th\u00e8mes transversaux : \u00e9nergie, environnement, num\u00e9rique, sant\u00e9 et sciences humaines et sociales. Cette conf\u00e9rence se tiendra le 10 mars 2022 \u00e0 Strasbourg\" \/>\n\t<meta name=\"robots\" content=\"max-image-preview:large\" \/>\n\t<meta name=\"author\" content=\"Julia Schoppe\"\/>\n\t<link rel=\"canonical\" href=\"https:\/\/science.rmtmo.eu\/en\/news\/10-03-2022-conference-europe-en-transition-les-defis-pour-la-recherche-et-la-formation-a-strasbourg\/\" \/>\n\t<meta name=\"generator\" content=\"All in One SEO (AIOSEO) 5.0.1\" \/>\n\t\t<meta property=\"og:locale\" content=\"en_US\" \/>\n\t\t<meta property=\"og:site_name\" content=\"S\u00e4ule Wissenschaft | Pilier Sciences\" \/>\n\t\t<meta property=\"og:type\" content=\"article\" \/>\n\t\t<meta property=\"og:title\" content=\"10.03.2022 : Conf\u00e9rence \u00ab Europe en transition : les d\u00e9fis pour la recherche et la formation \u00bb \u00e0 Strasbourg | S\u00e4ule Wissenschaft\" \/>\n\t\t<meta property=\"og:description\" content=\"Dans le cadre de la Pr\u00e9sidence Fran\u00e7aise de l\u2019Union Europ\u00e9enne (PFUE), une conf\u00e9rence est organis\u00e9e par les 5 alliances nationales de recherche fran\u00e7aises regroupant organismes de recherche et universit\u00e9s et correspondant aux 5 th\u00e8mes transversaux : \u00e9nergie, environnement, num\u00e9rique, sant\u00e9 et sciences humaines et sociales. Cette conf\u00e9rence se tiendra le 10 mars 2022 \u00e0 Strasbourg\" \/>\n\t\t<meta property=\"og:url\" content=\"https:\/\/science.rmtmo.eu\/en\/news\/10-03-2022-conference-europe-en-transition-les-defis-pour-la-recherche-et-la-formation-a-strasbourg\/\" \/>\n\t\t<meta property=\"article:published_time\" content=\"2022-02-15T11:17:04+00:00\" \/>\n\t\t<meta property=\"article:modified_time\" content=\"2026-07-15T07:08:18+00:00\" \/>\n\t\t<meta name=\"twitter:card\" content=\"summary\" \/>\n\t\t<meta name=\"twitter:title\" content=\"10.03.2022 : Conf\u00e9rence \u00ab Europe en transition : les d\u00e9fis pour la recherche et la formation \u00bb \u00e0 Strasbourg | S\u00e4ule Wissenschaft\" \/>\n\t\t<meta name=\"twitter:description\" content=\"Dans le cadre de la Pr\u00e9sidence Fran\u00e7aise de l\u2019Union Europ\u00e9enne (PFUE), une conf\u00e9rence est organis\u00e9e par les 5 alliances nationales de recherche fran\u00e7aises regroupant organismes de recherche et universit\u00e9s et correspondant aux 5 th\u00e8mes transversaux : \u00e9nergie, environnement, num\u00e9rique, sant\u00e9 et sciences humaines et sociales. Cette conf\u00e9rence se tiendra le 10 mars 2022 \u00e0 Strasbourg\" \/>\n\t\t<script type=\"application\/ld+json\" class=\"aioseo-schema\">\n\t\t\t{\"@context\":\"https:\\\/\\\/schema.org\",\"@graph\":[{\"@type\":\"Article\",\"@id\":\"https:\\\/\\\/science.rmtmo.eu\\\/en\\\/news\\\/10-03-2022-conference-europe-en-transition-les-defis-pour-la-recherche-et-la-formation-a-strasbourg\\\/#article\",\"name\":\"10.03.2022 : Conf\\u00e9rence \\u00ab Europe en transition : les d\\u00e9fis pour la recherche et la formation \\u00bb \\u00e0 Strasbourg | S\\u00e4ule Wissenschaft\",\"headline\":\"10.03.2022 : Conf\\u00e9rence \\u00ab Europe en transition : les d\\u00e9fis pour la recherche et la formation \\u00bb \\u00e0 Strasbourg\",\"author\":{\"@id\":\"https:\\\/\\\/science.rmtmo.eu\\\/en\\\/#author\"},\"publisher\":{\"@id\":\"https:\\\/\\\/science.rmtmo.eu\\\/en\\\/#organization\"},\"image\":{\"@type\":\"ImageObject\",\"url\":\"https:\\\/\\\/science.rmtmo.eu\\\/wp-content\\\/uploads\\\/2021\\\/11\\\/stylephotographs\\u00a9123rf_klein.jpg\",\"width\":600,\"height\":225,\"caption\":\"Many heads team as illustration in different bright colors\"},\"datePublished\":\"2022-02-15T12:17:04+01:00\",\"dateModified\":\"2026-07-15T09:08:18+02:00\",\"inLanguage\":\"en-US\",\"mainEntityOfPage\":{\"@id\":\"https:\\\/\\\/science.rmtmo.eu\\\/en\\\/news\\\/10-03-2022-conference-europe-en-transition-les-defis-pour-la-recherche-et-la-formation-a-strasbourg\\\/#webpage\"},\"isPartOf\":{\"@id\":\"https:\\\/\\\/science.rmtmo.eu\\\/en\\\/news\\\/10-03-2022-conference-europe-en-transition-les-defis-pour-la-recherche-et-la-formation-a-strasbourg\\\/#webpage\"},\"articleSection\":\"News, Optional\"},{\"@type\":\"BreadcrumbList\",\"@id\":\"https:\\\/\\\/science.rmtmo.eu\\\/en\\\/news\\\/10-03-2022-conference-europe-en-transition-les-defis-pour-la-recherche-et-la-formation-a-strasbourg\\\/#breadcrumblist\",\"itemListElement\":[{\"@type\":\"ListItem\",\"@id\":\"https:\\\/\\\/science.rmtmo.eu\\\/en\\\/#listItem\",\"position\":1,\"name\":\"Home\",\"item\":\"https:\\\/\\\/science.rmtmo.eu\\\/en\\\/\",\"nextItem\":{\"@type\":\"ListItem\",\"@id\":\"https:\\\/\\\/science.rmtmo.eu\\\/en\\\/category\\\/news\\\/#listItem\",\"name\":\"News\"}},{\"@type\":\"ListItem\",\"@id\":\"https:\\\/\\\/science.rmtmo.eu\\\/en\\\/category\\\/news\\\/#listItem\",\"position\":2,\"name\":\"News\",\"item\":\"https:\\\/\\\/science.rmtmo.eu\\\/en\\\/category\\\/news\\\/\",\"nextItem\":{\"@type\":\"ListItem\",\"@id\":\"https:\\\/\\\/science.rmtmo.eu\\\/en\\\/news\\\/10-03-2022-conference-europe-en-transition-les-defis-pour-la-recherche-et-la-formation-a-strasbourg\\\/#listItem\",\"name\":\"10.03.2022 : Conf\\u00e9rence \\u00ab Europe en transition : les d\\u00e9fis pour la recherche et la formation \\u00bb \\u00e0 Strasbourg\"},\"previousItem\":{\"@type\":\"ListItem\",\"@id\":\"https:\\\/\\\/science.rmtmo.eu\\\/en\\\/#listItem\",\"name\":\"Home\"}},{\"@type\":\"ListItem\",\"@id\":\"https:\\\/\\\/science.rmtmo.eu\\\/en\\\/news\\\/10-03-2022-conference-europe-en-transition-les-defis-pour-la-recherche-et-la-formation-a-strasbourg\\\/#listItem\",\"position\":3,\"name\":\"10.03.2022 : Conf\\u00e9rence \\u00ab Europe en transition : les d\\u00e9fis pour la recherche et la formation \\u00bb \\u00e0 Strasbourg\",\"previousItem\":{\"@type\":\"ListItem\",\"@id\":\"https:\\\/\\\/science.rmtmo.eu\\\/en\\\/category\\\/news\\\/#listItem\",\"name\":\"News\"}}]},{\"@type\":\"Organization\",\"@id\":\"https:\\\/\\\/science.rmtmo.eu\\\/en\\\/#organization\",\"name\":\"S\\u00e4ule Wissenschaft\",\"description\":\"Pilier Sciences\",\"url\":\"https:\\\/\\\/science.rmtmo.eu\\\/en\\\/\"},{\"@type\":\"Person\",\"@id\":\"https:\\\/\\\/science.rmtmo.eu\\\/en\\\/#author\",\"url\":\"https:\\\/\\\/science.rmtmo.eu\\\/en\\\/\",\"name\":\"Julia Schoppe\",\"image\":{\"@type\":\"ImageObject\",\"@id\":\"https:\\\/\\\/science.rmtmo.eu\\\/en\\\/news\\\/10-03-2022-conference-europe-en-transition-les-defis-pour-la-recherche-et-la-formation-a-strasbourg\\\/#authorImage\",\"url\":\"https:\\\/\\\/secure.gravatar.com\\\/avatar\\\/a901258a7b8dcf03b30368978e66936d1876b26f972c0de45f958d78752a1f9e?s=96&d=mm&r=g\",\"width\":96,\"height\":96,\"caption\":\"Julia Schoppe\"}},{\"@type\":\"WebPage\",\"@id\":\"https:\\\/\\\/science.rmtmo.eu\\\/en\\\/news\\\/10-03-2022-conference-europe-en-transition-les-defis-pour-la-recherche-et-la-formation-a-strasbourg\\\/#webpage\",\"url\":\"https:\\\/\\\/science.rmtmo.eu\\\/en\\\/news\\\/10-03-2022-conference-europe-en-transition-les-defis-pour-la-recherche-et-la-formation-a-strasbourg\\\/\",\"name\":\"10.03.2022 : Conf\\u00e9rence \\u00ab Europe en transition : les d\\u00e9fis pour la recherche et la formation \\u00bb \\u00e0 Strasbourg | S\\u00e4ule Wissenschaft\",\"description\":\"Dans le cadre de la Pr\\u00e9sidence Fran\\u00e7aise de l\\u2019Union Europ\\u00e9enne (PFUE), une conf\\u00e9rence est organis\\u00e9e par les 5 alliances nationales de recherche fran\\u00e7aises regroupant organismes de recherche et universit\\u00e9s et correspondant aux 5 th\\u00e8mes transversaux : \\u00e9nergie, environnement, num\\u00e9rique, sant\\u00e9 et sciences humaines et sociales. Cette conf\\u00e9rence se tiendra le 10 mars 2022 \\u00e0 Strasbourg\",\"inLanguage\":\"en-US\",\"isPartOf\":{\"@id\":\"https:\\\/\\\/science.rmtmo.eu\\\/en\\\/#website\"},\"breadcrumb\":{\"@id\":\"https:\\\/\\\/science.rmtmo.eu\\\/en\\\/news\\\/10-03-2022-conference-europe-en-transition-les-defis-pour-la-recherche-et-la-formation-a-strasbourg\\\/#breadcrumblist\"},\"author\":{\"@id\":\"https:\\\/\\\/science.rmtmo.eu\\\/en\\\/#author\"},\"creator\":{\"@id\":\"https:\\\/\\\/science.rmtmo.eu\\\/en\\\/#author\"},\"image\":{\"@type\":\"ImageObject\",\"url\":\"https:\\\/\\\/science.rmtmo.eu\\\/wp-content\\\/uploads\\\/2021\\\/11\\\/stylephotographs\\u00a9123rf_klein.jpg\",\"@id\":\"https:\\\/\\\/science.rmtmo.eu\\\/en\\\/news\\\/10-03-2022-conference-europe-en-transition-les-defis-pour-la-recherche-et-la-formation-a-strasbourg\\\/#mainImage\",\"width\":600,\"height\":225,\"caption\":\"Many heads team as illustration in different bright colors\"},\"primaryImageOfPage\":{\"@id\":\"https:\\\/\\\/science.rmtmo.eu\\\/en\\\/news\\\/10-03-2022-conference-europe-en-transition-les-defis-pour-la-recherche-et-la-formation-a-strasbourg\\\/#mainImage\"},\"datePublished\":\"2022-02-15T12:17:04+01:00\",\"dateModified\":\"2026-07-15T09:08:18+02:00\"},{\"@type\":\"WebSite\",\"@id\":\"https:\\\/\\\/science.rmtmo.eu\\\/en\\\/#website\",\"url\":\"https:\\\/\\\/science.rmtmo.eu\\\/en\\\/\",\"name\":\"S\\u00e4ule Wissenschaft\",\"description\":\"Pilier Sciences\",\"inLanguage\":\"en-US\",\"publisher\":{\"@id\":\"https:\\\/\\\/science.rmtmo.eu\\\/en\\\/#organization\"}}]}\n\t\t<\/script>\n\t\t<!-- All in One SEO -->\n\n","aioseo_head_json":{"title":"10.03.2022 : Conf\u00e9rence \u00ab Europe en transition : les d\u00e9fis pour la recherche et la formation \u00bb \u00e0 Strasbourg | S\u00e4ule Wissenschaft","description":"Dans le cadre de la Pr\u00e9sidence Fran\u00e7aise de l\u2019Union Europ\u00e9enne (PFUE), une conf\u00e9rence est organis\u00e9e par les 5 alliances nationales de recherche fran\u00e7aises regroupant organismes de recherche et universit\u00e9s et correspondant aux 5 th\u00e8mes transversaux : \u00e9nergie, environnement, num\u00e9rique, sant\u00e9 et sciences humaines et sociales. Cette conf\u00e9rence se tiendra le 10 mars 2022 \u00e0 Strasbourg","canonical_url":"https:\/\/science.rmtmo.eu\/en\/news\/10-03-2022-conference-europe-en-transition-les-defis-pour-la-recherche-et-la-formation-a-strasbourg\/","robots":"max-image-preview:large","keywords":"","webmasterTools":{"miscellaneous":""},"schema":{"@context":"https:\/\/schema.org","@graph":[{"@type":"Article","@id":"https:\/\/science.rmtmo.eu\/en\/news\/10-03-2022-conference-europe-en-transition-les-defis-pour-la-recherche-et-la-formation-a-strasbourg\/#article","name":"10.03.2022 : Conf\u00e9rence \u00ab Europe en transition : les d\u00e9fis pour la recherche et la formation \u00bb \u00e0 Strasbourg | S\u00e4ule Wissenschaft","headline":"10.03.2022 : Conf\u00e9rence \u00ab Europe en transition : les d\u00e9fis pour la recherche et la formation \u00bb \u00e0 Strasbourg","author":{"@id":"https:\/\/science.rmtmo.eu\/en\/#author"},"publisher":{"@id":"https:\/\/science.rmtmo.eu\/en\/#organization"},"image":{"@type":"ImageObject","url":"https:\/\/science.rmtmo.eu\/wp-content\/uploads\/2021\/11\/stylephotographs\u00a9123rf_klein.jpg","width":600,"height":225,"caption":"Many heads team as illustration in different bright colors"},"datePublished":"2022-02-15T12:17:04+01:00","dateModified":"2026-07-15T09:08:18+02:00","inLanguage":"en-US","mainEntityOfPage":{"@id":"https:\/\/science.rmtmo.eu\/en\/news\/10-03-2022-conference-europe-en-transition-les-defis-pour-la-recherche-et-la-formation-a-strasbourg\/#webpage"},"isPartOf":{"@id":"https:\/\/science.rmtmo.eu\/en\/news\/10-03-2022-conference-europe-en-transition-les-defis-pour-la-recherche-et-la-formation-a-strasbourg\/#webpage"},"articleSection":"News, Optional"},{"@type":"BreadcrumbList","@id":"https:\/\/science.rmtmo.eu\/en\/news\/10-03-2022-conference-europe-en-transition-les-defis-pour-la-recherche-et-la-formation-a-strasbourg\/#breadcrumblist","itemListElement":[{"@type":"ListItem","@id":"https:\/\/science.rmtmo.eu\/en\/#listItem","position":1,"name":"Home","item":"https:\/\/science.rmtmo.eu\/en\/","nextItem":{"@type":"ListItem","@id":"https:\/\/science.rmtmo.eu\/en\/category\/news\/#listItem","name":"News"}},{"@type":"ListItem","@id":"https:\/\/science.rmtmo.eu\/en\/category\/news\/#listItem","position":2,"name":"News","item":"https:\/\/science.rmtmo.eu\/en\/category\/news\/","nextItem":{"@type":"ListItem","@id":"https:\/\/science.rmtmo.eu\/en\/news\/10-03-2022-conference-europe-en-transition-les-defis-pour-la-recherche-et-la-formation-a-strasbourg\/#listItem","name":"10.03.2022 : Conf\u00e9rence \u00ab Europe en transition : les d\u00e9fis pour la recherche et la formation \u00bb \u00e0 Strasbourg"},"previousItem":{"@type":"ListItem","@id":"https:\/\/science.rmtmo.eu\/en\/#listItem","name":"Home"}},{"@type":"ListItem","@id":"https:\/\/science.rmtmo.eu\/en\/news\/10-03-2022-conference-europe-en-transition-les-defis-pour-la-recherche-et-la-formation-a-strasbourg\/#listItem","position":3,"name":"10.03.2022 : Conf\u00e9rence \u00ab Europe en transition : les d\u00e9fis pour la recherche et la formation \u00bb \u00e0 Strasbourg","previousItem":{"@type":"ListItem","@id":"https:\/\/science.rmtmo.eu\/en\/category\/news\/#listItem","name":"News"}}]},{"@type":"Organization","@id":"https:\/\/science.rmtmo.eu\/en\/#organization","name":"S\u00e4ule Wissenschaft","description":"Pilier Sciences","url":"https:\/\/science.rmtmo.eu\/en\/"},{"@type":"Person","@id":"https:\/\/science.rmtmo.eu\/en\/#author","url":"https:\/\/science.rmtmo.eu\/en\/","name":"Julia Schoppe","image":{"@type":"ImageObject","@id":"https:\/\/science.rmtmo.eu\/en\/news\/10-03-2022-conference-europe-en-transition-les-defis-pour-la-recherche-et-la-formation-a-strasbourg\/#authorImage","url":"https:\/\/secure.gravatar.com\/avatar\/a901258a7b8dcf03b30368978e66936d1876b26f972c0de45f958d78752a1f9e?s=96&d=mm&r=g","width":96,"height":96,"caption":"Julia Schoppe"}},{"@type":"WebPage","@id":"https:\/\/science.rmtmo.eu\/en\/news\/10-03-2022-conference-europe-en-transition-les-defis-pour-la-recherche-et-la-formation-a-strasbourg\/#webpage","url":"https:\/\/science.rmtmo.eu\/en\/news\/10-03-2022-conference-europe-en-transition-les-defis-pour-la-recherche-et-la-formation-a-strasbourg\/","name":"10.03.2022 : Conf\u00e9rence \u00ab Europe en transition : les d\u00e9fis pour la recherche et la formation \u00bb \u00e0 Strasbourg | S\u00e4ule Wissenschaft","description":"Dans le cadre de la Pr\u00e9sidence Fran\u00e7aise de l\u2019Union Europ\u00e9enne (PFUE), une conf\u00e9rence est organis\u00e9e par les 5 alliances nationales de recherche fran\u00e7aises regroupant organismes de recherche et universit\u00e9s et correspondant aux 5 th\u00e8mes transversaux : \u00e9nergie, environnement, num\u00e9rique, sant\u00e9 et sciences humaines et sociales. Cette conf\u00e9rence se tiendra le 10 mars 2022 \u00e0 Strasbourg","inLanguage":"en-US","isPartOf":{"@id":"https:\/\/science.rmtmo.eu\/en\/#website"},"breadcrumb":{"@id":"https:\/\/science.rmtmo.eu\/en\/news\/10-03-2022-conference-europe-en-transition-les-defis-pour-la-recherche-et-la-formation-a-strasbourg\/#breadcrumblist"},"author":{"@id":"https:\/\/science.rmtmo.eu\/en\/#author"},"creator":{"@id":"https:\/\/science.rmtmo.eu\/en\/#author"},"image":{"@type":"ImageObject","url":"https:\/\/science.rmtmo.eu\/wp-content\/uploads\/2021\/11\/stylephotographs\u00a9123rf_klein.jpg","@id":"https:\/\/science.rmtmo.eu\/en\/news\/10-03-2022-conference-europe-en-transition-les-defis-pour-la-recherche-et-la-formation-a-strasbourg\/#mainImage","width":600,"height":225,"caption":"Many heads team as illustration in different bright colors"},"primaryImageOfPage":{"@id":"https:\/\/science.rmtmo.eu\/en\/news\/10-03-2022-conference-europe-en-transition-les-defis-pour-la-recherche-et-la-formation-a-strasbourg\/#mainImage"},"datePublished":"2022-02-15T12:17:04+01:00","dateModified":"2026-07-15T09:08:18+02:00"},{"@type":"WebSite","@id":"https:\/\/science.rmtmo.eu\/en\/#website","url":"https:\/\/science.rmtmo.eu\/en\/","name":"S\u00e4ule Wissenschaft","description":"Pilier Sciences","inLanguage":"en-US","publisher":{"@id":"https:\/\/science.rmtmo.eu\/en\/#organization"}}]},"og:locale":"en_US","og:site_name":"S\u00e4ule Wissenschaft | Pilier Sciences","og:type":"article","og:title":"10.03.2022 : Conf\u00e9rence \u00ab Europe en transition : les d\u00e9fis pour la recherche et la formation \u00bb \u00e0 Strasbourg | S\u00e4ule Wissenschaft","og:description":"Dans le cadre de la Pr\u00e9sidence Fran\u00e7aise de l\u2019Union Europ\u00e9enne (PFUE), une conf\u00e9rence est organis\u00e9e par les 5 alliances nationales de recherche fran\u00e7aises regroupant organismes de recherche et universit\u00e9s et correspondant aux 5 th\u00e8mes transversaux : \u00e9nergie, environnement, num\u00e9rique, sant\u00e9 et sciences humaines et sociales. Cette conf\u00e9rence se tiendra le 10 mars 2022 \u00e0 Strasbourg","og:url":"https:\/\/science.rmtmo.eu\/en\/news\/10-03-2022-conference-europe-en-transition-les-defis-pour-la-recherche-et-la-formation-a-strasbourg\/","article:published_time":"2022-02-15T11:17:04+00:00","article:modified_time":"2026-07-15T07:08:18+00:00","twitter:card":"summary","twitter:title":"10.03.2022 : Conf\u00e9rence \u00ab Europe en transition : les d\u00e9fis pour la recherche et la formation \u00bb \u00e0 Strasbourg | S\u00e4ule Wissenschaft","twitter:description":"Dans le cadre de la Pr\u00e9sidence Fran\u00e7aise de l\u2019Union Europ\u00e9enne (PFUE), une conf\u00e9rence est organis\u00e9e par les 5 alliances nationales de recherche fran\u00e7aises regroupant organismes de recherche et universit\u00e9s et correspondant aux 5 th\u00e8mes transversaux : \u00e9nergie, environnement, num\u00e9rique, sant\u00e9 et sciences humaines et sociales. Cette conf\u00e9rence se tiendra le 10 mars 2022 \u00e0 Strasbourg"},"aioseo_meta_data":{"post_id":"11699","title":null,"description":null,"keywords":null,"keyphrases":{"focus":{"keyphrase":"","score":0,"analysis":{"keyphraseInTitle":{"score":0,"maxScore":9,"error":1}}},"additional":[]},"primary_term":null,"canonical_url":null,"og_title":null,"og_description":null,"og_object_type":"default","og_image_type":"default","og_image_url":null,"og_image_width":null,"og_image_height":null,"og_image_custom_url":null,"og_image_custom_fields":null,"og_video":"","og_custom_url":null,"og_article_section":null,"og_article_tags":null,"twitter_use_og":false,"twitter_card":"default","twitter_image_type":"default","twitter_image_url":null,"twitter_image_custom_url":null,"twitter_image_custom_fields":null,"twitter_title":null,"twitter_description":null,"schema":{"blockGraphs":[],"customGraphs":[],"default":{"data":{"Article":{"id":"aioseo-article-637b3a82bd171","slug":"article","graphName":"Article","label":"Article","properties":{"type":"BlogPosting","name":"#post_title","headline":"#post_title","description":"#post_excerpt","image":"","keywords":"","author":{"name":"#author_name","url":"#author_url"},"dates":{"include":true,"datePublished":"","dateModified":""}}},"Course":[],"Dataset":[],"FAQPage":[],"Movie":[],"Person":[],"Product":[],"ProductReview":[],"Car":[],"Recipe":[],"Service":[],"SoftwareApplication":[],"WebPage":[]},"graphName":"Article","isEnabled":true},"graphs":[]},"schema_type":"default","schema_type_options":"{\"article\":{\"articleType\":\"BlogPosting\"},\"course\":{\"name\":\"\",\"description\":\"\",\"provider\":\"\"},\"faq\":{\"pages\":[]},\"product\":{\"reviews\":[]},\"recipe\":{\"ingredients\":[],\"instructions\":[],\"keywords\":[]},\"software\":{\"reviews\":[],\"operatingSystems\":[]},\"webPage\":{\"webPageType\":\"WebPage\"}}","pillar_content":false,"robots_default":true,"robots_noindex":false,"robots_noarchive":false,"robots_nosnippet":false,"robots_nofollow":false,"robots_noimageindex":false,"robots_noodp":false,"robots_notranslate":false,"robots_max_snippet":"-1","robots_max_videopreview":"-1","robots_max_imagepreview":"large","priority":null,"frequency":"default","local_seo":null,"breadcrumb_settings":null,"limit_modified_date":false,"ai":{"faqs":[],"keyPoints":[],"titles":[],"descriptions":[],"socialPosts":{"email":[],"linkedin":[],"twitter":[],"facebook":[],"instagram":[]}},"created":"2022-02-15 11:24:33","updated":"2026-07-15 07:24:03","focus_keyword":null,"additional_keywords":null,"truseo_locale":null,"seo_analyzer_scan_date":null},"aioseo_breadcrumb":"<div class=\"aioseo-breadcrumbs\"><span class=\"aioseo-breadcrumb\">\n\t\t\t<a href=\"https:\/\/science.rmtmo.eu\/en\/\" title=\"Home\">Home<\/a>\n\t\t<\/span><span class=\"aioseo-breadcrumb-separator\">&raquo;<\/span><span class=\"aioseo-breadcrumb\">\n\t\t\t<a href=\"https:\/\/science.rmtmo.eu\/en\/category\/news\/\" title=\"News\">News<\/a>\n\t\t<\/span><span class=\"aioseo-breadcrumb-separator\">&raquo;<\/span><span class=\"aioseo-breadcrumb\">\n\t\t\t10.03.2022 : Conf\u00e9rence \u00ab Europe en transition : les d\u00e9fis pour la recherche et la formation \u00bb \u00e0 Strasbourg\n\t\t<\/span><\/div>","aioseo_breadcrumb_json":[{"label":"Home","link":"https:\/\/science.rmtmo.eu\/en\/"},{"label":"News","link":"https:\/\/science.rmtmo.eu\/en\/category\/news\/"},{"label":"10.03.2022 : Conf\u00e9rence \u00ab Europe en transition : les d\u00e9fis pour la recherche et la formation \u00bb \u00e0 Strasbourg","link":"https:\/\/science.rmtmo.eu\/en\/news\/10-03-2022-conference-europe-en-transition-les-defis-pour-la-recherche-et-la-formation-a-strasbourg\/"}],"_links":{"self":[{"href":"https:\/\/science.rmtmo.eu\/en\/wp-json\/wp\/v2\/posts\/11699","targetHints":{"allow":["GET"]}}],"collection":[{"href":"https:\/\/science.rmtmo.eu\/en\/wp-json\/wp\/v2\/posts"}],"about":[{"href":"https:\/\/science.rmtmo.eu\/en\/wp-json\/wp\/v2\/types\/post"}],"author":[{"embeddable":true,"href":"https:\/\/science.rmtmo.eu\/en\/wp-json\/wp\/v2\/users\/2"}],"replies":[{"embeddable":true,"href":"https:\/\/science.rmtmo.eu\/en\/wp-json\/wp\/v2\/comments?post=11699"}],"version-history":[{"count":2,"href":"https:\/\/science.rmtmo.eu\/en\/wp-json\/wp\/v2\/posts\/11699\/revisions"}],"predecessor-version":[{"id":16350,"href":"https:\/\/science.rmtmo.eu\/en\/wp-json\/wp\/v2\/posts\/11699\/revisions\/16350"}],"wp:featuredmedia":[{"embeddable":true,"href":"https:\/\/science.rmtmo.eu\/en\/wp-json\/wp\/v2\/media\/11435"}],"wp:attachment":[{"href":"https:\/\/science.rmtmo.eu\/en\/wp-json\/wp\/v2\/media?parent=11699"}],"wp:term":[{"taxonomy":"category","embeddable":true,"href":"https:\/\/science.rmtmo.eu\/en\/wp-json\/wp\/v2\/categories?post=11699"},{"taxonomy":"post_tag","embeddable":true,"href":"https:\/\/science.rmtmo.eu\/en\/wp-json\/wp\/v2\/tags?post=11699"}],"curies":[{"name":"wp","href":"https:\/\/api.w.org\/{rel}","templated":true}]}}