{"id":11693,"date":"2022-02-15T12:13:01","date_gmt":"2022-02-15T11:13:01","guid":{"rendered":"https:\/\/science.rmtmo.eu\/news\/europe-une-strategie-europeenne-pour-les-universites\/"},"modified":"2022-02-15T12:13:57","modified_gmt":"2022-02-15T11:13:57","slug":"europe-une-strategie-europeenne-pour-les-universites","status":"publish","type":"post","link":"https:\/\/science.rmtmo.eu\/en\/news\/europe-une-strategie-europeenne-pour-les-universites\/","title":{"rendered":"Europe : une strat\u00e9gie europ\u00e9enne pour les universit\u00e9s"},"content":{"rendered":"<p>Cette strat\u00e9gie europ\u00e9enne pour les universit\u00e9s, pr\u00e9sent\u00e9e le 18 janvier par la Commission europ\u00e9enne, fait partie d&#8217;un plan d&#8217;action pour l&#8217;enseignement sup\u00e9rieur, qui comprend \u00e9galement une proposition de recommandation du Conseil concernant la cr\u00e9ation de passerelles pour une coop\u00e9ration europ\u00e9enne coop\u00e9ration efficace dans l&#8217;enseignement sup\u00e9rieur. Ces deux initiatives visent \u00e0 lib\u00e9rer tout le potentiel du secteur de l&#8217;enseignement sup\u00e9rieur en tant que promoteur des comp\u00e9tences et des connaissances et moteur de l&#8217;innovation et de la r\u00e9solution des d\u00e9fis soci\u00e9taux.<!--more--><\/p>\n<p>La strat\u00e9gie propose de se concentrer sur la r\u00e9alisation de quatre objectifs cl\u00e9s, le renforcement de la dimension europ\u00e9enne dans l\u2019enseignement sup\u00e9rieur et la recherche ; le positionnement des universit\u00e9s comme acteur essentiel du mod\u00e8le europ\u00e9en ; la participation des universit\u00e9s dans la double transition verte et num\u00e9rique ; renforcer l\u2019impact international des universit\u00e9s europ\u00e9ennes.<\/p>\n<p>Quatre initiatives phares sous-tendront la mise en \u0153uvre de la strat\u00e9gie, dont la poursuite du d\u00e9ploiement de l\u2019initiative \u00ab Universit\u00e9s europ\u00e9ennes \u00bb \u00e0 60 nouveaux \u00e9tablissements, et l\u2019examen des options et mesures n\u00e9cessaires \u00e0 la mise en place d\u2019un dipl\u00f4me europ\u00e9en commun d\u2019ici \u00e0 la mi-2024.<\/p>\n<p>Plus d\u2019informations (en anglais) : <a href=\"https:\/\/education.ec.europa.eu\/es\/node\/1900\" target=\"_blank\" rel=\"noopener\">https:\/\/education.ec.europa.eu\/es\/node\/1900<\/a><\/p>\n","protected":false},"excerpt":{"rendered":"<p>Cette strat\u00e9gie europ\u00e9enne pour les universit\u00e9s, pr\u00e9sent\u00e9e le 18 janvier par la Commission europ\u00e9enne, fait partie d&#8217;un plan d&#8217;action pour l&#8217;enseignement sup\u00e9rieur, qui comprend \u00e9galement une proposition de recommandation du Conseil concernant la cr\u00e9ation de passerelles pour une coop\u00e9ration europ\u00e9enne coop\u00e9ration efficace dans l&#8217;enseignement sup\u00e9rieur. Ces deux initiatives visent \u00e0 lib\u00e9rer tout le potentiel du<\/p>\n","protected":false},"author":2,"featured_media":11521,"comment_status":"closed","ping_status":"closed","sticky":false,"template":"","format":"standard","meta":{"ngg_post_thumbnail":0,"footnotes":""},"categories":[8],"tags":[],"class_list":["post-11693","post","type-post","status-publish","format-standard","has-post-thumbnail","hentry","category-news"],"aioseo_notices":[],"aioseo_head":"\n\t\t<!-- All in One SEO 5.0.1 - aioseo.com -->\n\t<meta name=\"description\" content=\"Cette strat\u00e9gie europ\u00e9enne pour les universit\u00e9s, pr\u00e9sent\u00e9e le 18 janvier par la Commission europ\u00e9enne, fait partie d&#039;un plan d&#039;action pour l&#039;enseignement sup\u00e9rieur, qui comprend \u00e9galement une proposition de recommandation du Conseil concernant la cr\u00e9ation de passerelles pour une coop\u00e9ration europ\u00e9enne coop\u00e9ration efficace dans l&#039;enseignement sup\u00e9rieur. Ces deux initiatives visent \u00e0 lib\u00e9rer tout le potentiel du\" \/>\n\t<meta name=\"robots\" content=\"max-image-preview:large\" \/>\n\t<meta name=\"author\" content=\"Julia Schoppe\"\/>\n\t<link rel=\"canonical\" href=\"https:\/\/science.rmtmo.eu\/en\/news\/europe-une-strategie-europeenne-pour-les-universites\/\" \/>\n\t<meta name=\"generator\" content=\"All in One SEO (AIOSEO) 5.0.1\" \/>\n\t\t<meta property=\"og:locale\" content=\"en_US\" \/>\n\t\t<meta property=\"og:site_name\" content=\"S\u00e4ule Wissenschaft | Pilier Sciences\" \/>\n\t\t<meta property=\"og:type\" content=\"article\" \/>\n\t\t<meta property=\"og:title\" content=\"Europe : une strat\u00e9gie europ\u00e9enne pour les universit\u00e9s | S\u00e4ule Wissenschaft\" \/>\n\t\t<meta property=\"og:description\" content=\"Cette strat\u00e9gie europ\u00e9enne pour les universit\u00e9s, pr\u00e9sent\u00e9e le 18 janvier par la Commission europ\u00e9enne, fait partie d&#039;un plan d&#039;action pour l&#039;enseignement sup\u00e9rieur, qui comprend \u00e9galement une proposition de recommandation du Conseil concernant la cr\u00e9ation de passerelles pour une coop\u00e9ration europ\u00e9enne coop\u00e9ration efficace dans l&#039;enseignement sup\u00e9rieur. Ces deux initiatives visent \u00e0 lib\u00e9rer tout le potentiel du\" \/>\n\t\t<meta property=\"og:url\" content=\"https:\/\/science.rmtmo.eu\/en\/news\/europe-une-strategie-europeenne-pour-les-universites\/\" \/>\n\t\t<meta property=\"article:published_time\" content=\"2022-02-15T11:13:01+00:00\" \/>\n\t\t<meta property=\"article:modified_time\" content=\"2022-02-15T11:13:57+00:00\" \/>\n\t\t<meta name=\"twitter:card\" content=\"summary\" \/>\n\t\t<meta name=\"twitter:title\" content=\"Europe : une strat\u00e9gie europ\u00e9enne pour les universit\u00e9s | S\u00e4ule Wissenschaft\" \/>\n\t\t<meta name=\"twitter:description\" content=\"Cette strat\u00e9gie europ\u00e9enne pour les universit\u00e9s, pr\u00e9sent\u00e9e le 18 janvier par la Commission europ\u00e9enne, fait partie d&#039;un plan d&#039;action pour l&#039;enseignement sup\u00e9rieur, qui comprend \u00e9galement une proposition de recommandation du Conseil concernant la cr\u00e9ation de passerelles pour une coop\u00e9ration europ\u00e9enne coop\u00e9ration efficace dans l&#039;enseignement sup\u00e9rieur. Ces deux initiatives visent \u00e0 lib\u00e9rer tout le potentiel du\" \/>\n\t\t<script type=\"application\/ld+json\" class=\"aioseo-schema\">\n\t\t\t{\"@context\":\"https:\\\/\\\/schema.org\",\"@graph\":[{\"@type\":\"Article\",\"@id\":\"https:\\\/\\\/science.rmtmo.eu\\\/en\\\/news\\\/europe-une-strategie-europeenne-pour-les-universites\\\/#article\",\"name\":\"Europe : une strat\\u00e9gie europ\\u00e9enne pour les universit\\u00e9s | S\\u00e4ule Wissenschaft\",\"headline\":\"Europe : une strat\\u00e9gie europ\\u00e9enne pour les universit\\u00e9s\",\"author\":{\"@id\":\"https:\\\/\\\/science.rmtmo.eu\\\/en\\\/#author\"},\"publisher\":{\"@id\":\"https:\\\/\\\/science.rmtmo.eu\\\/en\\\/#organization\"},\"image\":{\"@type\":\"ImageObject\",\"url\":\"https:\\\/\\\/science.rmtmo.eu\\\/wp-content\\\/uploads\\\/2021\\\/12\\\/Flag_of_Europe.svg_.png\",\"width\":810,\"height\":540},\"datePublished\":\"2022-02-15T12:13:01+01:00\",\"dateModified\":\"2022-02-15T12:13:57+01:00\",\"inLanguage\":\"en-US\",\"mainEntityOfPage\":{\"@id\":\"https:\\\/\\\/science.rmtmo.eu\\\/en\\\/news\\\/europe-une-strategie-europeenne-pour-les-universites\\\/#webpage\"},\"isPartOf\":{\"@id\":\"https:\\\/\\\/science.rmtmo.eu\\\/en\\\/news\\\/europe-une-strategie-europeenne-pour-les-universites\\\/#webpage\"},\"articleSection\":\"News\"},{\"@type\":\"BreadcrumbList\",\"@id\":\"https:\\\/\\\/science.rmtmo.eu\\\/en\\\/news\\\/europe-une-strategie-europeenne-pour-les-universites\\\/#breadcrumblist\",\"itemListElement\":[{\"@type\":\"ListItem\",\"@id\":\"https:\\\/\\\/science.rmtmo.eu\\\/en\\\/#listItem\",\"position\":1,\"name\":\"Home\",\"item\":\"https:\\\/\\\/science.rmtmo.eu\\\/en\\\/\",\"nextItem\":{\"@type\":\"ListItem\",\"@id\":\"https:\\\/\\\/science.rmtmo.eu\\\/en\\\/category\\\/news\\\/#listItem\",\"name\":\"News\"}},{\"@type\":\"ListItem\",\"@id\":\"https:\\\/\\\/science.rmtmo.eu\\\/en\\\/category\\\/news\\\/#listItem\",\"position\":2,\"name\":\"News\",\"item\":\"https:\\\/\\\/science.rmtmo.eu\\\/en\\\/category\\\/news\\\/\",\"nextItem\":{\"@type\":\"ListItem\",\"@id\":\"https:\\\/\\\/science.rmtmo.eu\\\/en\\\/news\\\/europe-une-strategie-europeenne-pour-les-universites\\\/#listItem\",\"name\":\"Europe : une strat\\u00e9gie europ\\u00e9enne pour les universit\\u00e9s\"},\"previousItem\":{\"@type\":\"ListItem\",\"@id\":\"https:\\\/\\\/science.rmtmo.eu\\\/en\\\/#listItem\",\"name\":\"Home\"}},{\"@type\":\"ListItem\",\"@id\":\"https:\\\/\\\/science.rmtmo.eu\\\/en\\\/news\\\/europe-une-strategie-europeenne-pour-les-universites\\\/#listItem\",\"position\":3,\"name\":\"Europe : une strat\\u00e9gie europ\\u00e9enne pour les universit\\u00e9s\",\"previousItem\":{\"@type\":\"ListItem\",\"@id\":\"https:\\\/\\\/science.rmtmo.eu\\\/en\\\/category\\\/news\\\/#listItem\",\"name\":\"News\"}}]},{\"@type\":\"Organization\",\"@id\":\"https:\\\/\\\/science.rmtmo.eu\\\/en\\\/#organization\",\"name\":\"S\\u00e4ule Wissenschaft\",\"description\":\"Pilier Sciences\",\"url\":\"https:\\\/\\\/science.rmtmo.eu\\\/en\\\/\"},{\"@type\":\"Person\",\"@id\":\"https:\\\/\\\/science.rmtmo.eu\\\/en\\\/#author\",\"url\":\"https:\\\/\\\/science.rmtmo.eu\\\/en\\\/\",\"name\":\"Julia Schoppe\",\"image\":{\"@type\":\"ImageObject\",\"@id\":\"https:\\\/\\\/science.rmtmo.eu\\\/en\\\/news\\\/europe-une-strategie-europeenne-pour-les-universites\\\/#authorImage\",\"url\":\"https:\\\/\\\/secure.gravatar.com\\\/avatar\\\/a901258a7b8dcf03b30368978e66936d1876b26f972c0de45f958d78752a1f9e?s=96&d=mm&r=g\",\"width\":96,\"height\":96,\"caption\":\"Julia Schoppe\"}},{\"@type\":\"WebPage\",\"@id\":\"https:\\\/\\\/science.rmtmo.eu\\\/en\\\/news\\\/europe-une-strategie-europeenne-pour-les-universites\\\/#webpage\",\"url\":\"https:\\\/\\\/science.rmtmo.eu\\\/en\\\/news\\\/europe-une-strategie-europeenne-pour-les-universites\\\/\",\"name\":\"Europe : une strat\\u00e9gie europ\\u00e9enne pour les universit\\u00e9s | S\\u00e4ule Wissenschaft\",\"description\":\"Cette strat\\u00e9gie europ\\u00e9enne pour les universit\\u00e9s, pr\\u00e9sent\\u00e9e le 18 janvier par la Commission europ\\u00e9enne, fait partie d'un plan d'action pour l'enseignement sup\\u00e9rieur, qui comprend \\u00e9galement une proposition de recommandation du Conseil concernant la cr\\u00e9ation de passerelles pour une coop\\u00e9ration europ\\u00e9enne coop\\u00e9ration efficace dans l'enseignement sup\\u00e9rieur. Ces deux initiatives visent \\u00e0 lib\\u00e9rer tout le potentiel du\",\"inLanguage\":\"en-US\",\"isPartOf\":{\"@id\":\"https:\\\/\\\/science.rmtmo.eu\\\/en\\\/#website\"},\"breadcrumb\":{\"@id\":\"https:\\\/\\\/science.rmtmo.eu\\\/en\\\/news\\\/europe-une-strategie-europeenne-pour-les-universites\\\/#breadcrumblist\"},\"author\":{\"@id\":\"https:\\\/\\\/science.rmtmo.eu\\\/en\\\/#author\"},\"creator\":{\"@id\":\"https:\\\/\\\/science.rmtmo.eu\\\/en\\\/#author\"},\"image\":{\"@type\":\"ImageObject\",\"url\":\"https:\\\/\\\/science.rmtmo.eu\\\/wp-content\\\/uploads\\\/2021\\\/12\\\/Flag_of_Europe.svg_.png\",\"@id\":\"https:\\\/\\\/science.rmtmo.eu\\\/en\\\/news\\\/europe-une-strategie-europeenne-pour-les-universites\\\/#mainImage\",\"width\":810,\"height\":540},\"primaryImageOfPage\":{\"@id\":\"https:\\\/\\\/science.rmtmo.eu\\\/en\\\/news\\\/europe-une-strategie-europeenne-pour-les-universites\\\/#mainImage\"},\"datePublished\":\"2022-02-15T12:13:01+01:00\",\"dateModified\":\"2022-02-15T12:13:57+01:00\"},{\"@type\":\"WebSite\",\"@id\":\"https:\\\/\\\/science.rmtmo.eu\\\/en\\\/#website\",\"url\":\"https:\\\/\\\/science.rmtmo.eu\\\/en\\\/\",\"name\":\"S\\u00e4ule Wissenschaft\",\"description\":\"Pilier Sciences\",\"inLanguage\":\"en-US\",\"publisher\":{\"@id\":\"https:\\\/\\\/science.rmtmo.eu\\\/en\\\/#organization\"}}]}\n\t\t<\/script>\n\t\t<!-- All in One SEO -->\n\n","aioseo_head_json":{"title":"Europe : une strat\u00e9gie europ\u00e9enne pour les universit\u00e9s | S\u00e4ule Wissenschaft","description":"Cette strat\u00e9gie europ\u00e9enne pour les universit\u00e9s, pr\u00e9sent\u00e9e le 18 janvier par la Commission europ\u00e9enne, fait partie d'un plan d'action pour l'enseignement sup\u00e9rieur, qui comprend \u00e9galement une proposition de recommandation du Conseil concernant la cr\u00e9ation de passerelles pour une coop\u00e9ration europ\u00e9enne coop\u00e9ration efficace dans l'enseignement sup\u00e9rieur. Ces deux initiatives visent \u00e0 lib\u00e9rer tout le potentiel du","canonical_url":"https:\/\/science.rmtmo.eu\/en\/news\/europe-une-strategie-europeenne-pour-les-universites\/","robots":"max-image-preview:large","keywords":"","webmasterTools":{"miscellaneous":""},"schema":{"@context":"https:\/\/schema.org","@graph":[{"@type":"Article","@id":"https:\/\/science.rmtmo.eu\/en\/news\/europe-une-strategie-europeenne-pour-les-universites\/#article","name":"Europe : une strat\u00e9gie europ\u00e9enne pour les universit\u00e9s | S\u00e4ule Wissenschaft","headline":"Europe : une strat\u00e9gie europ\u00e9enne pour les universit\u00e9s","author":{"@id":"https:\/\/science.rmtmo.eu\/en\/#author"},"publisher":{"@id":"https:\/\/science.rmtmo.eu\/en\/#organization"},"image":{"@type":"ImageObject","url":"https:\/\/science.rmtmo.eu\/wp-content\/uploads\/2021\/12\/Flag_of_Europe.svg_.png","width":810,"height":540},"datePublished":"2022-02-15T12:13:01+01:00","dateModified":"2022-02-15T12:13:57+01:00","inLanguage":"en-US","mainEntityOfPage":{"@id":"https:\/\/science.rmtmo.eu\/en\/news\/europe-une-strategie-europeenne-pour-les-universites\/#webpage"},"isPartOf":{"@id":"https:\/\/science.rmtmo.eu\/en\/news\/europe-une-strategie-europeenne-pour-les-universites\/#webpage"},"articleSection":"News"},{"@type":"BreadcrumbList","@id":"https:\/\/science.rmtmo.eu\/en\/news\/europe-une-strategie-europeenne-pour-les-universites\/#breadcrumblist","itemListElement":[{"@type":"ListItem","@id":"https:\/\/science.rmtmo.eu\/en\/#listItem","position":1,"name":"Home","item":"https:\/\/science.rmtmo.eu\/en\/","nextItem":{"@type":"ListItem","@id":"https:\/\/science.rmtmo.eu\/en\/category\/news\/#listItem","name":"News"}},{"@type":"ListItem","@id":"https:\/\/science.rmtmo.eu\/en\/category\/news\/#listItem","position":2,"name":"News","item":"https:\/\/science.rmtmo.eu\/en\/category\/news\/","nextItem":{"@type":"ListItem","@id":"https:\/\/science.rmtmo.eu\/en\/news\/europe-une-strategie-europeenne-pour-les-universites\/#listItem","name":"Europe : une strat\u00e9gie europ\u00e9enne pour les universit\u00e9s"},"previousItem":{"@type":"ListItem","@id":"https:\/\/science.rmtmo.eu\/en\/#listItem","name":"Home"}},{"@type":"ListItem","@id":"https:\/\/science.rmtmo.eu\/en\/news\/europe-une-strategie-europeenne-pour-les-universites\/#listItem","position":3,"name":"Europe : une strat\u00e9gie europ\u00e9enne pour les universit\u00e9s","previousItem":{"@type":"ListItem","@id":"https:\/\/science.rmtmo.eu\/en\/category\/news\/#listItem","name":"News"}}]},{"@type":"Organization","@id":"https:\/\/science.rmtmo.eu\/en\/#organization","name":"S\u00e4ule Wissenschaft","description":"Pilier Sciences","url":"https:\/\/science.rmtmo.eu\/en\/"},{"@type":"Person","@id":"https:\/\/science.rmtmo.eu\/en\/#author","url":"https:\/\/science.rmtmo.eu\/en\/","name":"Julia Schoppe","image":{"@type":"ImageObject","@id":"https:\/\/science.rmtmo.eu\/en\/news\/europe-une-strategie-europeenne-pour-les-universites\/#authorImage","url":"https:\/\/secure.gravatar.com\/avatar\/a901258a7b8dcf03b30368978e66936d1876b26f972c0de45f958d78752a1f9e?s=96&d=mm&r=g","width":96,"height":96,"caption":"Julia Schoppe"}},{"@type":"WebPage","@id":"https:\/\/science.rmtmo.eu\/en\/news\/europe-une-strategie-europeenne-pour-les-universites\/#webpage","url":"https:\/\/science.rmtmo.eu\/en\/news\/europe-une-strategie-europeenne-pour-les-universites\/","name":"Europe : une strat\u00e9gie europ\u00e9enne pour les universit\u00e9s | S\u00e4ule Wissenschaft","description":"Cette strat\u00e9gie europ\u00e9enne pour les universit\u00e9s, pr\u00e9sent\u00e9e le 18 janvier par la Commission europ\u00e9enne, fait partie d'un plan d'action pour l'enseignement sup\u00e9rieur, qui comprend \u00e9galement une proposition de recommandation du Conseil concernant la cr\u00e9ation de passerelles pour une coop\u00e9ration europ\u00e9enne coop\u00e9ration efficace dans l'enseignement sup\u00e9rieur. Ces deux initiatives visent \u00e0 lib\u00e9rer tout le potentiel du","inLanguage":"en-US","isPartOf":{"@id":"https:\/\/science.rmtmo.eu\/en\/#website"},"breadcrumb":{"@id":"https:\/\/science.rmtmo.eu\/en\/news\/europe-une-strategie-europeenne-pour-les-universites\/#breadcrumblist"},"author":{"@id":"https:\/\/science.rmtmo.eu\/en\/#author"},"creator":{"@id":"https:\/\/science.rmtmo.eu\/en\/#author"},"image":{"@type":"ImageObject","url":"https:\/\/science.rmtmo.eu\/wp-content\/uploads\/2021\/12\/Flag_of_Europe.svg_.png","@id":"https:\/\/science.rmtmo.eu\/en\/news\/europe-une-strategie-europeenne-pour-les-universites\/#mainImage","width":810,"height":540},"primaryImageOfPage":{"@id":"https:\/\/science.rmtmo.eu\/en\/news\/europe-une-strategie-europeenne-pour-les-universites\/#mainImage"},"datePublished":"2022-02-15T12:13:01+01:00","dateModified":"2022-02-15T12:13:57+01:00"},{"@type":"WebSite","@id":"https:\/\/science.rmtmo.eu\/en\/#website","url":"https:\/\/science.rmtmo.eu\/en\/","name":"S\u00e4ule Wissenschaft","description":"Pilier Sciences","inLanguage":"en-US","publisher":{"@id":"https:\/\/science.rmtmo.eu\/en\/#organization"}}]},"og:locale":"en_US","og:site_name":"S\u00e4ule Wissenschaft | Pilier Sciences","og:type":"article","og:title":"Europe : une strat\u00e9gie europ\u00e9enne pour les universit\u00e9s | S\u00e4ule Wissenschaft","og:description":"Cette strat\u00e9gie europ\u00e9enne pour les universit\u00e9s, pr\u00e9sent\u00e9e le 18 janvier par la Commission europ\u00e9enne, fait partie d'un plan d'action pour l'enseignement sup\u00e9rieur, qui comprend \u00e9galement une proposition de recommandation du Conseil concernant la cr\u00e9ation de passerelles pour une coop\u00e9ration europ\u00e9enne coop\u00e9ration efficace dans l'enseignement sup\u00e9rieur. Ces deux initiatives visent \u00e0 lib\u00e9rer tout le potentiel du","og:url":"https:\/\/science.rmtmo.eu\/en\/news\/europe-une-strategie-europeenne-pour-les-universites\/","article:published_time":"2022-02-15T11:13:01+00:00","article:modified_time":"2022-02-15T11:13:57+00:00","twitter:card":"summary","twitter:title":"Europe : une strat\u00e9gie europ\u00e9enne pour les universit\u00e9s | S\u00e4ule Wissenschaft","twitter:description":"Cette strat\u00e9gie europ\u00e9enne pour les universit\u00e9s, pr\u00e9sent\u00e9e le 18 janvier par la Commission europ\u00e9enne, fait partie d'un plan d'action pour l'enseignement sup\u00e9rieur, qui comprend \u00e9galement une proposition de recommandation du Conseil concernant la cr\u00e9ation de passerelles pour une coop\u00e9ration europ\u00e9enne coop\u00e9ration efficace dans l'enseignement sup\u00e9rieur. Ces deux initiatives visent \u00e0 lib\u00e9rer tout le potentiel du"},"aioseo_meta_data":{"post_id":"11693","title":"#post_title | #site_title","description":"#post_excerpt","keywords":[],"keyphrases":{"focus":[],"additional":[]},"primary_term":null,"canonical_url":null,"og_title":null,"og_description":null,"og_object_type":"default","og_image_type":"default","og_image_url":null,"og_image_width":null,"og_image_height":null,"og_image_custom_url":null,"og_image_custom_fields":null,"og_video":"","og_custom_url":null,"og_article_section":null,"og_article_tags":[],"twitter_use_og":false,"twitter_card":"default","twitter_image_type":"default","twitter_image_url":null,"twitter_image_custom_url":null,"twitter_image_custom_fields":null,"twitter_title":null,"twitter_description":null,"schema":{"blockGraphs":[],"customGraphs":[],"default":{"data":{"Article":{"id":"aioseo-article-637b3a82c5a90","slug":"article","graphName":"Article","label":"Article","properties":{"type":"BlogPosting","name":"#post_title","headline":"#post_title","description":"#post_excerpt","image":"","keywords":"","author":{"name":"#author_name","url":"#author_url"},"dates":{"include":true,"datePublished":"","dateModified":""}}},"Course":[],"Dataset":[],"FAQPage":[],"Movie":[],"Person":[],"Product":[],"ProductReview":[],"Car":[],"Recipe":[],"Service":[],"SoftwareApplication":[],"WebPage":[]},"graphName":"Article","isEnabled":true},"graphs":[]},"schema_type":"default","schema_type_options":"{\"article\":{\"articleType\":\"BlogPosting\"},\"course\":{\"name\":\"\",\"description\":\"\",\"provider\":\"\"},\"faq\":{\"pages\":[]},\"product\":{\"reviews\":[]},\"recipe\":{\"ingredients\":[],\"instructions\":[],\"keywords\":[]},\"software\":{\"reviews\":[],\"operatingSystems\":[]},\"webPage\":{\"webPageType\":\"WebPage\"}}","pillar_content":false,"robots_default":true,"robots_noindex":false,"robots_noarchive":false,"robots_nosnippet":false,"robots_nofollow":false,"robots_noimageindex":false,"robots_noodp":false,"robots_notranslate":false,"robots_max_snippet":"-1","robots_max_videopreview":"-1","robots_max_imagepreview":"large","priority":null,"frequency":"default","local_seo":null,"breadcrumb_settings":null,"limit_modified_date":false,"ai":null,"created":"2022-02-15 11:13:57","updated":"2025-07-09 00:25:25","focus_keyword":null,"additional_keywords":null,"truseo_locale":null,"seo_analyzer_scan_date":null},"aioseo_breadcrumb":"<div class=\"aioseo-breadcrumbs\"><span class=\"aioseo-breadcrumb\">\n\t\t\t<a href=\"https:\/\/science.rmtmo.eu\/en\/\" title=\"Home\">Home<\/a>\n\t\t<\/span><span class=\"aioseo-breadcrumb-separator\">&raquo;<\/span><span class=\"aioseo-breadcrumb\">\n\t\t\t<a href=\"https:\/\/science.rmtmo.eu\/en\/category\/news\/\" title=\"News\">News<\/a>\n\t\t<\/span><span class=\"aioseo-breadcrumb-separator\">&raquo;<\/span><span class=\"aioseo-breadcrumb\">\n\t\t\tEurope : une strat\u00e9gie europ\u00e9enne pour les universit\u00e9s\n\t\t<\/span><\/div>","aioseo_breadcrumb_json":[{"label":"Home","link":"https:\/\/science.rmtmo.eu\/en\/"},{"label":"News","link":"https:\/\/science.rmtmo.eu\/en\/category\/news\/"},{"label":"Europe : une strat\u00e9gie europ\u00e9enne pour les universit\u00e9s","link":"https:\/\/science.rmtmo.eu\/en\/news\/europe-une-strategie-europeenne-pour-les-universites\/"}],"_links":{"self":[{"href":"https:\/\/science.rmtmo.eu\/en\/wp-json\/wp\/v2\/posts\/11693","targetHints":{"allow":["GET"]}}],"collection":[{"href":"https:\/\/science.rmtmo.eu\/en\/wp-json\/wp\/v2\/posts"}],"about":[{"href":"https:\/\/science.rmtmo.eu\/en\/wp-json\/wp\/v2\/types\/post"}],"author":[{"embeddable":true,"href":"https:\/\/science.rmtmo.eu\/en\/wp-json\/wp\/v2\/users\/2"}],"replies":[{"embeddable":true,"href":"https:\/\/science.rmtmo.eu\/en\/wp-json\/wp\/v2\/comments?post=11693"}],"version-history":[{"count":1,"href":"https:\/\/science.rmtmo.eu\/en\/wp-json\/wp\/v2\/posts\/11693\/revisions"}],"predecessor-version":[{"id":11694,"href":"https:\/\/science.rmtmo.eu\/en\/wp-json\/wp\/v2\/posts\/11693\/revisions\/11694"}],"wp:featuredmedia":[{"embeddable":true,"href":"https:\/\/science.rmtmo.eu\/en\/wp-json\/wp\/v2\/media\/11521"}],"wp:attachment":[{"href":"https:\/\/science.rmtmo.eu\/en\/wp-json\/wp\/v2\/media?parent=11693"}],"wp:term":[{"taxonomy":"category","embeddable":true,"href":"https:\/\/science.rmtmo.eu\/en\/wp-json\/wp\/v2\/categories?post=11693"},{"taxonomy":"post_tag","embeddable":true,"href":"https:\/\/science.rmtmo.eu\/en\/wp-json\/wp\/v2\/tags?post=11693"}],"curies":[{"name":"wp","href":"https:\/\/api.w.org\/{rel}","templated":true}]}}