{"id":11672,"date":"2022-02-15T10:46:38","date_gmt":"2022-02-15T09:46:38","guid":{"rendered":"https:\/\/science.rmtmo.eu\/news\/05-04-2022-conference-tri-nationale-hydrogene-vert-projets-phares-et-perspectives-dans-le-rhin-superieur-a-bale\/"},"modified":"2022-02-15T10:50:30","modified_gmt":"2022-02-15T09:50:30","slug":"05-04-2022-conference-tri-nationale-hydrogene-vert-projets-phares-et-perspectives-dans-le-rhin-superieur-a-bale","status":"publish","type":"post","link":"https:\/\/science.rmtmo.eu\/en\/news\/05-04-2022-conference-tri-nationale-hydrogene-vert-projets-phares-et-perspectives-dans-le-rhin-superieur-a-bale\/","title":{"rendered":"05.04.2022 : Conf\u00e9rence tri-nationale \u00ab Hydrog\u00e8ne vert : projets phares et perspectives dans le Rhin sup\u00e9rieur \u00bb \u00e0 B\u00e2le"},"content":{"rendered":"<p>Apr\u00e8s le succ\u00e8s d\u2019une premi\u00e8re rencontre transfrontali\u00e8re de l\u2019industrie gazi\u00e8re \u00e0 Strasbourg, TRION-climate organise ce deuxi\u00e8me \u00e9change trinational \u00e0 B\u00e2le. Initi\u00e9 par GRTgaz, cet \u00e9v\u00e8nement est soutenu par l\u2019Association suisse de l\u2019industrie gazi\u00e8re, les Industrielle Werke Basel (IWB) et Energiedienst Holding AG, ainsi que plusieurs autres adh\u00e9rents de TRION-climate.<!--more--> Apr\u00e8s une keynote de Marc-Antoine Eyl-Mazzega, Directeur du Centre \u00e9nergie et climat de l\u2019IFRI, trois sessions th\u00e9matiques seront propos\u00e9es :<\/p>\n<ul>\n<li>De la recherche \u00e0 la production : projets phares dans la r\u00e9gion frontali\u00e8re<\/li>\n<li>Demande en hydrog\u00e8ne et d\u00e9fis logistiques dans le Rhin sup\u00e9rieur<\/li>\n<li>La vision de l\u2019industrie gazi\u00e8re : une comparaison trinationale<\/li>\n<\/ul>\n<p>Plus d\u2019informations et inscriptions&nbsp;: <a href=\"https:\/\/trion-climate.net\/fr\/\">https:\/\/trion-climate.net\/fr\/<\/a><\/p>\n","protected":false},"excerpt":{"rendered":"<p>Apr\u00e8s le succ\u00e8s d\u2019une premi\u00e8re rencontre transfrontali\u00e8re de l\u2019industrie gazi\u00e8re \u00e0 Strasbourg, TRION-climate organise ce deuxi\u00e8me \u00e9change trinational \u00e0 B\u00e2le. Initi\u00e9 par GRTgaz, cet \u00e9v\u00e8nement est soutenu par l\u2019Association suisse de l\u2019industrie gazi\u00e8re, les Industrielle Werke Basel (IWB) et Energiedienst Holding AG, ainsi que plusieurs autres adh\u00e9rents de TRION-climate.<\/p>\n","protected":false},"author":2,"featured_media":11669,"comment_status":"closed","ping_status":"closed","sticky":false,"template":"","format":"standard","meta":{"ngg_post_thumbnail":0,"footnotes":""},"categories":[8],"tags":[],"class_list":["post-11672","post","type-post","status-publish","format-standard","has-post-thumbnail","hentry","category-news"],"aioseo_notices":[],"aioseo_head":"\n\t\t<!-- All in One SEO 5.0.1 - aioseo.com -->\n\t<meta name=\"description\" content=\"Apr\u00e8s le succ\u00e8s d\u2019une premi\u00e8re rencontre transfrontali\u00e8re de l\u2019industrie gazi\u00e8re \u00e0 Strasbourg, TRION-climate organise ce deuxi\u00e8me \u00e9change trinational \u00e0 B\u00e2le. Initi\u00e9 par GRTgaz, cet \u00e9v\u00e8nement est soutenu par l\u2019Association suisse de l\u2019industrie gazi\u00e8re, les Industrielle Werke Basel (IWB) et Energiedienst Holding AG, ainsi que plusieurs autres adh\u00e9rents de TRION-climate. Apr\u00e8s une keynote de Marc-Antoine Eyl-Mazzega,\" \/>\n\t<meta name=\"robots\" content=\"max-image-preview:large\" \/>\n\t<meta name=\"author\" content=\"Julia Schoppe\"\/>\n\t<link rel=\"canonical\" href=\"https:\/\/science.rmtmo.eu\/en\/news\/05-04-2022-conference-tri-nationale-hydrogene-vert-projets-phares-et-perspectives-dans-le-rhin-superieur-a-bale\/\" \/>\n\t<meta name=\"generator\" content=\"All in One SEO (AIOSEO) 5.0.1\" \/>\n\t\t<meta property=\"og:locale\" content=\"en_US\" \/>\n\t\t<meta property=\"og:site_name\" content=\"S\u00e4ule Wissenschaft | Pilier Sciences\" \/>\n\t\t<meta property=\"og:type\" content=\"article\" \/>\n\t\t<meta property=\"og:title\" content=\"05.04.2022 : Conf\u00e9rence tri-nationale \u00ab Hydrog\u00e8ne vert : projets phares et perspectives dans le Rhin sup\u00e9rieur \u00bb \u00e0 B\u00e2le | S\u00e4ule Wissenschaft\" \/>\n\t\t<meta property=\"og:description\" content=\"Apr\u00e8s le succ\u00e8s d\u2019une premi\u00e8re rencontre transfrontali\u00e8re de l\u2019industrie gazi\u00e8re \u00e0 Strasbourg, TRION-climate organise ce deuxi\u00e8me \u00e9change trinational \u00e0 B\u00e2le. Initi\u00e9 par GRTgaz, cet \u00e9v\u00e8nement est soutenu par l\u2019Association suisse de l\u2019industrie gazi\u00e8re, les Industrielle Werke Basel (IWB) et Energiedienst Holding AG, ainsi que plusieurs autres adh\u00e9rents de TRION-climate. Apr\u00e8s une keynote de Marc-Antoine Eyl-Mazzega,\" \/>\n\t\t<meta property=\"og:url\" content=\"https:\/\/science.rmtmo.eu\/en\/news\/05-04-2022-conference-tri-nationale-hydrogene-vert-projets-phares-et-perspectives-dans-le-rhin-superieur-a-bale\/\" \/>\n\t\t<meta property=\"article:published_time\" content=\"2022-02-15T09:46:38+00:00\" \/>\n\t\t<meta property=\"article:modified_time\" content=\"2022-02-15T09:50:30+00:00\" \/>\n\t\t<meta name=\"twitter:card\" content=\"summary\" \/>\n\t\t<meta name=\"twitter:title\" content=\"05.04.2022 : Conf\u00e9rence tri-nationale \u00ab Hydrog\u00e8ne vert : projets phares et perspectives dans le Rhin sup\u00e9rieur \u00bb \u00e0 B\u00e2le | S\u00e4ule Wissenschaft\" \/>\n\t\t<meta name=\"twitter:description\" content=\"Apr\u00e8s le succ\u00e8s d\u2019une premi\u00e8re rencontre transfrontali\u00e8re de l\u2019industrie gazi\u00e8re \u00e0 Strasbourg, TRION-climate organise ce deuxi\u00e8me \u00e9change trinational \u00e0 B\u00e2le. Initi\u00e9 par GRTgaz, cet \u00e9v\u00e8nement est soutenu par l\u2019Association suisse de l\u2019industrie gazi\u00e8re, les Industrielle Werke Basel (IWB) et Energiedienst Holding AG, ainsi que plusieurs autres adh\u00e9rents de TRION-climate. Apr\u00e8s une keynote de Marc-Antoine Eyl-Mazzega,\" \/>\n\t\t<script type=\"application\/ld+json\" class=\"aioseo-schema\">\n\t\t\t{\"@context\":\"https:\\\/\\\/schema.org\",\"@graph\":[{\"@type\":\"Article\",\"@id\":\"https:\\\/\\\/science.rmtmo.eu\\\/en\\\/news\\\/05-04-2022-conference-tri-nationale-hydrogene-vert-projets-phares-et-perspectives-dans-le-rhin-superieur-a-bale\\\/#article\",\"name\":\"05.04.2022 : Conf\\u00e9rence tri-nationale \\u00ab Hydrog\\u00e8ne vert : projets phares et perspectives dans le Rhin sup\\u00e9rieur \\u00bb \\u00e0 B\\u00e2le | S\\u00e4ule Wissenschaft\",\"headline\":\"05.04.2022 : Conf\\u00e9rence tri-nationale \\u00ab Hydrog\\u00e8ne vert : projets phares et perspectives dans le Rhin sup\\u00e9rieur \\u00bb \\u00e0 B\\u00e2le\",\"author\":{\"@id\":\"https:\\\/\\\/science.rmtmo.eu\\\/en\\\/#author\"},\"publisher\":{\"@id\":\"https:\\\/\\\/science.rmtmo.eu\\\/en\\\/#organization\"},\"image\":{\"@type\":\"ImageObject\",\"url\":\"https:\\\/\\\/science.rmtmo.eu\\\/wp-content\\\/uploads\\\/2022\\\/02\\\/TrionFR.jpg\",\"width\":683,\"height\":357},\"datePublished\":\"2022-02-15T10:46:38+01:00\",\"dateModified\":\"2022-02-15T10:50:30+01:00\",\"inLanguage\":\"en-US\",\"mainEntityOfPage\":{\"@id\":\"https:\\\/\\\/science.rmtmo.eu\\\/en\\\/news\\\/05-04-2022-conference-tri-nationale-hydrogene-vert-projets-phares-et-perspectives-dans-le-rhin-superieur-a-bale\\\/#webpage\"},\"isPartOf\":{\"@id\":\"https:\\\/\\\/science.rmtmo.eu\\\/en\\\/news\\\/05-04-2022-conference-tri-nationale-hydrogene-vert-projets-phares-et-perspectives-dans-le-rhin-superieur-a-bale\\\/#webpage\"},\"articleSection\":\"News\"},{\"@type\":\"BreadcrumbList\",\"@id\":\"https:\\\/\\\/science.rmtmo.eu\\\/en\\\/news\\\/05-04-2022-conference-tri-nationale-hydrogene-vert-projets-phares-et-perspectives-dans-le-rhin-superieur-a-bale\\\/#breadcrumblist\",\"itemListElement\":[{\"@type\":\"ListItem\",\"@id\":\"https:\\\/\\\/science.rmtmo.eu\\\/en\\\/#listItem\",\"position\":1,\"name\":\"Home\",\"item\":\"https:\\\/\\\/science.rmtmo.eu\\\/en\\\/\",\"nextItem\":{\"@type\":\"ListItem\",\"@id\":\"https:\\\/\\\/science.rmtmo.eu\\\/en\\\/category\\\/news\\\/#listItem\",\"name\":\"News\"}},{\"@type\":\"ListItem\",\"@id\":\"https:\\\/\\\/science.rmtmo.eu\\\/en\\\/category\\\/news\\\/#listItem\",\"position\":2,\"name\":\"News\",\"item\":\"https:\\\/\\\/science.rmtmo.eu\\\/en\\\/category\\\/news\\\/\",\"nextItem\":{\"@type\":\"ListItem\",\"@id\":\"https:\\\/\\\/science.rmtmo.eu\\\/en\\\/news\\\/05-04-2022-conference-tri-nationale-hydrogene-vert-projets-phares-et-perspectives-dans-le-rhin-superieur-a-bale\\\/#listItem\",\"name\":\"05.04.2022 : Conf\\u00e9rence tri-nationale \\u00ab Hydrog\\u00e8ne vert : projets phares et perspectives dans le Rhin sup\\u00e9rieur \\u00bb \\u00e0 B\\u00e2le\"},\"previousItem\":{\"@type\":\"ListItem\",\"@id\":\"https:\\\/\\\/science.rmtmo.eu\\\/en\\\/#listItem\",\"name\":\"Home\"}},{\"@type\":\"ListItem\",\"@id\":\"https:\\\/\\\/science.rmtmo.eu\\\/en\\\/news\\\/05-04-2022-conference-tri-nationale-hydrogene-vert-projets-phares-et-perspectives-dans-le-rhin-superieur-a-bale\\\/#listItem\",\"position\":3,\"name\":\"05.04.2022 : Conf\\u00e9rence tri-nationale \\u00ab Hydrog\\u00e8ne vert : projets phares et perspectives dans le Rhin sup\\u00e9rieur \\u00bb \\u00e0 B\\u00e2le\",\"previousItem\":{\"@type\":\"ListItem\",\"@id\":\"https:\\\/\\\/science.rmtmo.eu\\\/en\\\/category\\\/news\\\/#listItem\",\"name\":\"News\"}}]},{\"@type\":\"Organization\",\"@id\":\"https:\\\/\\\/science.rmtmo.eu\\\/en\\\/#organization\",\"name\":\"S\\u00e4ule Wissenschaft\",\"description\":\"Pilier Sciences\",\"url\":\"https:\\\/\\\/science.rmtmo.eu\\\/en\\\/\"},{\"@type\":\"Person\",\"@id\":\"https:\\\/\\\/science.rmtmo.eu\\\/en\\\/#author\",\"url\":\"https:\\\/\\\/science.rmtmo.eu\\\/en\\\/\",\"name\":\"Julia Schoppe\",\"image\":{\"@type\":\"ImageObject\",\"@id\":\"https:\\\/\\\/science.rmtmo.eu\\\/en\\\/news\\\/05-04-2022-conference-tri-nationale-hydrogene-vert-projets-phares-et-perspectives-dans-le-rhin-superieur-a-bale\\\/#authorImage\",\"url\":\"https:\\\/\\\/secure.gravatar.com\\\/avatar\\\/a901258a7b8dcf03b30368978e66936d1876b26f972c0de45f958d78752a1f9e?s=96&d=mm&r=g\",\"width\":96,\"height\":96,\"caption\":\"Julia Schoppe\"}},{\"@type\":\"WebPage\",\"@id\":\"https:\\\/\\\/science.rmtmo.eu\\\/en\\\/news\\\/05-04-2022-conference-tri-nationale-hydrogene-vert-projets-phares-et-perspectives-dans-le-rhin-superieur-a-bale\\\/#webpage\",\"url\":\"https:\\\/\\\/science.rmtmo.eu\\\/en\\\/news\\\/05-04-2022-conference-tri-nationale-hydrogene-vert-projets-phares-et-perspectives-dans-le-rhin-superieur-a-bale\\\/\",\"name\":\"05.04.2022 : Conf\\u00e9rence tri-nationale \\u00ab Hydrog\\u00e8ne vert : projets phares et perspectives dans le Rhin sup\\u00e9rieur \\u00bb \\u00e0 B\\u00e2le | S\\u00e4ule Wissenschaft\",\"description\":\"Apr\\u00e8s le succ\\u00e8s d\\u2019une premi\\u00e8re rencontre transfrontali\\u00e8re de l\\u2019industrie gazi\\u00e8re \\u00e0 Strasbourg, TRION-climate organise ce deuxi\\u00e8me \\u00e9change trinational \\u00e0 B\\u00e2le. Initi\\u00e9 par GRTgaz, cet \\u00e9v\\u00e8nement est soutenu par l\\u2019Association suisse de l\\u2019industrie gazi\\u00e8re, les Industrielle Werke Basel (IWB) et Energiedienst Holding AG, ainsi que plusieurs autres adh\\u00e9rents de TRION-climate. Apr\\u00e8s une keynote de Marc-Antoine Eyl-Mazzega,\",\"inLanguage\":\"en-US\",\"isPartOf\":{\"@id\":\"https:\\\/\\\/science.rmtmo.eu\\\/en\\\/#website\"},\"breadcrumb\":{\"@id\":\"https:\\\/\\\/science.rmtmo.eu\\\/en\\\/news\\\/05-04-2022-conference-tri-nationale-hydrogene-vert-projets-phares-et-perspectives-dans-le-rhin-superieur-a-bale\\\/#breadcrumblist\"},\"author\":{\"@id\":\"https:\\\/\\\/science.rmtmo.eu\\\/en\\\/#author\"},\"creator\":{\"@id\":\"https:\\\/\\\/science.rmtmo.eu\\\/en\\\/#author\"},\"image\":{\"@type\":\"ImageObject\",\"url\":\"https:\\\/\\\/science.rmtmo.eu\\\/wp-content\\\/uploads\\\/2022\\\/02\\\/TrionFR.jpg\",\"@id\":\"https:\\\/\\\/science.rmtmo.eu\\\/en\\\/news\\\/05-04-2022-conference-tri-nationale-hydrogene-vert-projets-phares-et-perspectives-dans-le-rhin-superieur-a-bale\\\/#mainImage\",\"width\":683,\"height\":357},\"primaryImageOfPage\":{\"@id\":\"https:\\\/\\\/science.rmtmo.eu\\\/en\\\/news\\\/05-04-2022-conference-tri-nationale-hydrogene-vert-projets-phares-et-perspectives-dans-le-rhin-superieur-a-bale\\\/#mainImage\"},\"datePublished\":\"2022-02-15T10:46:38+01:00\",\"dateModified\":\"2022-02-15T10:50:30+01:00\"},{\"@type\":\"WebSite\",\"@id\":\"https:\\\/\\\/science.rmtmo.eu\\\/en\\\/#website\",\"url\":\"https:\\\/\\\/science.rmtmo.eu\\\/en\\\/\",\"name\":\"S\\u00e4ule Wissenschaft\",\"description\":\"Pilier Sciences\",\"inLanguage\":\"en-US\",\"publisher\":{\"@id\":\"https:\\\/\\\/science.rmtmo.eu\\\/en\\\/#organization\"}}]}\n\t\t<\/script>\n\t\t<!-- All in One SEO -->\n\n","aioseo_head_json":{"title":"05.04.2022 : Conf\u00e9rence tri-nationale \u00ab Hydrog\u00e8ne vert : projets phares et perspectives dans le Rhin sup\u00e9rieur \u00bb \u00e0 B\u00e2le | S\u00e4ule Wissenschaft","description":"Apr\u00e8s le succ\u00e8s d\u2019une premi\u00e8re rencontre transfrontali\u00e8re de l\u2019industrie gazi\u00e8re \u00e0 Strasbourg, TRION-climate organise ce deuxi\u00e8me \u00e9change trinational \u00e0 B\u00e2le. Initi\u00e9 par GRTgaz, cet \u00e9v\u00e8nement est soutenu par l\u2019Association suisse de l\u2019industrie gazi\u00e8re, les Industrielle Werke Basel (IWB) et Energiedienst Holding AG, ainsi que plusieurs autres adh\u00e9rents de TRION-climate. Apr\u00e8s une keynote de Marc-Antoine Eyl-Mazzega,","canonical_url":"https:\/\/science.rmtmo.eu\/en\/news\/05-04-2022-conference-tri-nationale-hydrogene-vert-projets-phares-et-perspectives-dans-le-rhin-superieur-a-bale\/","robots":"max-image-preview:large","keywords":"","webmasterTools":{"miscellaneous":""},"schema":{"@context":"https:\/\/schema.org","@graph":[{"@type":"Article","@id":"https:\/\/science.rmtmo.eu\/en\/news\/05-04-2022-conference-tri-nationale-hydrogene-vert-projets-phares-et-perspectives-dans-le-rhin-superieur-a-bale\/#article","name":"05.04.2022 : Conf\u00e9rence tri-nationale \u00ab Hydrog\u00e8ne vert : projets phares et perspectives dans le Rhin sup\u00e9rieur \u00bb \u00e0 B\u00e2le | S\u00e4ule Wissenschaft","headline":"05.04.2022 : Conf\u00e9rence tri-nationale \u00ab Hydrog\u00e8ne vert : projets phares et perspectives dans le Rhin sup\u00e9rieur \u00bb \u00e0 B\u00e2le","author":{"@id":"https:\/\/science.rmtmo.eu\/en\/#author"},"publisher":{"@id":"https:\/\/science.rmtmo.eu\/en\/#organization"},"image":{"@type":"ImageObject","url":"https:\/\/science.rmtmo.eu\/wp-content\/uploads\/2022\/02\/TrionFR.jpg","width":683,"height":357},"datePublished":"2022-02-15T10:46:38+01:00","dateModified":"2022-02-15T10:50:30+01:00","inLanguage":"en-US","mainEntityOfPage":{"@id":"https:\/\/science.rmtmo.eu\/en\/news\/05-04-2022-conference-tri-nationale-hydrogene-vert-projets-phares-et-perspectives-dans-le-rhin-superieur-a-bale\/#webpage"},"isPartOf":{"@id":"https:\/\/science.rmtmo.eu\/en\/news\/05-04-2022-conference-tri-nationale-hydrogene-vert-projets-phares-et-perspectives-dans-le-rhin-superieur-a-bale\/#webpage"},"articleSection":"News"},{"@type":"BreadcrumbList","@id":"https:\/\/science.rmtmo.eu\/en\/news\/05-04-2022-conference-tri-nationale-hydrogene-vert-projets-phares-et-perspectives-dans-le-rhin-superieur-a-bale\/#breadcrumblist","itemListElement":[{"@type":"ListItem","@id":"https:\/\/science.rmtmo.eu\/en\/#listItem","position":1,"name":"Home","item":"https:\/\/science.rmtmo.eu\/en\/","nextItem":{"@type":"ListItem","@id":"https:\/\/science.rmtmo.eu\/en\/category\/news\/#listItem","name":"News"}},{"@type":"ListItem","@id":"https:\/\/science.rmtmo.eu\/en\/category\/news\/#listItem","position":2,"name":"News","item":"https:\/\/science.rmtmo.eu\/en\/category\/news\/","nextItem":{"@type":"ListItem","@id":"https:\/\/science.rmtmo.eu\/en\/news\/05-04-2022-conference-tri-nationale-hydrogene-vert-projets-phares-et-perspectives-dans-le-rhin-superieur-a-bale\/#listItem","name":"05.04.2022 : Conf\u00e9rence tri-nationale \u00ab Hydrog\u00e8ne vert : projets phares et perspectives dans le Rhin sup\u00e9rieur \u00bb \u00e0 B\u00e2le"},"previousItem":{"@type":"ListItem","@id":"https:\/\/science.rmtmo.eu\/en\/#listItem","name":"Home"}},{"@type":"ListItem","@id":"https:\/\/science.rmtmo.eu\/en\/news\/05-04-2022-conference-tri-nationale-hydrogene-vert-projets-phares-et-perspectives-dans-le-rhin-superieur-a-bale\/#listItem","position":3,"name":"05.04.2022 : Conf\u00e9rence tri-nationale \u00ab Hydrog\u00e8ne vert : projets phares et perspectives dans le Rhin sup\u00e9rieur \u00bb \u00e0 B\u00e2le","previousItem":{"@type":"ListItem","@id":"https:\/\/science.rmtmo.eu\/en\/category\/news\/#listItem","name":"News"}}]},{"@type":"Organization","@id":"https:\/\/science.rmtmo.eu\/en\/#organization","name":"S\u00e4ule Wissenschaft","description":"Pilier Sciences","url":"https:\/\/science.rmtmo.eu\/en\/"},{"@type":"Person","@id":"https:\/\/science.rmtmo.eu\/en\/#author","url":"https:\/\/science.rmtmo.eu\/en\/","name":"Julia Schoppe","image":{"@type":"ImageObject","@id":"https:\/\/science.rmtmo.eu\/en\/news\/05-04-2022-conference-tri-nationale-hydrogene-vert-projets-phares-et-perspectives-dans-le-rhin-superieur-a-bale\/#authorImage","url":"https:\/\/secure.gravatar.com\/avatar\/a901258a7b8dcf03b30368978e66936d1876b26f972c0de45f958d78752a1f9e?s=96&d=mm&r=g","width":96,"height":96,"caption":"Julia Schoppe"}},{"@type":"WebPage","@id":"https:\/\/science.rmtmo.eu\/en\/news\/05-04-2022-conference-tri-nationale-hydrogene-vert-projets-phares-et-perspectives-dans-le-rhin-superieur-a-bale\/#webpage","url":"https:\/\/science.rmtmo.eu\/en\/news\/05-04-2022-conference-tri-nationale-hydrogene-vert-projets-phares-et-perspectives-dans-le-rhin-superieur-a-bale\/","name":"05.04.2022 : Conf\u00e9rence tri-nationale \u00ab Hydrog\u00e8ne vert : projets phares et perspectives dans le Rhin sup\u00e9rieur \u00bb \u00e0 B\u00e2le | S\u00e4ule Wissenschaft","description":"Apr\u00e8s le succ\u00e8s d\u2019une premi\u00e8re rencontre transfrontali\u00e8re de l\u2019industrie gazi\u00e8re \u00e0 Strasbourg, TRION-climate organise ce deuxi\u00e8me \u00e9change trinational \u00e0 B\u00e2le. Initi\u00e9 par GRTgaz, cet \u00e9v\u00e8nement est soutenu par l\u2019Association suisse de l\u2019industrie gazi\u00e8re, les Industrielle Werke Basel (IWB) et Energiedienst Holding AG, ainsi que plusieurs autres adh\u00e9rents de TRION-climate. Apr\u00e8s une keynote de Marc-Antoine Eyl-Mazzega,","inLanguage":"en-US","isPartOf":{"@id":"https:\/\/science.rmtmo.eu\/en\/#website"},"breadcrumb":{"@id":"https:\/\/science.rmtmo.eu\/en\/news\/05-04-2022-conference-tri-nationale-hydrogene-vert-projets-phares-et-perspectives-dans-le-rhin-superieur-a-bale\/#breadcrumblist"},"author":{"@id":"https:\/\/science.rmtmo.eu\/en\/#author"},"creator":{"@id":"https:\/\/science.rmtmo.eu\/en\/#author"},"image":{"@type":"ImageObject","url":"https:\/\/science.rmtmo.eu\/wp-content\/uploads\/2022\/02\/TrionFR.jpg","@id":"https:\/\/science.rmtmo.eu\/en\/news\/05-04-2022-conference-tri-nationale-hydrogene-vert-projets-phares-et-perspectives-dans-le-rhin-superieur-a-bale\/#mainImage","width":683,"height":357},"primaryImageOfPage":{"@id":"https:\/\/science.rmtmo.eu\/en\/news\/05-04-2022-conference-tri-nationale-hydrogene-vert-projets-phares-et-perspectives-dans-le-rhin-superieur-a-bale\/#mainImage"},"datePublished":"2022-02-15T10:46:38+01:00","dateModified":"2022-02-15T10:50:30+01:00"},{"@type":"WebSite","@id":"https:\/\/science.rmtmo.eu\/en\/#website","url":"https:\/\/science.rmtmo.eu\/en\/","name":"S\u00e4ule Wissenschaft","description":"Pilier Sciences","inLanguage":"en-US","publisher":{"@id":"https:\/\/science.rmtmo.eu\/en\/#organization"}}]},"og:locale":"en_US","og:site_name":"S\u00e4ule Wissenschaft | Pilier Sciences","og:type":"article","og:title":"05.04.2022 : Conf\u00e9rence tri-nationale \u00ab Hydrog\u00e8ne vert : projets phares et perspectives dans le Rhin sup\u00e9rieur \u00bb \u00e0 B\u00e2le | S\u00e4ule Wissenschaft","og:description":"Apr\u00e8s le succ\u00e8s d\u2019une premi\u00e8re rencontre transfrontali\u00e8re de l\u2019industrie gazi\u00e8re \u00e0 Strasbourg, TRION-climate organise ce deuxi\u00e8me \u00e9change trinational \u00e0 B\u00e2le. Initi\u00e9 par GRTgaz, cet \u00e9v\u00e8nement est soutenu par l\u2019Association suisse de l\u2019industrie gazi\u00e8re, les Industrielle Werke Basel (IWB) et Energiedienst Holding AG, ainsi que plusieurs autres adh\u00e9rents de TRION-climate. Apr\u00e8s une keynote de Marc-Antoine Eyl-Mazzega,","og:url":"https:\/\/science.rmtmo.eu\/en\/news\/05-04-2022-conference-tri-nationale-hydrogene-vert-projets-phares-et-perspectives-dans-le-rhin-superieur-a-bale\/","article:published_time":"2022-02-15T09:46:38+00:00","article:modified_time":"2022-02-15T09:50:30+00:00","twitter:card":"summary","twitter:title":"05.04.2022 : Conf\u00e9rence tri-nationale \u00ab Hydrog\u00e8ne vert : projets phares et perspectives dans le Rhin sup\u00e9rieur \u00bb \u00e0 B\u00e2le | S\u00e4ule Wissenschaft","twitter:description":"Apr\u00e8s le succ\u00e8s d\u2019une premi\u00e8re rencontre transfrontali\u00e8re de l\u2019industrie gazi\u00e8re \u00e0 Strasbourg, TRION-climate organise ce deuxi\u00e8me \u00e9change trinational \u00e0 B\u00e2le. Initi\u00e9 par GRTgaz, cet \u00e9v\u00e8nement est soutenu par l\u2019Association suisse de l\u2019industrie gazi\u00e8re, les Industrielle Werke Basel (IWB) et Energiedienst Holding AG, ainsi que plusieurs autres adh\u00e9rents de TRION-climate. Apr\u00e8s une keynote de Marc-Antoine Eyl-Mazzega,"},"aioseo_meta_data":{"post_id":"11672","title":"#post_title | #site_title","description":"#post_excerpt","keywords":[],"keyphrases":{"focus":[],"additional":[]},"primary_term":null,"canonical_url":null,"og_title":null,"og_description":null,"og_object_type":"default","og_image_type":"default","og_image_url":null,"og_image_width":null,"og_image_height":null,"og_image_custom_url":null,"og_image_custom_fields":null,"og_video":"","og_custom_url":null,"og_article_section":null,"og_article_tags":[],"twitter_use_og":false,"twitter_card":"default","twitter_image_type":"default","twitter_image_url":null,"twitter_image_custom_url":null,"twitter_image_custom_fields":null,"twitter_title":null,"twitter_description":null,"schema":{"blockGraphs":[],"customGraphs":[],"default":{"data":{"Article":{"id":"aioseo-article-637b3a82d285e","slug":"article","graphName":"Article","label":"Article","properties":{"type":"BlogPosting","name":"#post_title","headline":"#post_title","description":"#post_excerpt","image":"","keywords":"","author":{"name":"#author_name","url":"#author_url"},"dates":{"include":true,"datePublished":"","dateModified":""}}},"Course":[],"Dataset":[],"FAQPage":[],"Movie":[],"Person":[],"Product":[],"ProductReview":[],"Car":[],"Recipe":[],"Service":[],"SoftwareApplication":[],"WebPage":[]},"graphName":"Article","isEnabled":true},"graphs":[]},"schema_type":"default","schema_type_options":"{\"article\":{\"articleType\":\"BlogPosting\"},\"course\":{\"name\":\"\",\"description\":\"\",\"provider\":\"\"},\"faq\":{\"pages\":[]},\"product\":{\"reviews\":[]},\"recipe\":{\"ingredients\":[],\"instructions\":[],\"keywords\":[]},\"software\":{\"reviews\":[],\"operatingSystems\":[]},\"webPage\":{\"webPageType\":\"WebPage\"}}","pillar_content":false,"robots_default":true,"robots_noindex":false,"robots_noarchive":false,"robots_nosnippet":false,"robots_nofollow":false,"robots_noimageindex":false,"robots_noodp":false,"robots_notranslate":false,"robots_max_snippet":"-1","robots_max_videopreview":"-1","robots_max_imagepreview":"large","priority":null,"frequency":"default","local_seo":null,"breadcrumb_settings":null,"limit_modified_date":false,"ai":null,"created":"2022-02-15 09:46:59","updated":"2025-07-09 00:23:46","focus_keyword":null,"additional_keywords":null,"truseo_locale":null,"seo_analyzer_scan_date":null},"aioseo_breadcrumb":"<div class=\"aioseo-breadcrumbs\"><span class=\"aioseo-breadcrumb\">\n\t\t\t<a href=\"https:\/\/science.rmtmo.eu\/en\/\" title=\"Home\">Home<\/a>\n\t\t<\/span><span class=\"aioseo-breadcrumb-separator\">&raquo;<\/span><span class=\"aioseo-breadcrumb\">\n\t\t\t<a href=\"https:\/\/science.rmtmo.eu\/en\/category\/news\/\" title=\"News\">News<\/a>\n\t\t<\/span><span class=\"aioseo-breadcrumb-separator\">&raquo;<\/span><span class=\"aioseo-breadcrumb\">\n\t\t\t05.04.2022 : Conf\u00e9rence tri-nationale \u00ab Hydrog\u00e8ne vert : projets phares et perspectives dans le Rhin sup\u00e9rieur \u00bb \u00e0 B\u00e2le\n\t\t<\/span><\/div>","aioseo_breadcrumb_json":[{"label":"Home","link":"https:\/\/science.rmtmo.eu\/en\/"},{"label":"News","link":"https:\/\/science.rmtmo.eu\/en\/category\/news\/"},{"label":"05.04.2022 : Conf\u00e9rence tri-nationale \u00ab Hydrog\u00e8ne vert : projets phares et perspectives dans le Rhin sup\u00e9rieur \u00bb \u00e0 B\u00e2le","link":"https:\/\/science.rmtmo.eu\/en\/news\/05-04-2022-conference-tri-nationale-hydrogene-vert-projets-phares-et-perspectives-dans-le-rhin-superieur-a-bale\/"}],"_links":{"self":[{"href":"https:\/\/science.rmtmo.eu\/en\/wp-json\/wp\/v2\/posts\/11672","targetHints":{"allow":["GET"]}}],"collection":[{"href":"https:\/\/science.rmtmo.eu\/en\/wp-json\/wp\/v2\/posts"}],"about":[{"href":"https:\/\/science.rmtmo.eu\/en\/wp-json\/wp\/v2\/types\/post"}],"author":[{"embeddable":true,"href":"https:\/\/science.rmtmo.eu\/en\/wp-json\/wp\/v2\/users\/2"}],"replies":[{"embeddable":true,"href":"https:\/\/science.rmtmo.eu\/en\/wp-json\/wp\/v2\/comments?post=11672"}],"version-history":[{"count":1,"href":"https:\/\/science.rmtmo.eu\/en\/wp-json\/wp\/v2\/posts\/11672\/revisions"}],"predecessor-version":[{"id":11673,"href":"https:\/\/science.rmtmo.eu\/en\/wp-json\/wp\/v2\/posts\/11672\/revisions\/11673"}],"wp:featuredmedia":[{"embeddable":true,"href":"https:\/\/science.rmtmo.eu\/en\/wp-json\/wp\/v2\/media\/11669"}],"wp:attachment":[{"href":"https:\/\/science.rmtmo.eu\/en\/wp-json\/wp\/v2\/media?parent=11672"}],"wp:term":[{"taxonomy":"category","embeddable":true,"href":"https:\/\/science.rmtmo.eu\/en\/wp-json\/wp\/v2\/categories?post=11672"},{"taxonomy":"post_tag","embeddable":true,"href":"https:\/\/science.rmtmo.eu\/en\/wp-json\/wp\/v2\/tags?post=11672"}],"curies":[{"name":"wp","href":"https:\/\/api.w.org\/{rel}","templated":true}]}}