{"id":11454,"date":"2021-12-13T10:11:51","date_gmt":"2021-12-13T09:11:51","guid":{"rendered":"https:\/\/science.rmtmo.eu\/news\/47eme-seance-pleniere-de-la-conference-du-rhin-superieur-presentation-dune-etude-dimpact-sur-lechec-de-laccord-cadre-entre-lunion-europeenne-et-la-suisse\/"},"modified":"2021-12-13T10:11:51","modified_gmt":"2021-12-13T09:11:51","slug":"47eme-seance-pleniere-de-la-conference-du-rhin-superieur-presentation-dune-etude-dimpact-sur-lechec-de-laccord-cadre-entre-lunion-europeenne-et-la-suisse","status":"publish","type":"post","link":"https:\/\/science.rmtmo.eu\/en\/news\/47eme-seance-pleniere-de-la-conference-du-rhin-superieur-presentation-dune-etude-dimpact-sur-lechec-de-laccord-cadre-entre-lunion-europeenne-et-la-suisse\/","title":{"rendered":"47\u00e8me s\u00e9ance pl\u00e9ni\u00e8re de la Conf\u00e9rence du Rhin sup\u00e9rieur : pr\u00e9sentation d\u2019une \u00e9tude d\u2019impact sur l\u2019\u00e9chec de l\u2019accord-cadre entre l\u2019Union europ\u00e9enne et la Suisse pour le Rhin sup\u00e9rieur"},"content":{"rendered":"<p>A l\u2019occasion de la s\u00e9ance pl\u00e9ni\u00e8re de la Conf\u00e9rence du Rhin sup\u00e9rieur tenue en visioconf\u00e9rence, B\u00e4rbel Sch\u00e4fer, Regierungspr\u00e4sidentin de Freiburg et pr\u00e9sidente en exercice, a dress\u00e9 le bilan de son ann\u00e9e de pr\u00e9sidence, marqu\u00e9e par la pand\u00e9mie de COVID, sur laquelle un congr\u00e8s transfrontalier a \u00e9t\u00e9 organis\u00e9 fin novembre. La pr\u00e9sidence de la Conf\u00e9rence du Rhin sup\u00e9rieur sera assur\u00e9e l\u2019ann\u00e9e prochaine par Beat Jans, Pr\u00e9sident du Conseil d\u2019Etat du canton de B\u00e2le-Ville. <!--more--><br \/>\nL\u2019analyse d\u2019impact concernant l\u2019\u00e9chec de l\u2019accord-cadre entre l\u2019Union europ\u00e9enne et la Suisse pour le Rhin sup\u00e9rieur traite entre autre de la coop\u00e9ration en mati\u00e8re de recherche. En raison de l\u2019\u00e9chec des n\u00e9gociations sur l\u2019accord-cadre, une association \u00e0 part enti\u00e8re au 9\u00e8 programme cadre pour la recherche et l\u2019innovation (\u00ab Horizon Europe \u00bb), qui s\u2019\u00e9tend sur la p\u00e9riode 2021-2027, n\u2019est pas possible pour le moment. La Suisse participe \u00e0 \u00ab Horizon Europe \u00bb en tant que pays tiers non associ\u00e9. La cons\u00e9quence de cette situation est que les chercheurs suisses sont exclus de la participation \u00e0 des projets individuels. Toutefois, la plupart des projets collaboratifs ne sont pas concern\u00e9s par cette mesure.<br \/>\nDe mani\u00e8re g\u00e9n\u00e9rale, les conclusions du rapport montrent, que sans relations r\u00e9glement\u00e9es entre la Suisse et l\u2019Union europ\u00e9enne, la comp\u00e9titivit\u00e9, la croissance et globalement la prosp\u00e9rit\u00e9 de l&#8217;espace \u00e9conomique tri-national du Rhin sup\u00e9rieur, sont menac\u00e9es \u00e0 long terme. Afin de parer \u00e0 ces probables \u00e9volutions, la Conf\u00e9rence du Rhin sup\u00e9rieur a formul\u00e9 des recommandations d&#8217;actions qu\u2019elle pr\u00e9sentera la semaine prochaine \u00e0 la Commission intergouvernementale franco-germano-suisse. Il s&#8217;agit par exemple de donner davantage de poids \u00e0 la voix des r\u00e9gions frontali\u00e8res en se concertant avec d&#8217;autres espaces frontaliers et les Etats nationaux concern\u00e9s.<br \/>\nPlus d\u2019informations sur le <a href=\"https:\/\/www.conference-rhin-sup.org\/fr\/la-conference-du-rhin-superieur\/apercu\/actualites\/items\/47eme-seance-pleniere-de-la-conference-du-rhin-superieur.html\" target=\"_blank\" rel=\"noopener\">site de la Conf\u00e9rence du Rhin sup\u00e9rieur&nbsp;<\/a><\/p>\n","protected":false},"excerpt":{"rendered":"<p>A l\u2019occasion de la s\u00e9ance pl\u00e9ni\u00e8re de la Conf\u00e9rence du Rhin sup\u00e9rieur tenue en visioconf\u00e9rence, B\u00e4rbel Sch\u00e4fer, Regierungspr\u00e4sidentin de Freiburg et pr\u00e9sidente en exercice, a dress\u00e9 le bilan de son ann\u00e9e de pr\u00e9sidence, marqu\u00e9e par la pand\u00e9mie de COVID, sur laquelle un congr\u00e8s transfrontalier a \u00e9t\u00e9 organis\u00e9 fin novembre. La pr\u00e9sidence de la Conf\u00e9rence du<\/p>\n","protected":false},"author":2,"featured_media":11019,"comment_status":"closed","ping_status":"closed","sticky":false,"template":"","format":"standard","meta":{"ngg_post_thumbnail":0,"footnotes":""},"categories":[],"tags":[],"class_list":["post-11454","post","type-post","status-publish","format-standard","has-post-thumbnail","hentry"],"aioseo_notices":[],"aioseo_head":"\n\t\t<!-- All in One SEO 5.0.1 - aioseo.com -->\n\t<meta name=\"description\" content=\"A l\u2019occasion de la s\u00e9ance pl\u00e9ni\u00e8re de la Conf\u00e9rence du Rhin sup\u00e9rieur tenue en visioconf\u00e9rence, B\u00e4rbel Sch\u00e4fer, Regierungspr\u00e4sidentin de Freiburg et pr\u00e9sidente en exercice, a dress\u00e9 le bilan de son ann\u00e9e de pr\u00e9sidence, marqu\u00e9e par la pand\u00e9mie de COVID, sur laquelle un congr\u00e8s transfrontalier a \u00e9t\u00e9 organis\u00e9 fin novembre. La pr\u00e9sidence de la Conf\u00e9rence du\" \/>\n\t<meta name=\"robots\" content=\"max-image-preview:large\" \/>\n\t<meta name=\"author\" content=\"Julia Schoppe\"\/>\n\t<link rel=\"canonical\" href=\"https:\/\/science.rmtmo.eu\/en\/news\/47eme-seance-pleniere-de-la-conference-du-rhin-superieur-presentation-dune-etude-dimpact-sur-lechec-de-laccord-cadre-entre-lunion-europeenne-et-la-suisse\/\" \/>\n\t<meta name=\"generator\" content=\"All in One SEO (AIOSEO) 5.0.1\" \/>\n\t\t<meta property=\"og:locale\" content=\"en_US\" \/>\n\t\t<meta property=\"og:site_name\" content=\"S\u00e4ule Wissenschaft | Pilier Sciences\" \/>\n\t\t<meta property=\"og:type\" content=\"article\" \/>\n\t\t<meta property=\"og:title\" content=\"47\u00e8me s\u00e9ance pl\u00e9ni\u00e8re de la Conf\u00e9rence du Rhin sup\u00e9rieur : pr\u00e9sentation d\u2019une \u00e9tude d\u2019impact sur l\u2019\u00e9chec de l\u2019accord-cadre entre l\u2019Union europ\u00e9enne et la Suisse pour le Rhin sup\u00e9rieur | S\u00e4ule Wissenschaft\" \/>\n\t\t<meta property=\"og:description\" content=\"A l\u2019occasion de la s\u00e9ance pl\u00e9ni\u00e8re de la Conf\u00e9rence du Rhin sup\u00e9rieur tenue en visioconf\u00e9rence, B\u00e4rbel Sch\u00e4fer, Regierungspr\u00e4sidentin de Freiburg et pr\u00e9sidente en exercice, a dress\u00e9 le bilan de son ann\u00e9e de pr\u00e9sidence, marqu\u00e9e par la pand\u00e9mie de COVID, sur laquelle un congr\u00e8s transfrontalier a \u00e9t\u00e9 organis\u00e9 fin novembre. La pr\u00e9sidence de la Conf\u00e9rence du\" \/>\n\t\t<meta property=\"og:url\" content=\"https:\/\/science.rmtmo.eu\/en\/news\/47eme-seance-pleniere-de-la-conference-du-rhin-superieur-presentation-dune-etude-dimpact-sur-lechec-de-laccord-cadre-entre-lunion-europeenne-et-la-suisse\/\" \/>\n\t\t<meta property=\"article:published_time\" content=\"2021-12-13T09:11:51+00:00\" \/>\n\t\t<meta property=\"article:modified_time\" content=\"2021-12-13T09:11:51+00:00\" \/>\n\t\t<meta name=\"twitter:card\" content=\"summary\" \/>\n\t\t<meta name=\"twitter:title\" content=\"47\u00e8me s\u00e9ance pl\u00e9ni\u00e8re de la Conf\u00e9rence du Rhin sup\u00e9rieur : pr\u00e9sentation d\u2019une \u00e9tude d\u2019impact sur l\u2019\u00e9chec de l\u2019accord-cadre entre l\u2019Union europ\u00e9enne et la Suisse pour le Rhin sup\u00e9rieur | S\u00e4ule Wissenschaft\" \/>\n\t\t<meta name=\"twitter:description\" content=\"A l\u2019occasion de la s\u00e9ance pl\u00e9ni\u00e8re de la Conf\u00e9rence du Rhin sup\u00e9rieur tenue en visioconf\u00e9rence, B\u00e4rbel Sch\u00e4fer, Regierungspr\u00e4sidentin de Freiburg et pr\u00e9sidente en exercice, a dress\u00e9 le bilan de son ann\u00e9e de pr\u00e9sidence, marqu\u00e9e par la pand\u00e9mie de COVID, sur laquelle un congr\u00e8s transfrontalier a \u00e9t\u00e9 organis\u00e9 fin novembre. La pr\u00e9sidence de la Conf\u00e9rence du\" \/>\n\t\t<script type=\"application\/ld+json\" class=\"aioseo-schema\">\n\t\t\t{\"@context\":\"https:\\\/\\\/schema.org\",\"@graph\":[{\"@type\":\"Article\",\"@id\":\"https:\\\/\\\/science.rmtmo.eu\\\/en\\\/news\\\/47eme-seance-pleniere-de-la-conference-du-rhin-superieur-presentation-dune-etude-dimpact-sur-lechec-de-laccord-cadre-entre-lunion-europeenne-et-la-suisse\\\/#article\",\"name\":\"47\\u00e8me s\\u00e9ance pl\\u00e9ni\\u00e8re de la Conf\\u00e9rence du Rhin sup\\u00e9rieur : pr\\u00e9sentation d\\u2019une \\u00e9tude d\\u2019impact sur l\\u2019\\u00e9chec de l\\u2019accord-cadre entre l\\u2019Union europ\\u00e9enne et la Suisse pour le Rhin sup\\u00e9rieur | S\\u00e4ule Wissenschaft\",\"headline\":\"47\\u00e8me s\\u00e9ance pl\\u00e9ni\\u00e8re de la Conf\\u00e9rence du Rhin sup\\u00e9rieur : pr\\u00e9sentation d\\u2019une \\u00e9tude d\\u2019impact sur l\\u2019\\u00e9chec de l\\u2019accord-cadre entre l\\u2019Union europ\\u00e9enne et la Suisse pour le Rhin sup\\u00e9rieur\",\"author\":{\"@id\":\"https:\\\/\\\/science.rmtmo.eu\\\/en\\\/#author\"},\"publisher\":{\"@id\":\"https:\\\/\\\/science.rmtmo.eu\\\/en\\\/#organization\"},\"image\":{\"@type\":\"ImageObject\",\"url\":\"https:\\\/\\\/science.rmtmo.eu\\\/wp-content\\\/uploads\\\/2021\\\/08\\\/CRS.jpg\",\"width\":448,\"height\":144},\"datePublished\":\"2021-12-13T10:11:51+01:00\",\"dateModified\":\"2021-12-13T10:11:51+01:00\",\"inLanguage\":\"en-US\",\"mainEntityOfPage\":{\"@id\":\"https:\\\/\\\/science.rmtmo.eu\\\/en\\\/news\\\/47eme-seance-pleniere-de-la-conference-du-rhin-superieur-presentation-dune-etude-dimpact-sur-lechec-de-laccord-cadre-entre-lunion-europeenne-et-la-suisse\\\/#webpage\"},\"isPartOf\":{\"@id\":\"https:\\\/\\\/science.rmtmo.eu\\\/en\\\/news\\\/47eme-seance-pleniere-de-la-conference-du-rhin-superieur-presentation-dune-etude-dimpact-sur-lechec-de-laccord-cadre-entre-lunion-europeenne-et-la-suisse\\\/#webpage\"}},{\"@type\":\"BreadcrumbList\",\"@id\":\"https:\\\/\\\/science.rmtmo.eu\\\/en\\\/news\\\/47eme-seance-pleniere-de-la-conference-du-rhin-superieur-presentation-dune-etude-dimpact-sur-lechec-de-laccord-cadre-entre-lunion-europeenne-et-la-suisse\\\/#breadcrumblist\",\"itemListElement\":[{\"@type\":\"ListItem\",\"@id\":\"https:\\\/\\\/science.rmtmo.eu\\\/en\\\/#listItem\",\"position\":1,\"name\":\"Home\",\"item\":\"https:\\\/\\\/science.rmtmo.eu\\\/en\\\/\",\"nextItem\":{\"@type\":\"ListItem\",\"@id\":\"https:\\\/\\\/science.rmtmo.eu\\\/en\\\/news\\\/47eme-seance-pleniere-de-la-conference-du-rhin-superieur-presentation-dune-etude-dimpact-sur-lechec-de-laccord-cadre-entre-lunion-europeenne-et-la-suisse\\\/#listItem\",\"name\":\"47\\u00e8me s\\u00e9ance pl\\u00e9ni\\u00e8re de la Conf\\u00e9rence du Rhin sup\\u00e9rieur : pr\\u00e9sentation d\\u2019une \\u00e9tude d\\u2019impact sur l\\u2019\\u00e9chec de l\\u2019accord-cadre entre l\\u2019Union europ\\u00e9enne et la Suisse pour le Rhin sup\\u00e9rieur\"}},{\"@type\":\"ListItem\",\"@id\":\"https:\\\/\\\/science.rmtmo.eu\\\/en\\\/news\\\/47eme-seance-pleniere-de-la-conference-du-rhin-superieur-presentation-dune-etude-dimpact-sur-lechec-de-laccord-cadre-entre-lunion-europeenne-et-la-suisse\\\/#listItem\",\"position\":2,\"name\":\"47\\u00e8me s\\u00e9ance pl\\u00e9ni\\u00e8re de la Conf\\u00e9rence du Rhin sup\\u00e9rieur : pr\\u00e9sentation d\\u2019une \\u00e9tude d\\u2019impact sur l\\u2019\\u00e9chec de l\\u2019accord-cadre entre l\\u2019Union europ\\u00e9enne et la Suisse pour le Rhin sup\\u00e9rieur\",\"previousItem\":{\"@type\":\"ListItem\",\"@id\":\"https:\\\/\\\/science.rmtmo.eu\\\/en\\\/#listItem\",\"name\":\"Home\"}}]},{\"@type\":\"Organization\",\"@id\":\"https:\\\/\\\/science.rmtmo.eu\\\/en\\\/#organization\",\"name\":\"S\\u00e4ule Wissenschaft\",\"description\":\"Pilier Sciences\",\"url\":\"https:\\\/\\\/science.rmtmo.eu\\\/en\\\/\"},{\"@type\":\"Person\",\"@id\":\"https:\\\/\\\/science.rmtmo.eu\\\/en\\\/#author\",\"url\":\"https:\\\/\\\/science.rmtmo.eu\\\/en\\\/\",\"name\":\"Julia Schoppe\",\"image\":{\"@type\":\"ImageObject\",\"@id\":\"https:\\\/\\\/science.rmtmo.eu\\\/en\\\/news\\\/47eme-seance-pleniere-de-la-conference-du-rhin-superieur-presentation-dune-etude-dimpact-sur-lechec-de-laccord-cadre-entre-lunion-europeenne-et-la-suisse\\\/#authorImage\",\"url\":\"https:\\\/\\\/secure.gravatar.com\\\/avatar\\\/a901258a7b8dcf03b30368978e66936d1876b26f972c0de45f958d78752a1f9e?s=96&d=mm&r=g\",\"width\":96,\"height\":96,\"caption\":\"Julia Schoppe\"}},{\"@type\":\"WebPage\",\"@id\":\"https:\\\/\\\/science.rmtmo.eu\\\/en\\\/news\\\/47eme-seance-pleniere-de-la-conference-du-rhin-superieur-presentation-dune-etude-dimpact-sur-lechec-de-laccord-cadre-entre-lunion-europeenne-et-la-suisse\\\/#webpage\",\"url\":\"https:\\\/\\\/science.rmtmo.eu\\\/en\\\/news\\\/47eme-seance-pleniere-de-la-conference-du-rhin-superieur-presentation-dune-etude-dimpact-sur-lechec-de-laccord-cadre-entre-lunion-europeenne-et-la-suisse\\\/\",\"name\":\"47\\u00e8me s\\u00e9ance pl\\u00e9ni\\u00e8re de la Conf\\u00e9rence du Rhin sup\\u00e9rieur : pr\\u00e9sentation d\\u2019une \\u00e9tude d\\u2019impact sur l\\u2019\\u00e9chec de l\\u2019accord-cadre entre l\\u2019Union europ\\u00e9enne et la Suisse pour le Rhin sup\\u00e9rieur | S\\u00e4ule Wissenschaft\",\"description\":\"A l\\u2019occasion de la s\\u00e9ance pl\\u00e9ni\\u00e8re de la Conf\\u00e9rence du Rhin sup\\u00e9rieur tenue en visioconf\\u00e9rence, B\\u00e4rbel Sch\\u00e4fer, Regierungspr\\u00e4sidentin de Freiburg et pr\\u00e9sidente en exercice, a dress\\u00e9 le bilan de son ann\\u00e9e de pr\\u00e9sidence, marqu\\u00e9e par la pand\\u00e9mie de COVID, sur laquelle un congr\\u00e8s transfrontalier a \\u00e9t\\u00e9 organis\\u00e9 fin novembre. La pr\\u00e9sidence de la Conf\\u00e9rence du\",\"inLanguage\":\"en-US\",\"isPartOf\":{\"@id\":\"https:\\\/\\\/science.rmtmo.eu\\\/en\\\/#website\"},\"breadcrumb\":{\"@id\":\"https:\\\/\\\/science.rmtmo.eu\\\/en\\\/news\\\/47eme-seance-pleniere-de-la-conference-du-rhin-superieur-presentation-dune-etude-dimpact-sur-lechec-de-laccord-cadre-entre-lunion-europeenne-et-la-suisse\\\/#breadcrumblist\"},\"author\":{\"@id\":\"https:\\\/\\\/science.rmtmo.eu\\\/en\\\/#author\"},\"creator\":{\"@id\":\"https:\\\/\\\/science.rmtmo.eu\\\/en\\\/#author\"},\"image\":{\"@type\":\"ImageObject\",\"url\":\"https:\\\/\\\/science.rmtmo.eu\\\/wp-content\\\/uploads\\\/2021\\\/08\\\/CRS.jpg\",\"@id\":\"https:\\\/\\\/science.rmtmo.eu\\\/en\\\/news\\\/47eme-seance-pleniere-de-la-conference-du-rhin-superieur-presentation-dune-etude-dimpact-sur-lechec-de-laccord-cadre-entre-lunion-europeenne-et-la-suisse\\\/#mainImage\",\"width\":448,\"height\":144},\"primaryImageOfPage\":{\"@id\":\"https:\\\/\\\/science.rmtmo.eu\\\/en\\\/news\\\/47eme-seance-pleniere-de-la-conference-du-rhin-superieur-presentation-dune-etude-dimpact-sur-lechec-de-laccord-cadre-entre-lunion-europeenne-et-la-suisse\\\/#mainImage\"},\"datePublished\":\"2021-12-13T10:11:51+01:00\",\"dateModified\":\"2021-12-13T10:11:51+01:00\"},{\"@type\":\"WebSite\",\"@id\":\"https:\\\/\\\/science.rmtmo.eu\\\/en\\\/#website\",\"url\":\"https:\\\/\\\/science.rmtmo.eu\\\/en\\\/\",\"name\":\"S\\u00e4ule Wissenschaft\",\"description\":\"Pilier Sciences\",\"inLanguage\":\"en-US\",\"publisher\":{\"@id\":\"https:\\\/\\\/science.rmtmo.eu\\\/en\\\/#organization\"}}]}\n\t\t<\/script>\n\t\t<!-- All in One SEO -->\n\n","aioseo_head_json":{"title":"47\u00e8me s\u00e9ance pl\u00e9ni\u00e8re de la Conf\u00e9rence du Rhin sup\u00e9rieur : pr\u00e9sentation d\u2019une \u00e9tude d\u2019impact sur l\u2019\u00e9chec de l\u2019accord-cadre entre l\u2019Union europ\u00e9enne et la Suisse pour le Rhin sup\u00e9rieur | S\u00e4ule Wissenschaft","description":"A l\u2019occasion de la s\u00e9ance pl\u00e9ni\u00e8re de la Conf\u00e9rence du Rhin sup\u00e9rieur tenue en visioconf\u00e9rence, B\u00e4rbel Sch\u00e4fer, Regierungspr\u00e4sidentin de Freiburg et pr\u00e9sidente en exercice, a dress\u00e9 le bilan de son ann\u00e9e de pr\u00e9sidence, marqu\u00e9e par la pand\u00e9mie de COVID, sur laquelle un congr\u00e8s transfrontalier a \u00e9t\u00e9 organis\u00e9 fin novembre. La pr\u00e9sidence de la Conf\u00e9rence du","canonical_url":"https:\/\/science.rmtmo.eu\/en\/news\/47eme-seance-pleniere-de-la-conference-du-rhin-superieur-presentation-dune-etude-dimpact-sur-lechec-de-laccord-cadre-entre-lunion-europeenne-et-la-suisse\/","robots":"max-image-preview:large","keywords":"","webmasterTools":{"miscellaneous":""},"schema":{"@context":"https:\/\/schema.org","@graph":[{"@type":"Article","@id":"https:\/\/science.rmtmo.eu\/en\/news\/47eme-seance-pleniere-de-la-conference-du-rhin-superieur-presentation-dune-etude-dimpact-sur-lechec-de-laccord-cadre-entre-lunion-europeenne-et-la-suisse\/#article","name":"47\u00e8me s\u00e9ance pl\u00e9ni\u00e8re de la Conf\u00e9rence du Rhin sup\u00e9rieur : pr\u00e9sentation d\u2019une \u00e9tude d\u2019impact sur l\u2019\u00e9chec de l\u2019accord-cadre entre l\u2019Union europ\u00e9enne et la Suisse pour le Rhin sup\u00e9rieur | S\u00e4ule Wissenschaft","headline":"47\u00e8me s\u00e9ance pl\u00e9ni\u00e8re de la Conf\u00e9rence du Rhin sup\u00e9rieur : pr\u00e9sentation d\u2019une \u00e9tude d\u2019impact sur l\u2019\u00e9chec de l\u2019accord-cadre entre l\u2019Union europ\u00e9enne et la Suisse pour le Rhin sup\u00e9rieur","author":{"@id":"https:\/\/science.rmtmo.eu\/en\/#author"},"publisher":{"@id":"https:\/\/science.rmtmo.eu\/en\/#organization"},"image":{"@type":"ImageObject","url":"https:\/\/science.rmtmo.eu\/wp-content\/uploads\/2021\/08\/CRS.jpg","width":448,"height":144},"datePublished":"2021-12-13T10:11:51+01:00","dateModified":"2021-12-13T10:11:51+01:00","inLanguage":"en-US","mainEntityOfPage":{"@id":"https:\/\/science.rmtmo.eu\/en\/news\/47eme-seance-pleniere-de-la-conference-du-rhin-superieur-presentation-dune-etude-dimpact-sur-lechec-de-laccord-cadre-entre-lunion-europeenne-et-la-suisse\/#webpage"},"isPartOf":{"@id":"https:\/\/science.rmtmo.eu\/en\/news\/47eme-seance-pleniere-de-la-conference-du-rhin-superieur-presentation-dune-etude-dimpact-sur-lechec-de-laccord-cadre-entre-lunion-europeenne-et-la-suisse\/#webpage"}},{"@type":"BreadcrumbList","@id":"https:\/\/science.rmtmo.eu\/en\/news\/47eme-seance-pleniere-de-la-conference-du-rhin-superieur-presentation-dune-etude-dimpact-sur-lechec-de-laccord-cadre-entre-lunion-europeenne-et-la-suisse\/#breadcrumblist","itemListElement":[{"@type":"ListItem","@id":"https:\/\/science.rmtmo.eu\/en\/#listItem","position":1,"name":"Home","item":"https:\/\/science.rmtmo.eu\/en\/","nextItem":{"@type":"ListItem","@id":"https:\/\/science.rmtmo.eu\/en\/news\/47eme-seance-pleniere-de-la-conference-du-rhin-superieur-presentation-dune-etude-dimpact-sur-lechec-de-laccord-cadre-entre-lunion-europeenne-et-la-suisse\/#listItem","name":"47\u00e8me s\u00e9ance pl\u00e9ni\u00e8re de la Conf\u00e9rence du Rhin sup\u00e9rieur : pr\u00e9sentation d\u2019une \u00e9tude d\u2019impact sur l\u2019\u00e9chec de l\u2019accord-cadre entre l\u2019Union europ\u00e9enne et la Suisse pour le Rhin sup\u00e9rieur"}},{"@type":"ListItem","@id":"https:\/\/science.rmtmo.eu\/en\/news\/47eme-seance-pleniere-de-la-conference-du-rhin-superieur-presentation-dune-etude-dimpact-sur-lechec-de-laccord-cadre-entre-lunion-europeenne-et-la-suisse\/#listItem","position":2,"name":"47\u00e8me s\u00e9ance pl\u00e9ni\u00e8re de la Conf\u00e9rence du Rhin sup\u00e9rieur : pr\u00e9sentation d\u2019une \u00e9tude d\u2019impact sur l\u2019\u00e9chec de l\u2019accord-cadre entre l\u2019Union europ\u00e9enne et la Suisse pour le Rhin sup\u00e9rieur","previousItem":{"@type":"ListItem","@id":"https:\/\/science.rmtmo.eu\/en\/#listItem","name":"Home"}}]},{"@type":"Organization","@id":"https:\/\/science.rmtmo.eu\/en\/#organization","name":"S\u00e4ule Wissenschaft","description":"Pilier Sciences","url":"https:\/\/science.rmtmo.eu\/en\/"},{"@type":"Person","@id":"https:\/\/science.rmtmo.eu\/en\/#author","url":"https:\/\/science.rmtmo.eu\/en\/","name":"Julia Schoppe","image":{"@type":"ImageObject","@id":"https:\/\/science.rmtmo.eu\/en\/news\/47eme-seance-pleniere-de-la-conference-du-rhin-superieur-presentation-dune-etude-dimpact-sur-lechec-de-laccord-cadre-entre-lunion-europeenne-et-la-suisse\/#authorImage","url":"https:\/\/secure.gravatar.com\/avatar\/a901258a7b8dcf03b30368978e66936d1876b26f972c0de45f958d78752a1f9e?s=96&d=mm&r=g","width":96,"height":96,"caption":"Julia Schoppe"}},{"@type":"WebPage","@id":"https:\/\/science.rmtmo.eu\/en\/news\/47eme-seance-pleniere-de-la-conference-du-rhin-superieur-presentation-dune-etude-dimpact-sur-lechec-de-laccord-cadre-entre-lunion-europeenne-et-la-suisse\/#webpage","url":"https:\/\/science.rmtmo.eu\/en\/news\/47eme-seance-pleniere-de-la-conference-du-rhin-superieur-presentation-dune-etude-dimpact-sur-lechec-de-laccord-cadre-entre-lunion-europeenne-et-la-suisse\/","name":"47\u00e8me s\u00e9ance pl\u00e9ni\u00e8re de la Conf\u00e9rence du Rhin sup\u00e9rieur : pr\u00e9sentation d\u2019une \u00e9tude d\u2019impact sur l\u2019\u00e9chec de l\u2019accord-cadre entre l\u2019Union europ\u00e9enne et la Suisse pour le Rhin sup\u00e9rieur | S\u00e4ule Wissenschaft","description":"A l\u2019occasion de la s\u00e9ance pl\u00e9ni\u00e8re de la Conf\u00e9rence du Rhin sup\u00e9rieur tenue en visioconf\u00e9rence, B\u00e4rbel Sch\u00e4fer, Regierungspr\u00e4sidentin de Freiburg et pr\u00e9sidente en exercice, a dress\u00e9 le bilan de son ann\u00e9e de pr\u00e9sidence, marqu\u00e9e par la pand\u00e9mie de COVID, sur laquelle un congr\u00e8s transfrontalier a \u00e9t\u00e9 organis\u00e9 fin novembre. La pr\u00e9sidence de la Conf\u00e9rence du","inLanguage":"en-US","isPartOf":{"@id":"https:\/\/science.rmtmo.eu\/en\/#website"},"breadcrumb":{"@id":"https:\/\/science.rmtmo.eu\/en\/news\/47eme-seance-pleniere-de-la-conference-du-rhin-superieur-presentation-dune-etude-dimpact-sur-lechec-de-laccord-cadre-entre-lunion-europeenne-et-la-suisse\/#breadcrumblist"},"author":{"@id":"https:\/\/science.rmtmo.eu\/en\/#author"},"creator":{"@id":"https:\/\/science.rmtmo.eu\/en\/#author"},"image":{"@type":"ImageObject","url":"https:\/\/science.rmtmo.eu\/wp-content\/uploads\/2021\/08\/CRS.jpg","@id":"https:\/\/science.rmtmo.eu\/en\/news\/47eme-seance-pleniere-de-la-conference-du-rhin-superieur-presentation-dune-etude-dimpact-sur-lechec-de-laccord-cadre-entre-lunion-europeenne-et-la-suisse\/#mainImage","width":448,"height":144},"primaryImageOfPage":{"@id":"https:\/\/science.rmtmo.eu\/en\/news\/47eme-seance-pleniere-de-la-conference-du-rhin-superieur-presentation-dune-etude-dimpact-sur-lechec-de-laccord-cadre-entre-lunion-europeenne-et-la-suisse\/#mainImage"},"datePublished":"2021-12-13T10:11:51+01:00","dateModified":"2021-12-13T10:11:51+01:00"},{"@type":"WebSite","@id":"https:\/\/science.rmtmo.eu\/en\/#website","url":"https:\/\/science.rmtmo.eu\/en\/","name":"S\u00e4ule Wissenschaft","description":"Pilier Sciences","inLanguage":"en-US","publisher":{"@id":"https:\/\/science.rmtmo.eu\/en\/#organization"}}]},"og:locale":"en_US","og:site_name":"S\u00e4ule Wissenschaft | Pilier Sciences","og:type":"article","og:title":"47\u00e8me s\u00e9ance pl\u00e9ni\u00e8re de la Conf\u00e9rence du Rhin sup\u00e9rieur : pr\u00e9sentation d\u2019une \u00e9tude d\u2019impact sur l\u2019\u00e9chec de l\u2019accord-cadre entre l\u2019Union europ\u00e9enne et la Suisse pour le Rhin sup\u00e9rieur | S\u00e4ule Wissenschaft","og:description":"A l\u2019occasion de la s\u00e9ance pl\u00e9ni\u00e8re de la Conf\u00e9rence du Rhin sup\u00e9rieur tenue en visioconf\u00e9rence, B\u00e4rbel Sch\u00e4fer, Regierungspr\u00e4sidentin de Freiburg et pr\u00e9sidente en exercice, a dress\u00e9 le bilan de son ann\u00e9e de pr\u00e9sidence, marqu\u00e9e par la pand\u00e9mie de COVID, sur laquelle un congr\u00e8s transfrontalier a \u00e9t\u00e9 organis\u00e9 fin novembre. La pr\u00e9sidence de la Conf\u00e9rence du","og:url":"https:\/\/science.rmtmo.eu\/en\/news\/47eme-seance-pleniere-de-la-conference-du-rhin-superieur-presentation-dune-etude-dimpact-sur-lechec-de-laccord-cadre-entre-lunion-europeenne-et-la-suisse\/","article:published_time":"2021-12-13T09:11:51+00:00","article:modified_time":"2021-12-13T09:11:51+00:00","twitter:card":"summary","twitter:title":"47\u00e8me s\u00e9ance pl\u00e9ni\u00e8re de la Conf\u00e9rence du Rhin sup\u00e9rieur : pr\u00e9sentation d\u2019une \u00e9tude d\u2019impact sur l\u2019\u00e9chec de l\u2019accord-cadre entre l\u2019Union europ\u00e9enne et la Suisse pour le Rhin sup\u00e9rieur | S\u00e4ule Wissenschaft","twitter:description":"A l\u2019occasion de la s\u00e9ance pl\u00e9ni\u00e8re de la Conf\u00e9rence du Rhin sup\u00e9rieur tenue en visioconf\u00e9rence, B\u00e4rbel Sch\u00e4fer, Regierungspr\u00e4sidentin de Freiburg et pr\u00e9sidente en exercice, a dress\u00e9 le bilan de son ann\u00e9e de pr\u00e9sidence, marqu\u00e9e par la pand\u00e9mie de COVID, sur laquelle un congr\u00e8s transfrontalier a \u00e9t\u00e9 organis\u00e9 fin novembre. La pr\u00e9sidence de la Conf\u00e9rence du"},"aioseo_meta_data":{"post_id":"11454","title":null,"description":null,"keywords":null,"keyphrases":null,"primary_term":null,"canonical_url":null,"og_title":null,"og_description":null,"og_object_type":"default","og_image_type":"default","og_image_url":null,"og_image_width":null,"og_image_height":null,"og_image_custom_url":null,"og_image_custom_fields":null,"og_video":null,"og_custom_url":null,"og_article_section":null,"og_article_tags":null,"twitter_use_og":false,"twitter_card":"default","twitter_image_type":"default","twitter_image_url":null,"twitter_image_custom_url":null,"twitter_image_custom_fields":null,"twitter_title":null,"twitter_description":null,"schema":{"blockGraphs":[],"customGraphs":[],"default":{"data":{"Article":[],"Course":[],"Dataset":[],"FAQPage":[],"Movie":[],"Person":[],"Product":[],"ProductReview":[],"Car":[],"Recipe":[],"Service":[],"SoftwareApplication":[],"WebPage":[]},"graphName":"","isEnabled":true},"graphs":[]},"schema_type":"default","schema_type_options":null,"pillar_content":false,"robots_default":true,"robots_noindex":false,"robots_noarchive":false,"robots_nosnippet":false,"robots_nofollow":false,"robots_noimageindex":false,"robots_noodp":false,"robots_notranslate":false,"robots_max_snippet":null,"robots_max_videopreview":null,"robots_max_imagepreview":"large","priority":null,"frequency":null,"local_seo":null,"breadcrumb_settings":null,"limit_modified_date":false,"ai":null,"created":"2021-12-13 09:16:14","updated":"2025-07-09 00:18:30","focus_keyword":null,"additional_keywords":null,"truseo_locale":null,"seo_analyzer_scan_date":null},"aioseo_breadcrumb":"<div class=\"aioseo-breadcrumbs\"><span class=\"aioseo-breadcrumb\">\n\t\t\t<a href=\"https:\/\/science.rmtmo.eu\/en\/\" title=\"Home\">Home<\/a>\n\t\t<\/span><span class=\"aioseo-breadcrumb-separator\">&raquo;<\/span><span class=\"aioseo-breadcrumb\">\n\t\t\t47\u00e8me s\u00e9ance pl\u00e9ni\u00e8re de la Conf\u00e9rence du Rhin sup\u00e9rieur : pr\u00e9sentation d\u2019une \u00e9tude d\u2019impact sur l\u2019\u00e9chec de l\u2019accord-cadre entre l\u2019Union europ\u00e9enne et la Suisse pour le Rhin sup\u00e9rieur\n\t\t<\/span><\/div>","aioseo_breadcrumb_json":[{"label":"Home","link":"https:\/\/science.rmtmo.eu\/en\/"},{"label":"47\u00e8me s\u00e9ance pl\u00e9ni\u00e8re de la Conf\u00e9rence du Rhin sup\u00e9rieur : pr\u00e9sentation d\u2019une \u00e9tude d\u2019impact sur l\u2019\u00e9chec de l\u2019accord-cadre entre l\u2019Union europ\u00e9enne et la Suisse pour le Rhin sup\u00e9rieur","link":"https:\/\/science.rmtmo.eu\/en\/news\/47eme-seance-pleniere-de-la-conference-du-rhin-superieur-presentation-dune-etude-dimpact-sur-lechec-de-laccord-cadre-entre-lunion-europeenne-et-la-suisse\/"}],"_links":{"self":[{"href":"https:\/\/science.rmtmo.eu\/en\/wp-json\/wp\/v2\/posts\/11454","targetHints":{"allow":["GET"]}}],"collection":[{"href":"https:\/\/science.rmtmo.eu\/en\/wp-json\/wp\/v2\/posts"}],"about":[{"href":"https:\/\/science.rmtmo.eu\/en\/wp-json\/wp\/v2\/types\/post"}],"author":[{"embeddable":true,"href":"https:\/\/science.rmtmo.eu\/en\/wp-json\/wp\/v2\/users\/2"}],"replies":[{"embeddable":true,"href":"https:\/\/science.rmtmo.eu\/en\/wp-json\/wp\/v2\/comments?post=11454"}],"version-history":[{"count":0,"href":"https:\/\/science.rmtmo.eu\/en\/wp-json\/wp\/v2\/posts\/11454\/revisions"}],"wp:featuredmedia":[{"embeddable":true,"href":"https:\/\/science.rmtmo.eu\/en\/wp-json\/wp\/v2\/media\/11019"}],"wp:attachment":[{"href":"https:\/\/science.rmtmo.eu\/en\/wp-json\/wp\/v2\/media?parent=11454"}],"wp:term":[{"taxonomy":"category","embeddable":true,"href":"https:\/\/science.rmtmo.eu\/en\/wp-json\/wp\/v2\/categories?post=11454"},{"taxonomy":"post_tag","embeddable":true,"href":"https:\/\/science.rmtmo.eu\/en\/wp-json\/wp\/v2\/tags?post=11454"}],"curies":[{"name":"wp","href":"https:\/\/api.w.org\/{rel}","templated":true}]}}