{"id":14961,"date":"2025-04-15T16:24:58","date_gmt":"2025-04-15T14:24:58","guid":{"rendered":"https:\/\/science.rmtmo.eu\/?p=14961"},"modified":"2026-07-15T09:25:47","modified_gmt":"2026-07-15T07:25:47","slug":"neuer-open-call-fuer-kuenstler-innen-regionale","status":"publish","type":"post","link":"https:\/\/science.rmtmo.eu\/de\/neues\/neuer-open-call-fuer-kuenstler-innen-regionale\/","title":{"rendered":"Neuer Open Call f\u00fcr K\u00fcnstler.innen: Regionale"},"content":{"rendered":"<section  class=\"section swatch-white-red section-normal \" ><div class=\"background-media\"><\/div><div class=\"background-overlay\" style=\"\"><\/div><div class=\"container\"><div class=\"row vertical-top\"><div class=\"col-md-12  text-default\" ><p>Die&nbsp;<em>Regionale<\/em>&nbsp;ist ein trinationales Ausstellungsprojekt, das L\u00e4ndergrenzen \u00fcberwindet. Dieses Jahr findet die sechsundzwanzigste Ausgabe der&nbsp;<em>Regionale&nbsp;<\/em>vom 27. November 2025 bis zum 4. Januar 2026 statt. 18 Ausstellungsr\u00e4ume aus der Region Basel, dem Elsass und S\u00fcdbaden pr\u00e4sentieren Werke von fast 200 Kunstschaffenden. Diese setzen sich genre\u00fcbergreifend und auf vielf\u00e4ltige Weise mit brennenden Themen der Gegenwart auseinander. Der neue Projektaufruf wird demn\u00e4chst ver\u00f6ffentlich. K\u00fcnstlerinnen und K\u00fcnstler aus der Oberrheinregion k\u00f6nnen sich vom 1. Mai 2025 bis zum 31. Mai 2025 f\u00fcr eine Teilnahme an der Regionale 26 bewerben.<\/p>\n<p>Mehr Informationen: <a href=\"https:\/\/regionale.org\/\" target=\"_blank\" rel=\"noopener\">https:\/\/regionale.org\/<\/a><\/p>\n<p>Copyright : stylephotographs\u00a9123rf.com<\/p>\n<\/div><\/div><\/div><\/section>\n","protected":false},"excerpt":{"rendered":"Die&nbsp;Regionale&nbsp;ist ein trinationales Ausstellungsprojekt, das L\u00e4ndergrenzen \u00fcberwindet. Dieses Jahr findet die sechsundzwanzigste Ausgabe der&nbsp;Regionale&nbsp;vom 27. November 2025 bis zum 4. Januar 2026 statt. 18 Ausstellungsr\u00e4ume aus der Region Basel, dem Elsass und S\u00fcdbaden pr\u00e4sentieren Werke von fast 200 Kunstschaffenden. Diese setzen sich genre\u00fcbergreifend und auf vielf\u00e4ltige Weise mit brennenden Themen der Gegenwart auseinander. Der neue","protected":false},"author":2,"featured_media":13812,"comment_status":"closed","ping_status":"closed","sticky":false,"template":"","format":"standard","meta":{"ngg_post_thumbnail":0,"footnotes":""},"categories":[10],"tags":[],"class_list":["post-14961","post","type-post","status-publish","format-standard","has-post-thumbnail","hentry","category-neues"],"aioseo_notices":[],"aioseo_head":"\n\t\t<!-- All in One SEO 5.0.1 - aioseo.com -->\n\t<meta name=\"description\" content=\"Die Regionale ist ein trinationales Ausstellungsprojekt, das L\u00e4ndergrenzen \u00fcberwindet. Dieses Jahr findet die sechsundzwanzigste Ausgabe der Regionale vom 27. November 2025 bis zum 4. Januar 2026 statt. 18 Ausstellungsr\u00e4ume aus der Region Basel, dem Elsass und S\u00fcdbaden pr\u00e4sentieren Werke von fast 200 Kunstschaffenden. Diese setzen sich genre\u00fcbergreifend und auf vielf\u00e4ltige Weise mit brennenden Themen der Gegenwart auseinander. Der neue\" \/>\n\t<meta name=\"robots\" content=\"max-image-preview:large\" \/>\n\t<meta name=\"author\" content=\"Julia Schoppe\"\/>\n\t<link rel=\"canonical\" href=\"https:\/\/science.rmtmo.eu\/de\/neues\/neuer-open-call-fuer-kuenstler-innen-regionale\/\" \/>\n\t<meta name=\"generator\" content=\"All in One SEO (AIOSEO) 5.0.1\" \/>\n\t\t<meta property=\"og:locale\" content=\"de_DE\" \/>\n\t\t<meta property=\"og:site_name\" content=\"S\u00e4ule Wissenschaft | Pilier Sciences\" \/>\n\t\t<meta property=\"og:type\" content=\"article\" \/>\n\t\t<meta property=\"og:title\" content=\"Neuer Open Call f\u00fcr K\u00fcnstler.innen: Regionale | S\u00e4ule Wissenschaft\" \/>\n\t\t<meta property=\"og:description\" content=\"Die Regionale ist ein trinationales Ausstellungsprojekt, das L\u00e4ndergrenzen \u00fcberwindet. Dieses Jahr findet die sechsundzwanzigste Ausgabe der Regionale vom 27. November 2025 bis zum 4. Januar 2026 statt. 18 Ausstellungsr\u00e4ume aus der Region Basel, dem Elsass und S\u00fcdbaden pr\u00e4sentieren Werke von fast 200 Kunstschaffenden. Diese setzen sich genre\u00fcbergreifend und auf vielf\u00e4ltige Weise mit brennenden Themen der Gegenwart auseinander. Der neue\" \/>\n\t\t<meta property=\"og:url\" content=\"https:\/\/science.rmtmo.eu\/de\/neues\/neuer-open-call-fuer-kuenstler-innen-regionale\/\" \/>\n\t\t<meta property=\"article:published_time\" content=\"2025-04-15T14:24:58+00:00\" \/>\n\t\t<meta property=\"article:modified_time\" content=\"2026-07-15T07:25:47+00:00\" \/>\n\t\t<meta name=\"twitter:card\" content=\"summary\" \/>\n\t\t<meta name=\"twitter:title\" content=\"Neuer Open Call f\u00fcr K\u00fcnstler.innen: Regionale | S\u00e4ule Wissenschaft\" \/>\n\t\t<meta name=\"twitter:description\" content=\"Die Regionale ist ein trinationales Ausstellungsprojekt, das L\u00e4ndergrenzen \u00fcberwindet. Dieses Jahr findet die sechsundzwanzigste Ausgabe der Regionale vom 27. November 2025 bis zum 4. Januar 2026 statt. 18 Ausstellungsr\u00e4ume aus der Region Basel, dem Elsass und S\u00fcdbaden pr\u00e4sentieren Werke von fast 200 Kunstschaffenden. Diese setzen sich genre\u00fcbergreifend und auf vielf\u00e4ltige Weise mit brennenden Themen der Gegenwart auseinander. Der neue\" \/>\n\t\t<script type=\"application\/ld+json\" class=\"aioseo-schema\">\n\t\t\t{\"@context\":\"https:\\\/\\\/schema.org\",\"@graph\":[{\"@type\":\"Article\",\"@id\":\"https:\\\/\\\/science.rmtmo.eu\\\/de\\\/neues\\\/neuer-open-call-fuer-kuenstler-innen-regionale\\\/#article\",\"name\":\"Neuer Open Call f\\u00fcr K\\u00fcnstler.innen: Regionale | S\\u00e4ule Wissenschaft\",\"headline\":\"Neuer Open Call f\\u00fcr K\\u00fcnstler.innen: Regionale\",\"author\":{\"@id\":\"https:\\\/\\\/science.rmtmo.eu\\\/de\\\/#author\"},\"publisher\":{\"@id\":\"https:\\\/\\\/science.rmtmo.eu\\\/de\\\/#organization\"},\"image\":{\"@type\":\"ImageObject\",\"url\":\"https:\\\/\\\/science.rmtmo.eu\\\/wp-content\\\/uploads\\\/2023\\\/12\\\/stylephotographs\\u00a9123rf_klein.jpg\",\"width\":600,\"height\":225,\"caption\":\"Many heads team as illustration in different bright colors\"},\"datePublished\":\"2025-04-15T16:24:58+02:00\",\"dateModified\":\"2026-07-15T09:25:47+02:00\",\"inLanguage\":\"de-DE\",\"mainEntityOfPage\":{\"@id\":\"https:\\\/\\\/science.rmtmo.eu\\\/de\\\/neues\\\/neuer-open-call-fuer-kuenstler-innen-regionale\\\/#webpage\"},\"isPartOf\":{\"@id\":\"https:\\\/\\\/science.rmtmo.eu\\\/de\\\/neues\\\/neuer-open-call-fuer-kuenstler-innen-regionale\\\/#webpage\"},\"articleSection\":\"Neues, Optional\"},{\"@type\":\"BreadcrumbList\",\"@id\":\"https:\\\/\\\/science.rmtmo.eu\\\/de\\\/neues\\\/neuer-open-call-fuer-kuenstler-innen-regionale\\\/#breadcrumblist\",\"itemListElement\":[{\"@type\":\"ListItem\",\"@id\":\"https:\\\/\\\/science.rmtmo.eu\\\/de\\\/#listItem\",\"position\":1,\"name\":\"Home\",\"item\":\"https:\\\/\\\/science.rmtmo.eu\\\/de\\\/\",\"nextItem\":{\"@type\":\"ListItem\",\"@id\":\"https:\\\/\\\/science.rmtmo.eu\\\/de\\\/category\\\/neues\\\/#listItem\",\"name\":\"Neues\"}},{\"@type\":\"ListItem\",\"@id\":\"https:\\\/\\\/science.rmtmo.eu\\\/de\\\/category\\\/neues\\\/#listItem\",\"position\":2,\"name\":\"Neues\",\"item\":\"https:\\\/\\\/science.rmtmo.eu\\\/de\\\/category\\\/neues\\\/\",\"nextItem\":{\"@type\":\"ListItem\",\"@id\":\"https:\\\/\\\/science.rmtmo.eu\\\/de\\\/neues\\\/neuer-open-call-fuer-kuenstler-innen-regionale\\\/#listItem\",\"name\":\"Neuer Open Call f\\u00fcr K\\u00fcnstler.innen: Regionale\"},\"previousItem\":{\"@type\":\"ListItem\",\"@id\":\"https:\\\/\\\/science.rmtmo.eu\\\/de\\\/#listItem\",\"name\":\"Home\"}},{\"@type\":\"ListItem\",\"@id\":\"https:\\\/\\\/science.rmtmo.eu\\\/de\\\/neues\\\/neuer-open-call-fuer-kuenstler-innen-regionale\\\/#listItem\",\"position\":3,\"name\":\"Neuer Open Call f\\u00fcr K\\u00fcnstler.innen: Regionale\",\"previousItem\":{\"@type\":\"ListItem\",\"@id\":\"https:\\\/\\\/science.rmtmo.eu\\\/de\\\/category\\\/neues\\\/#listItem\",\"name\":\"Neues\"}}]},{\"@type\":\"Organization\",\"@id\":\"https:\\\/\\\/science.rmtmo.eu\\\/de\\\/#organization\",\"name\":\"S\\u00e4ule Wissenschaft\",\"description\":\"Pilier Sciences\",\"url\":\"https:\\\/\\\/science.rmtmo.eu\\\/de\\\/\"},{\"@type\":\"Person\",\"@id\":\"https:\\\/\\\/science.rmtmo.eu\\\/de\\\/#author\",\"url\":\"https:\\\/\\\/science.rmtmo.eu\\\/de\\\/\",\"name\":\"Julia Schoppe\",\"image\":{\"@type\":\"ImageObject\",\"@id\":\"https:\\\/\\\/science.rmtmo.eu\\\/de\\\/neues\\\/neuer-open-call-fuer-kuenstler-innen-regionale\\\/#authorImage\",\"url\":\"https:\\\/\\\/secure.gravatar.com\\\/avatar\\\/a901258a7b8dcf03b30368978e66936d1876b26f972c0de45f958d78752a1f9e?s=96&d=mm&r=g\",\"width\":96,\"height\":96,\"caption\":\"Julia Schoppe\"}},{\"@type\":\"WebPage\",\"@id\":\"https:\\\/\\\/science.rmtmo.eu\\\/de\\\/neues\\\/neuer-open-call-fuer-kuenstler-innen-regionale\\\/#webpage\",\"url\":\"https:\\\/\\\/science.rmtmo.eu\\\/de\\\/neues\\\/neuer-open-call-fuer-kuenstler-innen-regionale\\\/\",\"name\":\"Neuer Open Call f\\u00fcr K\\u00fcnstler.innen: Regionale | S\\u00e4ule Wissenschaft\",\"description\":\"Die Regionale ist ein trinationales Ausstellungsprojekt, das L\\u00e4ndergrenzen \\u00fcberwindet. Dieses Jahr findet die sechsundzwanzigste Ausgabe der Regionale vom 27. November 2025 bis zum 4. Januar 2026 statt. 18 Ausstellungsr\\u00e4ume aus der Region Basel, dem Elsass und S\\u00fcdbaden pr\\u00e4sentieren Werke von fast 200 Kunstschaffenden. Diese setzen sich genre\\u00fcbergreifend und auf vielf\\u00e4ltige Weise mit brennenden Themen der Gegenwart auseinander. Der neue\",\"inLanguage\":\"de-DE\",\"isPartOf\":{\"@id\":\"https:\\\/\\\/science.rmtmo.eu\\\/de\\\/#website\"},\"breadcrumb\":{\"@id\":\"https:\\\/\\\/science.rmtmo.eu\\\/de\\\/neues\\\/neuer-open-call-fuer-kuenstler-innen-regionale\\\/#breadcrumblist\"},\"author\":{\"@id\":\"https:\\\/\\\/science.rmtmo.eu\\\/de\\\/#author\"},\"creator\":{\"@id\":\"https:\\\/\\\/science.rmtmo.eu\\\/de\\\/#author\"},\"image\":{\"@type\":\"ImageObject\",\"url\":\"https:\\\/\\\/science.rmtmo.eu\\\/wp-content\\\/uploads\\\/2023\\\/12\\\/stylephotographs\\u00a9123rf_klein.jpg\",\"@id\":\"https:\\\/\\\/science.rmtmo.eu\\\/de\\\/neues\\\/neuer-open-call-fuer-kuenstler-innen-regionale\\\/#mainImage\",\"width\":600,\"height\":225,\"caption\":\"Many heads team as illustration in different bright colors\"},\"primaryImageOfPage\":{\"@id\":\"https:\\\/\\\/science.rmtmo.eu\\\/de\\\/neues\\\/neuer-open-call-fuer-kuenstler-innen-regionale\\\/#mainImage\"},\"datePublished\":\"2025-04-15T16:24:58+02:00\",\"dateModified\":\"2026-07-15T09:25:47+02:00\"},{\"@type\":\"WebSite\",\"@id\":\"https:\\\/\\\/science.rmtmo.eu\\\/de\\\/#website\",\"url\":\"https:\\\/\\\/science.rmtmo.eu\\\/de\\\/\",\"name\":\"S\\u00e4ule Wissenschaft\",\"description\":\"Pilier Sciences\",\"inLanguage\":\"de-DE\",\"publisher\":{\"@id\":\"https:\\\/\\\/science.rmtmo.eu\\\/de\\\/#organization\"}}]}\n\t\t<\/script>\n\t\t<!-- All in One SEO -->\n\n","aioseo_head_json":{"title":"Neuer Open Call f\u00fcr K\u00fcnstler.innen: Regionale | S\u00e4ule Wissenschaft","description":"Die Regionale ist ein trinationales Ausstellungsprojekt, das L\u00e4ndergrenzen \u00fcberwindet. Dieses Jahr findet die sechsundzwanzigste Ausgabe der Regionale vom 27. November 2025 bis zum 4. Januar 2026 statt. 18 Ausstellungsr\u00e4ume aus der Region Basel, dem Elsass und S\u00fcdbaden pr\u00e4sentieren Werke von fast 200 Kunstschaffenden. Diese setzen sich genre\u00fcbergreifend und auf vielf\u00e4ltige Weise mit brennenden Themen der Gegenwart auseinander. Der neue","canonical_url":"https:\/\/science.rmtmo.eu\/de\/neues\/neuer-open-call-fuer-kuenstler-innen-regionale\/","robots":"max-image-preview:large","keywords":"","webmasterTools":{"miscellaneous":""},"schema":{"@context":"https:\/\/schema.org","@graph":[{"@type":"Article","@id":"https:\/\/science.rmtmo.eu\/de\/neues\/neuer-open-call-fuer-kuenstler-innen-regionale\/#article","name":"Neuer Open Call f\u00fcr K\u00fcnstler.innen: Regionale | S\u00e4ule Wissenschaft","headline":"Neuer Open Call f\u00fcr K\u00fcnstler.innen: Regionale","author":{"@id":"https:\/\/science.rmtmo.eu\/de\/#author"},"publisher":{"@id":"https:\/\/science.rmtmo.eu\/de\/#organization"},"image":{"@type":"ImageObject","url":"https:\/\/science.rmtmo.eu\/wp-content\/uploads\/2023\/12\/stylephotographs\u00a9123rf_klein.jpg","width":600,"height":225,"caption":"Many heads team as illustration in different bright colors"},"datePublished":"2025-04-15T16:24:58+02:00","dateModified":"2026-07-15T09:25:47+02:00","inLanguage":"de-DE","mainEntityOfPage":{"@id":"https:\/\/science.rmtmo.eu\/de\/neues\/neuer-open-call-fuer-kuenstler-innen-regionale\/#webpage"},"isPartOf":{"@id":"https:\/\/science.rmtmo.eu\/de\/neues\/neuer-open-call-fuer-kuenstler-innen-regionale\/#webpage"},"articleSection":"Neues, Optional"},{"@type":"BreadcrumbList","@id":"https:\/\/science.rmtmo.eu\/de\/neues\/neuer-open-call-fuer-kuenstler-innen-regionale\/#breadcrumblist","itemListElement":[{"@type":"ListItem","@id":"https:\/\/science.rmtmo.eu\/de\/#listItem","position":1,"name":"Home","item":"https:\/\/science.rmtmo.eu\/de\/","nextItem":{"@type":"ListItem","@id":"https:\/\/science.rmtmo.eu\/de\/category\/neues\/#listItem","name":"Neues"}},{"@type":"ListItem","@id":"https:\/\/science.rmtmo.eu\/de\/category\/neues\/#listItem","position":2,"name":"Neues","item":"https:\/\/science.rmtmo.eu\/de\/category\/neues\/","nextItem":{"@type":"ListItem","@id":"https:\/\/science.rmtmo.eu\/de\/neues\/neuer-open-call-fuer-kuenstler-innen-regionale\/#listItem","name":"Neuer Open Call f\u00fcr K\u00fcnstler.innen: Regionale"},"previousItem":{"@type":"ListItem","@id":"https:\/\/science.rmtmo.eu\/de\/#listItem","name":"Home"}},{"@type":"ListItem","@id":"https:\/\/science.rmtmo.eu\/de\/neues\/neuer-open-call-fuer-kuenstler-innen-regionale\/#listItem","position":3,"name":"Neuer Open Call f\u00fcr K\u00fcnstler.innen: Regionale","previousItem":{"@type":"ListItem","@id":"https:\/\/science.rmtmo.eu\/de\/category\/neues\/#listItem","name":"Neues"}}]},{"@type":"Organization","@id":"https:\/\/science.rmtmo.eu\/de\/#organization","name":"S\u00e4ule Wissenschaft","description":"Pilier Sciences","url":"https:\/\/science.rmtmo.eu\/de\/"},{"@type":"Person","@id":"https:\/\/science.rmtmo.eu\/de\/#author","url":"https:\/\/science.rmtmo.eu\/de\/","name":"Julia Schoppe","image":{"@type":"ImageObject","@id":"https:\/\/science.rmtmo.eu\/de\/neues\/neuer-open-call-fuer-kuenstler-innen-regionale\/#authorImage","url":"https:\/\/secure.gravatar.com\/avatar\/a901258a7b8dcf03b30368978e66936d1876b26f972c0de45f958d78752a1f9e?s=96&d=mm&r=g","width":96,"height":96,"caption":"Julia Schoppe"}},{"@type":"WebPage","@id":"https:\/\/science.rmtmo.eu\/de\/neues\/neuer-open-call-fuer-kuenstler-innen-regionale\/#webpage","url":"https:\/\/science.rmtmo.eu\/de\/neues\/neuer-open-call-fuer-kuenstler-innen-regionale\/","name":"Neuer Open Call f\u00fcr K\u00fcnstler.innen: Regionale | S\u00e4ule Wissenschaft","description":"Die Regionale ist ein trinationales Ausstellungsprojekt, das L\u00e4ndergrenzen \u00fcberwindet. Dieses Jahr findet die sechsundzwanzigste Ausgabe der Regionale vom 27. November 2025 bis zum 4. Januar 2026 statt. 18 Ausstellungsr\u00e4ume aus der Region Basel, dem Elsass und S\u00fcdbaden pr\u00e4sentieren Werke von fast 200 Kunstschaffenden. Diese setzen sich genre\u00fcbergreifend und auf vielf\u00e4ltige Weise mit brennenden Themen der Gegenwart auseinander. Der neue","inLanguage":"de-DE","isPartOf":{"@id":"https:\/\/science.rmtmo.eu\/de\/#website"},"breadcrumb":{"@id":"https:\/\/science.rmtmo.eu\/de\/neues\/neuer-open-call-fuer-kuenstler-innen-regionale\/#breadcrumblist"},"author":{"@id":"https:\/\/science.rmtmo.eu\/de\/#author"},"creator":{"@id":"https:\/\/science.rmtmo.eu\/de\/#author"},"image":{"@type":"ImageObject","url":"https:\/\/science.rmtmo.eu\/wp-content\/uploads\/2023\/12\/stylephotographs\u00a9123rf_klein.jpg","@id":"https:\/\/science.rmtmo.eu\/de\/neues\/neuer-open-call-fuer-kuenstler-innen-regionale\/#mainImage","width":600,"height":225,"caption":"Many heads team as illustration in different bright colors"},"primaryImageOfPage":{"@id":"https:\/\/science.rmtmo.eu\/de\/neues\/neuer-open-call-fuer-kuenstler-innen-regionale\/#mainImage"},"datePublished":"2025-04-15T16:24:58+02:00","dateModified":"2026-07-15T09:25:47+02:00"},{"@type":"WebSite","@id":"https:\/\/science.rmtmo.eu\/de\/#website","url":"https:\/\/science.rmtmo.eu\/de\/","name":"S\u00e4ule Wissenschaft","description":"Pilier Sciences","inLanguage":"de-DE","publisher":{"@id":"https:\/\/science.rmtmo.eu\/de\/#organization"}}]},"og:locale":"de_DE","og:site_name":"S\u00e4ule Wissenschaft | Pilier Sciences","og:type":"article","og:title":"Neuer Open Call f\u00fcr K\u00fcnstler.innen: Regionale | S\u00e4ule Wissenschaft","og:description":"Die Regionale ist ein trinationales Ausstellungsprojekt, das L\u00e4ndergrenzen \u00fcberwindet. Dieses Jahr findet die sechsundzwanzigste Ausgabe der Regionale vom 27. November 2025 bis zum 4. Januar 2026 statt. 18 Ausstellungsr\u00e4ume aus der Region Basel, dem Elsass und S\u00fcdbaden pr\u00e4sentieren Werke von fast 200 Kunstschaffenden. Diese setzen sich genre\u00fcbergreifend und auf vielf\u00e4ltige Weise mit brennenden Themen der Gegenwart auseinander. Der neue","og:url":"https:\/\/science.rmtmo.eu\/de\/neues\/neuer-open-call-fuer-kuenstler-innen-regionale\/","article:published_time":"2025-04-15T14:24:58+00:00","article:modified_time":"2026-07-15T07:25:47+00:00","twitter:card":"summary","twitter:title":"Neuer Open Call f\u00fcr K\u00fcnstler.innen: Regionale | S\u00e4ule Wissenschaft","twitter:description":"Die Regionale ist ein trinationales Ausstellungsprojekt, das L\u00e4ndergrenzen \u00fcberwindet. Dieses Jahr findet die sechsundzwanzigste Ausgabe der Regionale vom 27. November 2025 bis zum 4. Januar 2026 statt. 18 Ausstellungsr\u00e4ume aus der Region Basel, dem Elsass und S\u00fcdbaden pr\u00e4sentieren Werke von fast 200 Kunstschaffenden. Diese setzen sich genre\u00fcbergreifend und auf vielf\u00e4ltige Weise mit brennenden Themen der Gegenwart auseinander. Der neue"},"aioseo_meta_data":{"post_id":"14961","title":null,"description":null,"keywords":null,"keyphrases":{"focus":{"keyphrase":"","score":0,"analysis":{"keyphraseInTitle":{"score":0,"maxScore":9,"error":1}}},"additional":[]},"primary_term":null,"canonical_url":null,"og_title":null,"og_description":null,"og_object_type":"default","og_image_type":"default","og_image_url":null,"og_image_width":null,"og_image_height":null,"og_image_custom_url":null,"og_image_custom_fields":null,"og_video":"","og_custom_url":null,"og_article_section":null,"og_article_tags":null,"twitter_use_og":false,"twitter_card":"default","twitter_image_type":"default","twitter_image_url":null,"twitter_image_custom_url":null,"twitter_image_custom_fields":null,"twitter_title":null,"twitter_description":null,"schema":{"blockGraphs":[],"customGraphs":[],"default":{"data":{"Article":[],"Course":[],"Dataset":[],"FAQPage":[],"Movie":[],"Person":[],"Product":[],"ProductReview":[],"Car":[],"Recipe":[],"Service":[],"SoftwareApplication":[],"WebPage":[]},"graphName":"Article","isEnabled":true},"graphs":[]},"schema_type":"default","schema_type_options":null,"pillar_content":false,"robots_default":true,"robots_noindex":false,"robots_noarchive":false,"robots_nosnippet":false,"robots_nofollow":false,"robots_noimageindex":false,"robots_noodp":false,"robots_notranslate":false,"robots_max_snippet":"-1","robots_max_videopreview":"-1","robots_max_imagepreview":"large","priority":null,"frequency":"default","local_seo":null,"breadcrumb_settings":null,"limit_modified_date":false,"ai":{"faqs":[],"keyPoints":[],"titles":[],"descriptions":[],"socialPosts":{"email":[],"linkedin":[],"twitter":[],"facebook":[],"instagram":[]}},"created":"2025-04-15 14:19:37","updated":"2026-07-15 07:26:14","focus_keyword":null,"additional_keywords":null,"truseo_locale":null,"seo_analyzer_scan_date":null},"aioseo_breadcrumb":"<div class=\"aioseo-breadcrumbs\"><span class=\"aioseo-breadcrumb\">\n\t\t\t<a href=\"https:\/\/science.rmtmo.eu\/de\/\" title=\"Home\">Home<\/a>\n\t\t<\/span><span class=\"aioseo-breadcrumb-separator\">&raquo;<\/span><span class=\"aioseo-breadcrumb\">\n\t\t\t<a href=\"https:\/\/science.rmtmo.eu\/de\/category\/neues\/\" title=\"Neues\">Neues<\/a>\n\t\t<\/span><span class=\"aioseo-breadcrumb-separator\">&raquo;<\/span><span class=\"aioseo-breadcrumb\">\n\t\t\tNeuer Open Call f\u00fcr K\u00fcnstler.innen: Regionale\n\t\t<\/span><\/div>","aioseo_breadcrumb_json":[{"label":"Home","link":"https:\/\/science.rmtmo.eu\/de\/"},{"label":"Neues","link":"https:\/\/science.rmtmo.eu\/de\/category\/neues\/"},{"label":"Neuer Open Call f\u00fcr K\u00fcnstler.innen: Regionale","link":"https:\/\/science.rmtmo.eu\/de\/neues\/neuer-open-call-fuer-kuenstler-innen-regionale\/"}],"_links":{"self":[{"href":"https:\/\/science.rmtmo.eu\/de\/wp-json\/wp\/v2\/posts\/14961","targetHints":{"allow":["GET"]}}],"collection":[{"href":"https:\/\/science.rmtmo.eu\/de\/wp-json\/wp\/v2\/posts"}],"about":[{"href":"https:\/\/science.rmtmo.eu\/de\/wp-json\/wp\/v2\/types\/post"}],"author":[{"embeddable":true,"href":"https:\/\/science.rmtmo.eu\/de\/wp-json\/wp\/v2\/users\/2"}],"replies":[{"embeddable":true,"href":"https:\/\/science.rmtmo.eu\/de\/wp-json\/wp\/v2\/comments?post=14961"}],"version-history":[{"count":2,"href":"https:\/\/science.rmtmo.eu\/de\/wp-json\/wp\/v2\/posts\/14961\/revisions"}],"predecessor-version":[{"id":16367,"href":"https:\/\/science.rmtmo.eu\/de\/wp-json\/wp\/v2\/posts\/14961\/revisions\/16367"}],"wp:featuredmedia":[{"embeddable":true,"href":"https:\/\/science.rmtmo.eu\/de\/wp-json\/wp\/v2\/media\/13812"}],"wp:attachment":[{"href":"https:\/\/science.rmtmo.eu\/de\/wp-json\/wp\/v2\/media?parent=14961"}],"wp:term":[{"taxonomy":"category","embeddable":true,"href":"https:\/\/science.rmtmo.eu\/de\/wp-json\/wp\/v2\/categories?post=14961"},{"taxonomy":"post_tag","embeddable":true,"href":"https:\/\/science.rmtmo.eu\/de\/wp-json\/wp\/v2\/tags?post=14961"}],"curies":[{"name":"wp","href":"https:\/\/api.w.org\/{rel}","templated":true}]}}