{"id":14630,"date":"2024-11-18T17:21:10","date_gmt":"2024-11-18T16:21:10","guid":{"rendered":"https:\/\/science.rmtmo.eu\/?p=14630"},"modified":"2024-11-18T17:21:10","modified_gmt":"2024-11-18T16:21:10","slug":"europaeische-fachtagung-zur-energiewende-in-strassburg-vom-24-bis-26-juni-aufruf-zur-einreichung-von-beitraegen-bis-zum-27-november-verlaengert","status":"publish","type":"post","link":"https:\/\/science.rmtmo.eu\/de\/neues\/europaeische-fachtagung-zur-energiewende-in-strassburg-vom-24-bis-26-juni-aufruf-zur-einreichung-von-beitraegen-bis-zum-27-november-verlaengert\/","title":{"rendered":"Europ\u00e4ische Fachtagung zur Energiewende in Stra\u00dfburg vom 24. bis 26. Juni: Aufruf zur Einreichung von Beitr\u00e4gen bis zum 27. November verl\u00e4ngert."},"content":{"rendered":"<p>Die Assises Europ\u00e9ennes de la Transition Energ\u00e9tique sind seit 1999 ein unumg\u00e4ngliches j\u00e4hrliches Treffen der Akteure, die sich f\u00fcr die Energiewende in den Regionen engagieren. Jedes Jahr kommen mehr als 3500 Teilnehmer &#8211; Gebietsk\u00f6rperschaften, Wissenschaftler und Experten f\u00fcr den \u00f6kologischen Wandel, Wirtschafts- und Vereinsakteure, Studenten &#8211; zu drei Tagen voller Debatten und Begegnungen zusammen. Auf dem Programm stehen mehr als 150 Termine: Plenarsitzungen, runde Tische, Interviews, Erfahrungsberichte, Workshops oder auch Standortbesichtigungen, um sich zu treffen, auszutauschen, zu teilen und Inspirationen zu tanken.<!--more--><br \/>\nOb Forschende, Techniker.in,&nbsp; B\u00fcrger.in, Akademiker.in, Mitglieder eines Vereins, einer NGO oder einer lokalen Energieagentur, Unternehmer oder Ingenieure &#8211; alle Akteure der Energiewende sind aufgerufen, sich an dem bis zum 27. November ge\u00f6ffneten Aufruf zur Einreichung von Beitr\u00e4gen zu beteiligen.<br \/>\nStra\u00dfburg, die europ\u00e4ische und grenz\u00fcberschreitende Hauptstadt, m\u00f6chte den Beitr\u00e4gen aus den Partnerregionen am Oberrhein einen besonderen Stellenwert einr\u00e4umen. Grenz\u00fcberschreitende Projekte und Initiativen k\u00f6nnen einen Vorschlag einreichen, die Dokumente sind in deutscher Sprache verf\u00fcgbar.<br \/>\nWeitere Informationen: <a href=\"https: \/\/assises-energie.org\/ressources\/\">https: \/\/assises-energie.org\/ressources\/<\/a><\/p>\n<p>&nbsp;<\/p>\n","protected":false},"excerpt":{"rendered":"<p>Die Assises Europ\u00e9ennes de la Transition Energ\u00e9tique sind seit 1999 ein unumg\u00e4ngliches j\u00e4hrliches Treffen der Akteure, die sich f\u00fcr die Energiewende in den Regionen engagieren. Jedes Jahr kommen mehr als 3500 Teilnehmer &#8211; Gebietsk\u00f6rperschaften, Wissenschaftler und Experten f\u00fcr den \u00f6kologischen Wandel, Wirtschafts- und Vereinsakteure, Studenten &#8211; zu drei Tagen voller Debatten und Begegnungen zusammen. Auf<\/p>\n","protected":false},"author":2,"featured_media":14631,"comment_status":"closed","ping_status":"closed","sticky":false,"template":"","format":"standard","meta":{"ngg_post_thumbnail":0,"footnotes":""},"categories":[10],"tags":[],"class_list":["post-14630","post","type-post","status-publish","format-standard","has-post-thumbnail","hentry","category-neues"],"aioseo_notices":[],"aioseo_head":"\n\t\t<!-- All in One SEO 5.0.1 - aioseo.com -->\n\t<meta name=\"description\" content=\"Die Assises Europ\u00e9ennes de la Transition Energ\u00e9tique sind seit 1999 ein unumg\u00e4ngliches j\u00e4hrliches Treffen der Akteure, die sich f\u00fcr die Energiewende in den Regionen engagieren. Jedes Jahr kommen mehr als 3500 Teilnehmer - Gebietsk\u00f6rperschaften, Wissenschaftler und Experten f\u00fcr den \u00f6kologischen Wandel, Wirtschafts- und Vereinsakteure, Studenten - zu drei Tagen voller Debatten und Begegnungen zusammen. Auf\" \/>\n\t<meta name=\"robots\" content=\"max-image-preview:large\" \/>\n\t<meta name=\"author\" content=\"Julia Schoppe\"\/>\n\t<link rel=\"canonical\" href=\"https:\/\/science.rmtmo.eu\/de\/neues\/europaeische-fachtagung-zur-energiewende-in-strassburg-vom-24-bis-26-juni-aufruf-zur-einreichung-von-beitraegen-bis-zum-27-november-verlaengert\/\" \/>\n\t<meta name=\"generator\" content=\"All in One SEO (AIOSEO) 5.0.1\" \/>\n\t\t<meta property=\"og:locale\" content=\"de_DE\" \/>\n\t\t<meta property=\"og:site_name\" content=\"S\u00e4ule Wissenschaft | Pilier Sciences\" \/>\n\t\t<meta property=\"og:type\" content=\"article\" \/>\n\t\t<meta property=\"og:title\" content=\"Europ\u00e4ische Fachtagung zur Energiewende in Stra\u00dfburg vom 24. bis 26. Juni: Aufruf zur Einreichung von Beitr\u00e4gen bis zum 27. November verl\u00e4ngert. | S\u00e4ule Wissenschaft\" \/>\n\t\t<meta property=\"og:description\" content=\"Die Assises Europ\u00e9ennes de la Transition Energ\u00e9tique sind seit 1999 ein unumg\u00e4ngliches j\u00e4hrliches Treffen der Akteure, die sich f\u00fcr die Energiewende in den Regionen engagieren. Jedes Jahr kommen mehr als 3500 Teilnehmer - Gebietsk\u00f6rperschaften, Wissenschaftler und Experten f\u00fcr den \u00f6kologischen Wandel, Wirtschafts- und Vereinsakteure, Studenten - zu drei Tagen voller Debatten und Begegnungen zusammen. Auf\" \/>\n\t\t<meta property=\"og:url\" content=\"https:\/\/science.rmtmo.eu\/de\/neues\/europaeische-fachtagung-zur-energiewende-in-strassburg-vom-24-bis-26-juni-aufruf-zur-einreichung-von-beitraegen-bis-zum-27-november-verlaengert\/\" \/>\n\t\t<meta property=\"article:published_time\" content=\"2024-11-18T16:21:10+00:00\" \/>\n\t\t<meta property=\"article:modified_time\" content=\"2024-11-18T16:21:10+00:00\" \/>\n\t\t<meta name=\"twitter:card\" content=\"summary\" \/>\n\t\t<meta name=\"twitter:title\" content=\"Europ\u00e4ische Fachtagung zur Energiewende in Stra\u00dfburg vom 24. bis 26. Juni: Aufruf zur Einreichung von Beitr\u00e4gen bis zum 27. November verl\u00e4ngert. | S\u00e4ule Wissenschaft\" \/>\n\t\t<meta name=\"twitter:description\" content=\"Die Assises Europ\u00e9ennes de la Transition Energ\u00e9tique sind seit 1999 ein unumg\u00e4ngliches j\u00e4hrliches Treffen der Akteure, die sich f\u00fcr die Energiewende in den Regionen engagieren. Jedes Jahr kommen mehr als 3500 Teilnehmer - Gebietsk\u00f6rperschaften, Wissenschaftler und Experten f\u00fcr den \u00f6kologischen Wandel, Wirtschafts- und Vereinsakteure, Studenten - zu drei Tagen voller Debatten und Begegnungen zusammen. Auf\" \/>\n\t\t<script type=\"application\/ld+json\" class=\"aioseo-schema\">\n\t\t\t{\"@context\":\"https:\\\/\\\/schema.org\",\"@graph\":[{\"@type\":\"Article\",\"@id\":\"https:\\\/\\\/science.rmtmo.eu\\\/de\\\/neues\\\/europaeische-fachtagung-zur-energiewende-in-strassburg-vom-24-bis-26-juni-aufruf-zur-einreichung-von-beitraegen-bis-zum-27-november-verlaengert\\\/#article\",\"name\":\"Europ\\u00e4ische Fachtagung zur Energiewende in Stra\\u00dfburg vom 24. bis 26. Juni: Aufruf zur Einreichung von Beitr\\u00e4gen bis zum 27. November verl\\u00e4ngert. | S\\u00e4ule Wissenschaft\",\"headline\":\"Europ\\u00e4ische Fachtagung zur Energiewende in Stra\\u00dfburg vom 24. bis 26. Juni: Aufruf zur Einreichung von Beitr\\u00e4gen bis zum 27. November verl\\u00e4ngert.\",\"author\":{\"@id\":\"https:\\\/\\\/science.rmtmo.eu\\\/de\\\/#author\"},\"publisher\":{\"@id\":\"https:\\\/\\\/science.rmtmo.eu\\\/de\\\/#organization\"},\"image\":{\"@type\":\"ImageObject\",\"url\":\"https:\\\/\\\/science.rmtmo.eu\\\/wp-content\\\/uploads\\\/2024\\\/11\\\/visuel-AETE-web-banner-strasbourg-1.jpg\",\"width\":2140,\"height\":1156},\"datePublished\":\"2024-11-18T17:21:10+01:00\",\"dateModified\":\"2024-11-18T17:21:10+01:00\",\"inLanguage\":\"de-DE\",\"mainEntityOfPage\":{\"@id\":\"https:\\\/\\\/science.rmtmo.eu\\\/de\\\/neues\\\/europaeische-fachtagung-zur-energiewende-in-strassburg-vom-24-bis-26-juni-aufruf-zur-einreichung-von-beitraegen-bis-zum-27-november-verlaengert\\\/#webpage\"},\"isPartOf\":{\"@id\":\"https:\\\/\\\/science.rmtmo.eu\\\/de\\\/neues\\\/europaeische-fachtagung-zur-energiewende-in-strassburg-vom-24-bis-26-juni-aufruf-zur-einreichung-von-beitraegen-bis-zum-27-november-verlaengert\\\/#webpage\"},\"articleSection\":\"Neues, Optional\"},{\"@type\":\"BreadcrumbList\",\"@id\":\"https:\\\/\\\/science.rmtmo.eu\\\/de\\\/neues\\\/europaeische-fachtagung-zur-energiewende-in-strassburg-vom-24-bis-26-juni-aufruf-zur-einreichung-von-beitraegen-bis-zum-27-november-verlaengert\\\/#breadcrumblist\",\"itemListElement\":[{\"@type\":\"ListItem\",\"@id\":\"https:\\\/\\\/science.rmtmo.eu\\\/de\\\/#listItem\",\"position\":1,\"name\":\"Home\",\"item\":\"https:\\\/\\\/science.rmtmo.eu\\\/de\\\/\",\"nextItem\":{\"@type\":\"ListItem\",\"@id\":\"https:\\\/\\\/science.rmtmo.eu\\\/de\\\/category\\\/neues\\\/#listItem\",\"name\":\"Neues\"}},{\"@type\":\"ListItem\",\"@id\":\"https:\\\/\\\/science.rmtmo.eu\\\/de\\\/category\\\/neues\\\/#listItem\",\"position\":2,\"name\":\"Neues\",\"item\":\"https:\\\/\\\/science.rmtmo.eu\\\/de\\\/category\\\/neues\\\/\",\"nextItem\":{\"@type\":\"ListItem\",\"@id\":\"https:\\\/\\\/science.rmtmo.eu\\\/de\\\/neues\\\/europaeische-fachtagung-zur-energiewende-in-strassburg-vom-24-bis-26-juni-aufruf-zur-einreichung-von-beitraegen-bis-zum-27-november-verlaengert\\\/#listItem\",\"name\":\"Europ\\u00e4ische Fachtagung zur Energiewende in Stra\\u00dfburg vom 24. bis 26. Juni: Aufruf zur Einreichung von Beitr\\u00e4gen bis zum 27. November verl\\u00e4ngert.\"},\"previousItem\":{\"@type\":\"ListItem\",\"@id\":\"https:\\\/\\\/science.rmtmo.eu\\\/de\\\/#listItem\",\"name\":\"Home\"}},{\"@type\":\"ListItem\",\"@id\":\"https:\\\/\\\/science.rmtmo.eu\\\/de\\\/neues\\\/europaeische-fachtagung-zur-energiewende-in-strassburg-vom-24-bis-26-juni-aufruf-zur-einreichung-von-beitraegen-bis-zum-27-november-verlaengert\\\/#listItem\",\"position\":3,\"name\":\"Europ\\u00e4ische Fachtagung zur Energiewende in Stra\\u00dfburg vom 24. bis 26. Juni: Aufruf zur Einreichung von Beitr\\u00e4gen bis zum 27. November verl\\u00e4ngert.\",\"previousItem\":{\"@type\":\"ListItem\",\"@id\":\"https:\\\/\\\/science.rmtmo.eu\\\/de\\\/category\\\/neues\\\/#listItem\",\"name\":\"Neues\"}}]},{\"@type\":\"Organization\",\"@id\":\"https:\\\/\\\/science.rmtmo.eu\\\/de\\\/#organization\",\"name\":\"S\\u00e4ule Wissenschaft\",\"description\":\"Pilier Sciences\",\"url\":\"https:\\\/\\\/science.rmtmo.eu\\\/de\\\/\"},{\"@type\":\"Person\",\"@id\":\"https:\\\/\\\/science.rmtmo.eu\\\/de\\\/#author\",\"url\":\"https:\\\/\\\/science.rmtmo.eu\\\/de\\\/\",\"name\":\"Julia Schoppe\",\"image\":{\"@type\":\"ImageObject\",\"@id\":\"https:\\\/\\\/science.rmtmo.eu\\\/de\\\/neues\\\/europaeische-fachtagung-zur-energiewende-in-strassburg-vom-24-bis-26-juni-aufruf-zur-einreichung-von-beitraegen-bis-zum-27-november-verlaengert\\\/#authorImage\",\"url\":\"https:\\\/\\\/secure.gravatar.com\\\/avatar\\\/a901258a7b8dcf03b30368978e66936d1876b26f972c0de45f958d78752a1f9e?s=96&d=mm&r=g\",\"width\":96,\"height\":96,\"caption\":\"Julia Schoppe\"}},{\"@type\":\"WebPage\",\"@id\":\"https:\\\/\\\/science.rmtmo.eu\\\/de\\\/neues\\\/europaeische-fachtagung-zur-energiewende-in-strassburg-vom-24-bis-26-juni-aufruf-zur-einreichung-von-beitraegen-bis-zum-27-november-verlaengert\\\/#webpage\",\"url\":\"https:\\\/\\\/science.rmtmo.eu\\\/de\\\/neues\\\/europaeische-fachtagung-zur-energiewende-in-strassburg-vom-24-bis-26-juni-aufruf-zur-einreichung-von-beitraegen-bis-zum-27-november-verlaengert\\\/\",\"name\":\"Europ\\u00e4ische Fachtagung zur Energiewende in Stra\\u00dfburg vom 24. bis 26. Juni: Aufruf zur Einreichung von Beitr\\u00e4gen bis zum 27. November verl\\u00e4ngert. | S\\u00e4ule Wissenschaft\",\"description\":\"Die Assises Europ\\u00e9ennes de la Transition Energ\\u00e9tique sind seit 1999 ein unumg\\u00e4ngliches j\\u00e4hrliches Treffen der Akteure, die sich f\\u00fcr die Energiewende in den Regionen engagieren. Jedes Jahr kommen mehr als 3500 Teilnehmer - Gebietsk\\u00f6rperschaften, Wissenschaftler und Experten f\\u00fcr den \\u00f6kologischen Wandel, Wirtschafts- und Vereinsakteure, Studenten - zu drei Tagen voller Debatten und Begegnungen zusammen. Auf\",\"inLanguage\":\"de-DE\",\"isPartOf\":{\"@id\":\"https:\\\/\\\/science.rmtmo.eu\\\/de\\\/#website\"},\"breadcrumb\":{\"@id\":\"https:\\\/\\\/science.rmtmo.eu\\\/de\\\/neues\\\/europaeische-fachtagung-zur-energiewende-in-strassburg-vom-24-bis-26-juni-aufruf-zur-einreichung-von-beitraegen-bis-zum-27-november-verlaengert\\\/#breadcrumblist\"},\"author\":{\"@id\":\"https:\\\/\\\/science.rmtmo.eu\\\/de\\\/#author\"},\"creator\":{\"@id\":\"https:\\\/\\\/science.rmtmo.eu\\\/de\\\/#author\"},\"image\":{\"@type\":\"ImageObject\",\"url\":\"https:\\\/\\\/science.rmtmo.eu\\\/wp-content\\\/uploads\\\/2024\\\/11\\\/visuel-AETE-web-banner-strasbourg-1.jpg\",\"@id\":\"https:\\\/\\\/science.rmtmo.eu\\\/de\\\/neues\\\/europaeische-fachtagung-zur-energiewende-in-strassburg-vom-24-bis-26-juni-aufruf-zur-einreichung-von-beitraegen-bis-zum-27-november-verlaengert\\\/#mainImage\",\"width\":2140,\"height\":1156},\"primaryImageOfPage\":{\"@id\":\"https:\\\/\\\/science.rmtmo.eu\\\/de\\\/neues\\\/europaeische-fachtagung-zur-energiewende-in-strassburg-vom-24-bis-26-juni-aufruf-zur-einreichung-von-beitraegen-bis-zum-27-november-verlaengert\\\/#mainImage\"},\"datePublished\":\"2024-11-18T17:21:10+01:00\",\"dateModified\":\"2024-11-18T17:21:10+01:00\"},{\"@type\":\"WebSite\",\"@id\":\"https:\\\/\\\/science.rmtmo.eu\\\/de\\\/#website\",\"url\":\"https:\\\/\\\/science.rmtmo.eu\\\/de\\\/\",\"name\":\"S\\u00e4ule Wissenschaft\",\"description\":\"Pilier Sciences\",\"inLanguage\":\"de-DE\",\"publisher\":{\"@id\":\"https:\\\/\\\/science.rmtmo.eu\\\/de\\\/#organization\"}}]}\n\t\t<\/script>\n\t\t<!-- All in One SEO -->\n\n","aioseo_head_json":{"title":"Europ\u00e4ische Fachtagung zur Energiewende in Stra\u00dfburg vom 24. bis 26. Juni: Aufruf zur Einreichung von Beitr\u00e4gen bis zum 27. November verl\u00e4ngert. | S\u00e4ule Wissenschaft","description":"Die Assises Europ\u00e9ennes de la Transition Energ\u00e9tique sind seit 1999 ein unumg\u00e4ngliches j\u00e4hrliches Treffen der Akteure, die sich f\u00fcr die Energiewende in den Regionen engagieren. Jedes Jahr kommen mehr als 3500 Teilnehmer - Gebietsk\u00f6rperschaften, Wissenschaftler und Experten f\u00fcr den \u00f6kologischen Wandel, Wirtschafts- und Vereinsakteure, Studenten - zu drei Tagen voller Debatten und Begegnungen zusammen. Auf","canonical_url":"https:\/\/science.rmtmo.eu\/de\/neues\/europaeische-fachtagung-zur-energiewende-in-strassburg-vom-24-bis-26-juni-aufruf-zur-einreichung-von-beitraegen-bis-zum-27-november-verlaengert\/","robots":"max-image-preview:large","keywords":"","webmasterTools":{"miscellaneous":""},"schema":{"@context":"https:\/\/schema.org","@graph":[{"@type":"Article","@id":"https:\/\/science.rmtmo.eu\/de\/neues\/europaeische-fachtagung-zur-energiewende-in-strassburg-vom-24-bis-26-juni-aufruf-zur-einreichung-von-beitraegen-bis-zum-27-november-verlaengert\/#article","name":"Europ\u00e4ische Fachtagung zur Energiewende in Stra\u00dfburg vom 24. bis 26. Juni: Aufruf zur Einreichung von Beitr\u00e4gen bis zum 27. November verl\u00e4ngert. | S\u00e4ule Wissenschaft","headline":"Europ\u00e4ische Fachtagung zur Energiewende in Stra\u00dfburg vom 24. bis 26. Juni: Aufruf zur Einreichung von Beitr\u00e4gen bis zum 27. November verl\u00e4ngert.","author":{"@id":"https:\/\/science.rmtmo.eu\/de\/#author"},"publisher":{"@id":"https:\/\/science.rmtmo.eu\/de\/#organization"},"image":{"@type":"ImageObject","url":"https:\/\/science.rmtmo.eu\/wp-content\/uploads\/2024\/11\/visuel-AETE-web-banner-strasbourg-1.jpg","width":2140,"height":1156},"datePublished":"2024-11-18T17:21:10+01:00","dateModified":"2024-11-18T17:21:10+01:00","inLanguage":"de-DE","mainEntityOfPage":{"@id":"https:\/\/science.rmtmo.eu\/de\/neues\/europaeische-fachtagung-zur-energiewende-in-strassburg-vom-24-bis-26-juni-aufruf-zur-einreichung-von-beitraegen-bis-zum-27-november-verlaengert\/#webpage"},"isPartOf":{"@id":"https:\/\/science.rmtmo.eu\/de\/neues\/europaeische-fachtagung-zur-energiewende-in-strassburg-vom-24-bis-26-juni-aufruf-zur-einreichung-von-beitraegen-bis-zum-27-november-verlaengert\/#webpage"},"articleSection":"Neues, Optional"},{"@type":"BreadcrumbList","@id":"https:\/\/science.rmtmo.eu\/de\/neues\/europaeische-fachtagung-zur-energiewende-in-strassburg-vom-24-bis-26-juni-aufruf-zur-einreichung-von-beitraegen-bis-zum-27-november-verlaengert\/#breadcrumblist","itemListElement":[{"@type":"ListItem","@id":"https:\/\/science.rmtmo.eu\/de\/#listItem","position":1,"name":"Home","item":"https:\/\/science.rmtmo.eu\/de\/","nextItem":{"@type":"ListItem","@id":"https:\/\/science.rmtmo.eu\/de\/category\/neues\/#listItem","name":"Neues"}},{"@type":"ListItem","@id":"https:\/\/science.rmtmo.eu\/de\/category\/neues\/#listItem","position":2,"name":"Neues","item":"https:\/\/science.rmtmo.eu\/de\/category\/neues\/","nextItem":{"@type":"ListItem","@id":"https:\/\/science.rmtmo.eu\/de\/neues\/europaeische-fachtagung-zur-energiewende-in-strassburg-vom-24-bis-26-juni-aufruf-zur-einreichung-von-beitraegen-bis-zum-27-november-verlaengert\/#listItem","name":"Europ\u00e4ische Fachtagung zur Energiewende in Stra\u00dfburg vom 24. bis 26. Juni: Aufruf zur Einreichung von Beitr\u00e4gen bis zum 27. November verl\u00e4ngert."},"previousItem":{"@type":"ListItem","@id":"https:\/\/science.rmtmo.eu\/de\/#listItem","name":"Home"}},{"@type":"ListItem","@id":"https:\/\/science.rmtmo.eu\/de\/neues\/europaeische-fachtagung-zur-energiewende-in-strassburg-vom-24-bis-26-juni-aufruf-zur-einreichung-von-beitraegen-bis-zum-27-november-verlaengert\/#listItem","position":3,"name":"Europ\u00e4ische Fachtagung zur Energiewende in Stra\u00dfburg vom 24. bis 26. Juni: Aufruf zur Einreichung von Beitr\u00e4gen bis zum 27. November verl\u00e4ngert.","previousItem":{"@type":"ListItem","@id":"https:\/\/science.rmtmo.eu\/de\/category\/neues\/#listItem","name":"Neues"}}]},{"@type":"Organization","@id":"https:\/\/science.rmtmo.eu\/de\/#organization","name":"S\u00e4ule Wissenschaft","description":"Pilier Sciences","url":"https:\/\/science.rmtmo.eu\/de\/"},{"@type":"Person","@id":"https:\/\/science.rmtmo.eu\/de\/#author","url":"https:\/\/science.rmtmo.eu\/de\/","name":"Julia Schoppe","image":{"@type":"ImageObject","@id":"https:\/\/science.rmtmo.eu\/de\/neues\/europaeische-fachtagung-zur-energiewende-in-strassburg-vom-24-bis-26-juni-aufruf-zur-einreichung-von-beitraegen-bis-zum-27-november-verlaengert\/#authorImage","url":"https:\/\/secure.gravatar.com\/avatar\/a901258a7b8dcf03b30368978e66936d1876b26f972c0de45f958d78752a1f9e?s=96&d=mm&r=g","width":96,"height":96,"caption":"Julia Schoppe"}},{"@type":"WebPage","@id":"https:\/\/science.rmtmo.eu\/de\/neues\/europaeische-fachtagung-zur-energiewende-in-strassburg-vom-24-bis-26-juni-aufruf-zur-einreichung-von-beitraegen-bis-zum-27-november-verlaengert\/#webpage","url":"https:\/\/science.rmtmo.eu\/de\/neues\/europaeische-fachtagung-zur-energiewende-in-strassburg-vom-24-bis-26-juni-aufruf-zur-einreichung-von-beitraegen-bis-zum-27-november-verlaengert\/","name":"Europ\u00e4ische Fachtagung zur Energiewende in Stra\u00dfburg vom 24. bis 26. Juni: Aufruf zur Einreichung von Beitr\u00e4gen bis zum 27. November verl\u00e4ngert. | S\u00e4ule Wissenschaft","description":"Die Assises Europ\u00e9ennes de la Transition Energ\u00e9tique sind seit 1999 ein unumg\u00e4ngliches j\u00e4hrliches Treffen der Akteure, die sich f\u00fcr die Energiewende in den Regionen engagieren. Jedes Jahr kommen mehr als 3500 Teilnehmer - Gebietsk\u00f6rperschaften, Wissenschaftler und Experten f\u00fcr den \u00f6kologischen Wandel, Wirtschafts- und Vereinsakteure, Studenten - zu drei Tagen voller Debatten und Begegnungen zusammen. Auf","inLanguage":"de-DE","isPartOf":{"@id":"https:\/\/science.rmtmo.eu\/de\/#website"},"breadcrumb":{"@id":"https:\/\/science.rmtmo.eu\/de\/neues\/europaeische-fachtagung-zur-energiewende-in-strassburg-vom-24-bis-26-juni-aufruf-zur-einreichung-von-beitraegen-bis-zum-27-november-verlaengert\/#breadcrumblist"},"author":{"@id":"https:\/\/science.rmtmo.eu\/de\/#author"},"creator":{"@id":"https:\/\/science.rmtmo.eu\/de\/#author"},"image":{"@type":"ImageObject","url":"https:\/\/science.rmtmo.eu\/wp-content\/uploads\/2024\/11\/visuel-AETE-web-banner-strasbourg-1.jpg","@id":"https:\/\/science.rmtmo.eu\/de\/neues\/europaeische-fachtagung-zur-energiewende-in-strassburg-vom-24-bis-26-juni-aufruf-zur-einreichung-von-beitraegen-bis-zum-27-november-verlaengert\/#mainImage","width":2140,"height":1156},"primaryImageOfPage":{"@id":"https:\/\/science.rmtmo.eu\/de\/neues\/europaeische-fachtagung-zur-energiewende-in-strassburg-vom-24-bis-26-juni-aufruf-zur-einreichung-von-beitraegen-bis-zum-27-november-verlaengert\/#mainImage"},"datePublished":"2024-11-18T17:21:10+01:00","dateModified":"2024-11-18T17:21:10+01:00"},{"@type":"WebSite","@id":"https:\/\/science.rmtmo.eu\/de\/#website","url":"https:\/\/science.rmtmo.eu\/de\/","name":"S\u00e4ule Wissenschaft","description":"Pilier Sciences","inLanguage":"de-DE","publisher":{"@id":"https:\/\/science.rmtmo.eu\/de\/#organization"}}]},"og:locale":"de_DE","og:site_name":"S\u00e4ule Wissenschaft | Pilier Sciences","og:type":"article","og:title":"Europ\u00e4ische Fachtagung zur Energiewende in Stra\u00dfburg vom 24. bis 26. Juni: Aufruf zur Einreichung von Beitr\u00e4gen bis zum 27. November verl\u00e4ngert. | S\u00e4ule Wissenschaft","og:description":"Die Assises Europ\u00e9ennes de la Transition Energ\u00e9tique sind seit 1999 ein unumg\u00e4ngliches j\u00e4hrliches Treffen der Akteure, die sich f\u00fcr die Energiewende in den Regionen engagieren. Jedes Jahr kommen mehr als 3500 Teilnehmer - Gebietsk\u00f6rperschaften, Wissenschaftler und Experten f\u00fcr den \u00f6kologischen Wandel, Wirtschafts- und Vereinsakteure, Studenten - zu drei Tagen voller Debatten und Begegnungen zusammen. Auf","og:url":"https:\/\/science.rmtmo.eu\/de\/neues\/europaeische-fachtagung-zur-energiewende-in-strassburg-vom-24-bis-26-juni-aufruf-zur-einreichung-von-beitraegen-bis-zum-27-november-verlaengert\/","article:published_time":"2024-11-18T16:21:10+00:00","article:modified_time":"2024-11-18T16:21:10+00:00","twitter:card":"summary","twitter:title":"Europ\u00e4ische Fachtagung zur Energiewende in Stra\u00dfburg vom 24. bis 26. Juni: Aufruf zur Einreichung von Beitr\u00e4gen bis zum 27. November verl\u00e4ngert. | S\u00e4ule Wissenschaft","twitter:description":"Die Assises Europ\u00e9ennes de la Transition Energ\u00e9tique sind seit 1999 ein unumg\u00e4ngliches j\u00e4hrliches Treffen der Akteure, die sich f\u00fcr die Energiewende in den Regionen engagieren. Jedes Jahr kommen mehr als 3500 Teilnehmer - Gebietsk\u00f6rperschaften, Wissenschaftler und Experten f\u00fcr den \u00f6kologischen Wandel, Wirtschafts- und Vereinsakteure, Studenten - zu drei Tagen voller Debatten und Begegnungen zusammen. Auf"},"aioseo_meta_data":{"post_id":"14630","title":null,"description":null,"keywords":null,"keyphrases":{"focus":{"keyphrase":"","score":0,"analysis":{"keyphraseInTitle":{"score":0,"maxScore":9,"error":1}}},"additional":[]},"primary_term":null,"canonical_url":null,"og_title":null,"og_description":null,"og_object_type":"default","og_image_type":"default","og_image_url":null,"og_image_width":null,"og_image_height":null,"og_image_custom_url":null,"og_image_custom_fields":null,"og_video":"","og_custom_url":null,"og_article_section":null,"og_article_tags":null,"twitter_use_og":false,"twitter_card":"default","twitter_image_type":"default","twitter_image_url":null,"twitter_image_custom_url":null,"twitter_image_custom_fields":null,"twitter_title":null,"twitter_description":null,"schema":{"blockGraphs":[],"customGraphs":[],"default":{"data":{"Article":[],"Course":[],"Dataset":[],"FAQPage":[],"Movie":[],"Person":[],"Product":[],"ProductReview":[],"Car":[],"Recipe":[],"Service":[],"SoftwareApplication":[],"WebPage":[]},"graphName":"Article","isEnabled":true},"graphs":[]},"schema_type":"default","schema_type_options":null,"pillar_content":false,"robots_default":true,"robots_noindex":false,"robots_noarchive":false,"robots_nosnippet":false,"robots_nofollow":false,"robots_noimageindex":false,"robots_noodp":false,"robots_notranslate":false,"robots_max_snippet":"-1","robots_max_videopreview":"-1","robots_max_imagepreview":"large","priority":null,"frequency":"default","local_seo":null,"breadcrumb_settings":null,"limit_modified_date":false,"ai":null,"created":"2024-11-18 16:16:00","updated":"2025-07-09 01:42:22","focus_keyword":null,"additional_keywords":null,"truseo_locale":null,"seo_analyzer_scan_date":null},"aioseo_breadcrumb":"<div class=\"aioseo-breadcrumbs\"><span class=\"aioseo-breadcrumb\">\n\t\t\t<a href=\"https:\/\/science.rmtmo.eu\/de\/\" title=\"Home\">Home<\/a>\n\t\t<\/span><span class=\"aioseo-breadcrumb-separator\">&raquo;<\/span><span class=\"aioseo-breadcrumb\">\n\t\t\t<a href=\"https:\/\/science.rmtmo.eu\/de\/category\/neues\/\" title=\"Neues\">Neues<\/a>\n\t\t<\/span><span class=\"aioseo-breadcrumb-separator\">&raquo;<\/span><span class=\"aioseo-breadcrumb\">\n\t\t\tEurop\u00e4ische Fachtagung zur Energiewende in Stra\u00dfburg vom 24. bis 26. Juni: Aufruf zur Einreichung von Beitr\u00e4gen bis zum 27. November verl\u00e4ngert.\n\t\t<\/span><\/div>","aioseo_breadcrumb_json":[{"label":"Home","link":"https:\/\/science.rmtmo.eu\/de\/"},{"label":"Neues","link":"https:\/\/science.rmtmo.eu\/de\/category\/neues\/"},{"label":"Europ\u00e4ische Fachtagung zur Energiewende in Stra\u00dfburg vom 24. bis 26. Juni: Aufruf zur Einreichung von Beitr\u00e4gen bis zum 27. November verl\u00e4ngert.","link":"https:\/\/science.rmtmo.eu\/de\/neues\/europaeische-fachtagung-zur-energiewende-in-strassburg-vom-24-bis-26-juni-aufruf-zur-einreichung-von-beitraegen-bis-zum-27-november-verlaengert\/"}],"_links":{"self":[{"href":"https:\/\/science.rmtmo.eu\/de\/wp-json\/wp\/v2\/posts\/14630","targetHints":{"allow":["GET"]}}],"collection":[{"href":"https:\/\/science.rmtmo.eu\/de\/wp-json\/wp\/v2\/posts"}],"about":[{"href":"https:\/\/science.rmtmo.eu\/de\/wp-json\/wp\/v2\/types\/post"}],"author":[{"embeddable":true,"href":"https:\/\/science.rmtmo.eu\/de\/wp-json\/wp\/v2\/users\/2"}],"replies":[{"embeddable":true,"href":"https:\/\/science.rmtmo.eu\/de\/wp-json\/wp\/v2\/comments?post=14630"}],"version-history":[{"count":1,"href":"https:\/\/science.rmtmo.eu\/de\/wp-json\/wp\/v2\/posts\/14630\/revisions"}],"predecessor-version":[{"id":14634,"href":"https:\/\/science.rmtmo.eu\/de\/wp-json\/wp\/v2\/posts\/14630\/revisions\/14634"}],"wp:featuredmedia":[{"embeddable":true,"href":"https:\/\/science.rmtmo.eu\/de\/wp-json\/wp\/v2\/media\/14631"}],"wp:attachment":[{"href":"https:\/\/science.rmtmo.eu\/de\/wp-json\/wp\/v2\/media?parent=14630"}],"wp:term":[{"taxonomy":"category","embeddable":true,"href":"https:\/\/science.rmtmo.eu\/de\/wp-json\/wp\/v2\/categories?post=14630"},{"taxonomy":"post_tag","embeddable":true,"href":"https:\/\/science.rmtmo.eu\/de\/wp-json\/wp\/v2\/tags?post=14630"}],"curies":[{"name":"wp","href":"https:\/\/api.w.org\/{rel}","templated":true}]}}