{"id":14342,"date":"2024-07-05T09:57:38","date_gmt":"2024-07-05T07:57:38","guid":{"rendered":"https:\/\/science.rmtmo.eu\/?p=14342"},"modified":"2024-07-05T09:58:20","modified_gmt":"2024-07-05T07:58:20","slug":"17-09-2024-berlin-deutsch-franzoesische-konferenz-potenziale-fuer-energieeffizienz-in-der-stadt-staedtebau-energetische-sanierung-und-erneuerbare-waerme","status":"publish","type":"post","link":"https:\/\/science.rmtmo.eu\/de\/neues\/17-09-2024-berlin-deutsch-franzoesische-konferenz-potenziale-fuer-energieeffizienz-in-der-stadt-staedtebau-energetische-sanierung-und-erneuerbare-waerme\/","title":{"rendered":"17.09.2024, Berlin, Deutsch-Franz\u00f6sische Konferenz \u201ePotenziale f\u00fcr Energieeffizienz in der Stadt: St\u00e4dtebau, energetische Sanierung und erneuerbare W\u00e4rme\u201c"},"content":{"rendered":"<p>Stadtverdichtung, W\u00e4rmepl\u00e4ne, Renovierung von Stadtvierteln&#8230; St\u00e4dte bieten besondere Potenziale zur Verbesserung der Energieeffizienz und der Nutzung erneuerbarer W\u00e4rme. Die Konferenz widmet sich Strategien sowie konkreten Projekten im Bereich der Stadtplanung, der energetischen Sanierung und der W\u00e4rmeversorgung in Frankreich und Deutschland, und zwar auf der Ebene von Baubl\u00f6cken, Stadtvierteln und der Stadt als Ganzes.<!--more--><br \/>\nNeben anderen innovativen Projekten und Initiativen, die auf der Konferenz vorgestellt werden, wird auch ein Projekt der Karlsruher Energieagentur zu den EnergieQuartieren in Karlsruhe vorgestellt.<br \/>\nWeitere Informationen : <a href=\"https:\/\/energie-fr-de.eu\/de\/veranstaltungen\/leser\/konferenz-zu-potenzialen-der-energieeffizienz-in-der-stadt-in-deutschland-und-frankreich.html\" target=\"_blank\" rel=\"noopener\">https:\/\/energie-fr-de.eu\/de\/veranstaltungen\/leser\/konferenz-zu-potenzialen-der-energieeffizienz-in-der-stadt-in-deutschland-und-frankreich.html<\/a><\/p>\n<p>&nbsp;<\/p>\n","protected":false},"excerpt":{"rendered":"<p>Stadtverdichtung, W\u00e4rmepl\u00e4ne, Renovierung von Stadtvierteln&#8230; St\u00e4dte bieten besondere Potenziale zur Verbesserung der Energieeffizienz und der Nutzung erneuerbarer W\u00e4rme. Die Konferenz widmet sich Strategien sowie konkreten Projekten im Bereich der Stadtplanung, der energetischen Sanierung und der W\u00e4rmeversorgung in Frankreich und Deutschland, und zwar auf der Ebene von Baubl\u00f6cken, Stadtvierteln und der Stadt als Ganzes.<\/p>\n","protected":false},"author":2,"featured_media":10360,"comment_status":"closed","ping_status":"closed","sticky":false,"template":"","format":"standard","meta":{"ngg_post_thumbnail":0,"footnotes":""},"categories":[10],"tags":[],"class_list":["post-14342","post","type-post","status-publish","format-standard","has-post-thumbnail","hentry","category-neues"],"aioseo_notices":[],"aioseo_head":"\n\t\t<!-- All in One SEO 5.0.1 - aioseo.com -->\n\t<meta name=\"description\" content=\"Stadtverdichtung, W\u00e4rmepl\u00e4ne, Renovierung von Stadtvierteln... St\u00e4dte bieten besondere Potenziale zur Verbesserung der Energieeffizienz und der Nutzung erneuerbarer W\u00e4rme. Die Konferenz widmet sich Strategien sowie konkreten Projekten im Bereich der Stadtplanung, der energetischen Sanierung und der W\u00e4rmeversorgung in Frankreich und Deutschland, und zwar auf der Ebene von Baubl\u00f6cken, Stadtvierteln und der Stadt als Ganzes. Neben anderen\" \/>\n\t<meta name=\"robots\" content=\"max-image-preview:large\" \/>\n\t<meta name=\"author\" content=\"Julia Schoppe\"\/>\n\t<link rel=\"canonical\" href=\"https:\/\/science.rmtmo.eu\/de\/neues\/17-09-2024-berlin-deutsch-franzoesische-konferenz-potenziale-fuer-energieeffizienz-in-der-stadt-staedtebau-energetische-sanierung-und-erneuerbare-waerme\/\" \/>\n\t<meta name=\"generator\" content=\"All in One SEO (AIOSEO) 5.0.1\" \/>\n\t\t<meta property=\"og:locale\" content=\"de_DE\" \/>\n\t\t<meta property=\"og:site_name\" content=\"S\u00e4ule Wissenschaft | Pilier Sciences\" \/>\n\t\t<meta property=\"og:type\" content=\"article\" \/>\n\t\t<meta property=\"og:title\" content=\"17.09.2024, Berlin, Deutsch-Franz\u00f6sische Konferenz \u201ePotenziale f\u00fcr Energieeffizienz in der Stadt: St\u00e4dtebau, energetische Sanierung und erneuerbare W\u00e4rme\u201c | S\u00e4ule Wissenschaft\" \/>\n\t\t<meta property=\"og:description\" content=\"Stadtverdichtung, W\u00e4rmepl\u00e4ne, Renovierung von Stadtvierteln... St\u00e4dte bieten besondere Potenziale zur Verbesserung der Energieeffizienz und der Nutzung erneuerbarer W\u00e4rme. Die Konferenz widmet sich Strategien sowie konkreten Projekten im Bereich der Stadtplanung, der energetischen Sanierung und der W\u00e4rmeversorgung in Frankreich und Deutschland, und zwar auf der Ebene von Baubl\u00f6cken, Stadtvierteln und der Stadt als Ganzes. Neben anderen\" \/>\n\t\t<meta property=\"og:url\" content=\"https:\/\/science.rmtmo.eu\/de\/neues\/17-09-2024-berlin-deutsch-franzoesische-konferenz-potenziale-fuer-energieeffizienz-in-der-stadt-staedtebau-energetische-sanierung-und-erneuerbare-waerme\/\" \/>\n\t\t<meta property=\"article:published_time\" content=\"2024-07-05T07:57:38+00:00\" \/>\n\t\t<meta property=\"article:modified_time\" content=\"2024-07-05T07:58:20+00:00\" \/>\n\t\t<meta name=\"twitter:card\" content=\"summary\" \/>\n\t\t<meta name=\"twitter:title\" content=\"17.09.2024, Berlin, Deutsch-Franz\u00f6sische Konferenz \u201ePotenziale f\u00fcr Energieeffizienz in der Stadt: St\u00e4dtebau, energetische Sanierung und erneuerbare W\u00e4rme\u201c | S\u00e4ule Wissenschaft\" \/>\n\t\t<meta name=\"twitter:description\" content=\"Stadtverdichtung, W\u00e4rmepl\u00e4ne, Renovierung von Stadtvierteln... St\u00e4dte bieten besondere Potenziale zur Verbesserung der Energieeffizienz und der Nutzung erneuerbarer W\u00e4rme. Die Konferenz widmet sich Strategien sowie konkreten Projekten im Bereich der Stadtplanung, der energetischen Sanierung und der W\u00e4rmeversorgung in Frankreich und Deutschland, und zwar auf der Ebene von Baubl\u00f6cken, Stadtvierteln und der Stadt als Ganzes. Neben anderen\" \/>\n\t\t<script type=\"application\/ld+json\" class=\"aioseo-schema\">\n\t\t\t{\"@context\":\"https:\\\/\\\/schema.org\",\"@graph\":[{\"@type\":\"Article\",\"@id\":\"https:\\\/\\\/science.rmtmo.eu\\\/de\\\/neues\\\/17-09-2024-berlin-deutsch-franzoesische-konferenz-potenziale-fuer-energieeffizienz-in-der-stadt-staedtebau-energetische-sanierung-und-erneuerbare-waerme\\\/#article\",\"name\":\"17.09.2024, Berlin, Deutsch-Franz\\u00f6sische Konferenz \\u201ePotenziale f\\u00fcr Energieeffizienz in der Stadt: St\\u00e4dtebau, energetische Sanierung und erneuerbare W\\u00e4rme\\u201c | S\\u00e4ule Wissenschaft\",\"headline\":\"17.09.2024, Berlin, Deutsch-Franz\\u00f6sische Konferenz \\u201ePotenziale f\\u00fcr Energieeffizienz in der Stadt: St\\u00e4dtebau, energetische Sanierung und erneuerbare W\\u00e4rme\\u201c\",\"author\":{\"@id\":\"https:\\\/\\\/science.rmtmo.eu\\\/de\\\/#author\"},\"publisher\":{\"@id\":\"https:\\\/\\\/science.rmtmo.eu\\\/de\\\/#organization\"},\"image\":{\"@type\":\"ImageObject\",\"url\":\"https:\\\/\\\/science.rmtmo.eu\\\/wp-content\\\/uploads\\\/2021\\\/04\\\/plantule_\\u00a9BillionPhotos.com-stock.adobe_.com_-scaled.jpg\",\"width\":2560,\"height\":1707,\"caption\":\"Science.\"},\"datePublished\":\"2024-07-05T09:57:38+02:00\",\"dateModified\":\"2024-07-05T09:58:20+02:00\",\"inLanguage\":\"de-DE\",\"mainEntityOfPage\":{\"@id\":\"https:\\\/\\\/science.rmtmo.eu\\\/de\\\/neues\\\/17-09-2024-berlin-deutsch-franzoesische-konferenz-potenziale-fuer-energieeffizienz-in-der-stadt-staedtebau-energetische-sanierung-und-erneuerbare-waerme\\\/#webpage\"},\"isPartOf\":{\"@id\":\"https:\\\/\\\/science.rmtmo.eu\\\/de\\\/neues\\\/17-09-2024-berlin-deutsch-franzoesische-konferenz-potenziale-fuer-energieeffizienz-in-der-stadt-staedtebau-energetische-sanierung-und-erneuerbare-waerme\\\/#webpage\"},\"articleSection\":\"Neues\"},{\"@type\":\"BreadcrumbList\",\"@id\":\"https:\\\/\\\/science.rmtmo.eu\\\/de\\\/neues\\\/17-09-2024-berlin-deutsch-franzoesische-konferenz-potenziale-fuer-energieeffizienz-in-der-stadt-staedtebau-energetische-sanierung-und-erneuerbare-waerme\\\/#breadcrumblist\",\"itemListElement\":[{\"@type\":\"ListItem\",\"@id\":\"https:\\\/\\\/science.rmtmo.eu\\\/de\\\/#listItem\",\"position\":1,\"name\":\"Home\",\"item\":\"https:\\\/\\\/science.rmtmo.eu\\\/de\\\/\",\"nextItem\":{\"@type\":\"ListItem\",\"@id\":\"https:\\\/\\\/science.rmtmo.eu\\\/de\\\/category\\\/neues\\\/#listItem\",\"name\":\"Neues\"}},{\"@type\":\"ListItem\",\"@id\":\"https:\\\/\\\/science.rmtmo.eu\\\/de\\\/category\\\/neues\\\/#listItem\",\"position\":2,\"name\":\"Neues\",\"item\":\"https:\\\/\\\/science.rmtmo.eu\\\/de\\\/category\\\/neues\\\/\",\"nextItem\":{\"@type\":\"ListItem\",\"@id\":\"https:\\\/\\\/science.rmtmo.eu\\\/de\\\/neues\\\/17-09-2024-berlin-deutsch-franzoesische-konferenz-potenziale-fuer-energieeffizienz-in-der-stadt-staedtebau-energetische-sanierung-und-erneuerbare-waerme\\\/#listItem\",\"name\":\"17.09.2024, Berlin, Deutsch-Franz\\u00f6sische Konferenz \\u201ePotenziale f\\u00fcr Energieeffizienz in der Stadt: St\\u00e4dtebau, energetische Sanierung und erneuerbare W\\u00e4rme\\u201c\"},\"previousItem\":{\"@type\":\"ListItem\",\"@id\":\"https:\\\/\\\/science.rmtmo.eu\\\/de\\\/#listItem\",\"name\":\"Home\"}},{\"@type\":\"ListItem\",\"@id\":\"https:\\\/\\\/science.rmtmo.eu\\\/de\\\/neues\\\/17-09-2024-berlin-deutsch-franzoesische-konferenz-potenziale-fuer-energieeffizienz-in-der-stadt-staedtebau-energetische-sanierung-und-erneuerbare-waerme\\\/#listItem\",\"position\":3,\"name\":\"17.09.2024, Berlin, Deutsch-Franz\\u00f6sische Konferenz \\u201ePotenziale f\\u00fcr Energieeffizienz in der Stadt: St\\u00e4dtebau, energetische Sanierung und erneuerbare W\\u00e4rme\\u201c\",\"previousItem\":{\"@type\":\"ListItem\",\"@id\":\"https:\\\/\\\/science.rmtmo.eu\\\/de\\\/category\\\/neues\\\/#listItem\",\"name\":\"Neues\"}}]},{\"@type\":\"Organization\",\"@id\":\"https:\\\/\\\/science.rmtmo.eu\\\/de\\\/#organization\",\"name\":\"S\\u00e4ule Wissenschaft\",\"description\":\"Pilier Sciences\",\"url\":\"https:\\\/\\\/science.rmtmo.eu\\\/de\\\/\"},{\"@type\":\"Person\",\"@id\":\"https:\\\/\\\/science.rmtmo.eu\\\/de\\\/#author\",\"url\":\"https:\\\/\\\/science.rmtmo.eu\\\/de\\\/\",\"name\":\"Julia Schoppe\",\"image\":{\"@type\":\"ImageObject\",\"@id\":\"https:\\\/\\\/science.rmtmo.eu\\\/de\\\/neues\\\/17-09-2024-berlin-deutsch-franzoesische-konferenz-potenziale-fuer-energieeffizienz-in-der-stadt-staedtebau-energetische-sanierung-und-erneuerbare-waerme\\\/#authorImage\",\"url\":\"https:\\\/\\\/secure.gravatar.com\\\/avatar\\\/a901258a7b8dcf03b30368978e66936d1876b26f972c0de45f958d78752a1f9e?s=96&d=mm&r=g\",\"width\":96,\"height\":96,\"caption\":\"Julia Schoppe\"}},{\"@type\":\"WebPage\",\"@id\":\"https:\\\/\\\/science.rmtmo.eu\\\/de\\\/neues\\\/17-09-2024-berlin-deutsch-franzoesische-konferenz-potenziale-fuer-energieeffizienz-in-der-stadt-staedtebau-energetische-sanierung-und-erneuerbare-waerme\\\/#webpage\",\"url\":\"https:\\\/\\\/science.rmtmo.eu\\\/de\\\/neues\\\/17-09-2024-berlin-deutsch-franzoesische-konferenz-potenziale-fuer-energieeffizienz-in-der-stadt-staedtebau-energetische-sanierung-und-erneuerbare-waerme\\\/\",\"name\":\"17.09.2024, Berlin, Deutsch-Franz\\u00f6sische Konferenz \\u201ePotenziale f\\u00fcr Energieeffizienz in der Stadt: St\\u00e4dtebau, energetische Sanierung und erneuerbare W\\u00e4rme\\u201c | S\\u00e4ule Wissenschaft\",\"description\":\"Stadtverdichtung, W\\u00e4rmepl\\u00e4ne, Renovierung von Stadtvierteln... St\\u00e4dte bieten besondere Potenziale zur Verbesserung der Energieeffizienz und der Nutzung erneuerbarer W\\u00e4rme. Die Konferenz widmet sich Strategien sowie konkreten Projekten im Bereich der Stadtplanung, der energetischen Sanierung und der W\\u00e4rmeversorgung in Frankreich und Deutschland, und zwar auf der Ebene von Baubl\\u00f6cken, Stadtvierteln und der Stadt als Ganzes. Neben anderen\",\"inLanguage\":\"de-DE\",\"isPartOf\":{\"@id\":\"https:\\\/\\\/science.rmtmo.eu\\\/de\\\/#website\"},\"breadcrumb\":{\"@id\":\"https:\\\/\\\/science.rmtmo.eu\\\/de\\\/neues\\\/17-09-2024-berlin-deutsch-franzoesische-konferenz-potenziale-fuer-energieeffizienz-in-der-stadt-staedtebau-energetische-sanierung-und-erneuerbare-waerme\\\/#breadcrumblist\"},\"author\":{\"@id\":\"https:\\\/\\\/science.rmtmo.eu\\\/de\\\/#author\"},\"creator\":{\"@id\":\"https:\\\/\\\/science.rmtmo.eu\\\/de\\\/#author\"},\"image\":{\"@type\":\"ImageObject\",\"url\":\"https:\\\/\\\/science.rmtmo.eu\\\/wp-content\\\/uploads\\\/2021\\\/04\\\/plantule_\\u00a9BillionPhotos.com-stock.adobe_.com_-scaled.jpg\",\"@id\":\"https:\\\/\\\/science.rmtmo.eu\\\/de\\\/neues\\\/17-09-2024-berlin-deutsch-franzoesische-konferenz-potenziale-fuer-energieeffizienz-in-der-stadt-staedtebau-energetische-sanierung-und-erneuerbare-waerme\\\/#mainImage\",\"width\":2560,\"height\":1707,\"caption\":\"Science.\"},\"primaryImageOfPage\":{\"@id\":\"https:\\\/\\\/science.rmtmo.eu\\\/de\\\/neues\\\/17-09-2024-berlin-deutsch-franzoesische-konferenz-potenziale-fuer-energieeffizienz-in-der-stadt-staedtebau-energetische-sanierung-und-erneuerbare-waerme\\\/#mainImage\"},\"datePublished\":\"2024-07-05T09:57:38+02:00\",\"dateModified\":\"2024-07-05T09:58:20+02:00\"},{\"@type\":\"WebSite\",\"@id\":\"https:\\\/\\\/science.rmtmo.eu\\\/de\\\/#website\",\"url\":\"https:\\\/\\\/science.rmtmo.eu\\\/de\\\/\",\"name\":\"S\\u00e4ule Wissenschaft\",\"description\":\"Pilier Sciences\",\"inLanguage\":\"de-DE\",\"publisher\":{\"@id\":\"https:\\\/\\\/science.rmtmo.eu\\\/de\\\/#organization\"}}]}\n\t\t<\/script>\n\t\t<!-- All in One SEO -->\n\n","aioseo_head_json":{"title":"17.09.2024, Berlin, Deutsch-Franz\u00f6sische Konferenz \u201ePotenziale f\u00fcr Energieeffizienz in der Stadt: St\u00e4dtebau, energetische Sanierung und erneuerbare W\u00e4rme\u201c | S\u00e4ule Wissenschaft","description":"Stadtverdichtung, W\u00e4rmepl\u00e4ne, Renovierung von Stadtvierteln... St\u00e4dte bieten besondere Potenziale zur Verbesserung der Energieeffizienz und der Nutzung erneuerbarer W\u00e4rme. Die Konferenz widmet sich Strategien sowie konkreten Projekten im Bereich der Stadtplanung, der energetischen Sanierung und der W\u00e4rmeversorgung in Frankreich und Deutschland, und zwar auf der Ebene von Baubl\u00f6cken, Stadtvierteln und der Stadt als Ganzes. Neben anderen","canonical_url":"https:\/\/science.rmtmo.eu\/de\/neues\/17-09-2024-berlin-deutsch-franzoesische-konferenz-potenziale-fuer-energieeffizienz-in-der-stadt-staedtebau-energetische-sanierung-und-erneuerbare-waerme\/","robots":"max-image-preview:large","keywords":"","webmasterTools":{"miscellaneous":""},"schema":{"@context":"https:\/\/schema.org","@graph":[{"@type":"Article","@id":"https:\/\/science.rmtmo.eu\/de\/neues\/17-09-2024-berlin-deutsch-franzoesische-konferenz-potenziale-fuer-energieeffizienz-in-der-stadt-staedtebau-energetische-sanierung-und-erneuerbare-waerme\/#article","name":"17.09.2024, Berlin, Deutsch-Franz\u00f6sische Konferenz \u201ePotenziale f\u00fcr Energieeffizienz in der Stadt: St\u00e4dtebau, energetische Sanierung und erneuerbare W\u00e4rme\u201c | S\u00e4ule Wissenschaft","headline":"17.09.2024, Berlin, Deutsch-Franz\u00f6sische Konferenz \u201ePotenziale f\u00fcr Energieeffizienz in der Stadt: St\u00e4dtebau, energetische Sanierung und erneuerbare W\u00e4rme\u201c","author":{"@id":"https:\/\/science.rmtmo.eu\/de\/#author"},"publisher":{"@id":"https:\/\/science.rmtmo.eu\/de\/#organization"},"image":{"@type":"ImageObject","url":"https:\/\/science.rmtmo.eu\/wp-content\/uploads\/2021\/04\/plantule_\u00a9BillionPhotos.com-stock.adobe_.com_-scaled.jpg","width":2560,"height":1707,"caption":"Science."},"datePublished":"2024-07-05T09:57:38+02:00","dateModified":"2024-07-05T09:58:20+02:00","inLanguage":"de-DE","mainEntityOfPage":{"@id":"https:\/\/science.rmtmo.eu\/de\/neues\/17-09-2024-berlin-deutsch-franzoesische-konferenz-potenziale-fuer-energieeffizienz-in-der-stadt-staedtebau-energetische-sanierung-und-erneuerbare-waerme\/#webpage"},"isPartOf":{"@id":"https:\/\/science.rmtmo.eu\/de\/neues\/17-09-2024-berlin-deutsch-franzoesische-konferenz-potenziale-fuer-energieeffizienz-in-der-stadt-staedtebau-energetische-sanierung-und-erneuerbare-waerme\/#webpage"},"articleSection":"Neues"},{"@type":"BreadcrumbList","@id":"https:\/\/science.rmtmo.eu\/de\/neues\/17-09-2024-berlin-deutsch-franzoesische-konferenz-potenziale-fuer-energieeffizienz-in-der-stadt-staedtebau-energetische-sanierung-und-erneuerbare-waerme\/#breadcrumblist","itemListElement":[{"@type":"ListItem","@id":"https:\/\/science.rmtmo.eu\/de\/#listItem","position":1,"name":"Home","item":"https:\/\/science.rmtmo.eu\/de\/","nextItem":{"@type":"ListItem","@id":"https:\/\/science.rmtmo.eu\/de\/category\/neues\/#listItem","name":"Neues"}},{"@type":"ListItem","@id":"https:\/\/science.rmtmo.eu\/de\/category\/neues\/#listItem","position":2,"name":"Neues","item":"https:\/\/science.rmtmo.eu\/de\/category\/neues\/","nextItem":{"@type":"ListItem","@id":"https:\/\/science.rmtmo.eu\/de\/neues\/17-09-2024-berlin-deutsch-franzoesische-konferenz-potenziale-fuer-energieeffizienz-in-der-stadt-staedtebau-energetische-sanierung-und-erneuerbare-waerme\/#listItem","name":"17.09.2024, Berlin, Deutsch-Franz\u00f6sische Konferenz \u201ePotenziale f\u00fcr Energieeffizienz in der Stadt: St\u00e4dtebau, energetische Sanierung und erneuerbare W\u00e4rme\u201c"},"previousItem":{"@type":"ListItem","@id":"https:\/\/science.rmtmo.eu\/de\/#listItem","name":"Home"}},{"@type":"ListItem","@id":"https:\/\/science.rmtmo.eu\/de\/neues\/17-09-2024-berlin-deutsch-franzoesische-konferenz-potenziale-fuer-energieeffizienz-in-der-stadt-staedtebau-energetische-sanierung-und-erneuerbare-waerme\/#listItem","position":3,"name":"17.09.2024, Berlin, Deutsch-Franz\u00f6sische Konferenz \u201ePotenziale f\u00fcr Energieeffizienz in der Stadt: St\u00e4dtebau, energetische Sanierung und erneuerbare W\u00e4rme\u201c","previousItem":{"@type":"ListItem","@id":"https:\/\/science.rmtmo.eu\/de\/category\/neues\/#listItem","name":"Neues"}}]},{"@type":"Organization","@id":"https:\/\/science.rmtmo.eu\/de\/#organization","name":"S\u00e4ule Wissenschaft","description":"Pilier Sciences","url":"https:\/\/science.rmtmo.eu\/de\/"},{"@type":"Person","@id":"https:\/\/science.rmtmo.eu\/de\/#author","url":"https:\/\/science.rmtmo.eu\/de\/","name":"Julia Schoppe","image":{"@type":"ImageObject","@id":"https:\/\/science.rmtmo.eu\/de\/neues\/17-09-2024-berlin-deutsch-franzoesische-konferenz-potenziale-fuer-energieeffizienz-in-der-stadt-staedtebau-energetische-sanierung-und-erneuerbare-waerme\/#authorImage","url":"https:\/\/secure.gravatar.com\/avatar\/a901258a7b8dcf03b30368978e66936d1876b26f972c0de45f958d78752a1f9e?s=96&d=mm&r=g","width":96,"height":96,"caption":"Julia Schoppe"}},{"@type":"WebPage","@id":"https:\/\/science.rmtmo.eu\/de\/neues\/17-09-2024-berlin-deutsch-franzoesische-konferenz-potenziale-fuer-energieeffizienz-in-der-stadt-staedtebau-energetische-sanierung-und-erneuerbare-waerme\/#webpage","url":"https:\/\/science.rmtmo.eu\/de\/neues\/17-09-2024-berlin-deutsch-franzoesische-konferenz-potenziale-fuer-energieeffizienz-in-der-stadt-staedtebau-energetische-sanierung-und-erneuerbare-waerme\/","name":"17.09.2024, Berlin, Deutsch-Franz\u00f6sische Konferenz \u201ePotenziale f\u00fcr Energieeffizienz in der Stadt: St\u00e4dtebau, energetische Sanierung und erneuerbare W\u00e4rme\u201c | S\u00e4ule Wissenschaft","description":"Stadtverdichtung, W\u00e4rmepl\u00e4ne, Renovierung von Stadtvierteln... St\u00e4dte bieten besondere Potenziale zur Verbesserung der Energieeffizienz und der Nutzung erneuerbarer W\u00e4rme. Die Konferenz widmet sich Strategien sowie konkreten Projekten im Bereich der Stadtplanung, der energetischen Sanierung und der W\u00e4rmeversorgung in Frankreich und Deutschland, und zwar auf der Ebene von Baubl\u00f6cken, Stadtvierteln und der Stadt als Ganzes. Neben anderen","inLanguage":"de-DE","isPartOf":{"@id":"https:\/\/science.rmtmo.eu\/de\/#website"},"breadcrumb":{"@id":"https:\/\/science.rmtmo.eu\/de\/neues\/17-09-2024-berlin-deutsch-franzoesische-konferenz-potenziale-fuer-energieeffizienz-in-der-stadt-staedtebau-energetische-sanierung-und-erneuerbare-waerme\/#breadcrumblist"},"author":{"@id":"https:\/\/science.rmtmo.eu\/de\/#author"},"creator":{"@id":"https:\/\/science.rmtmo.eu\/de\/#author"},"image":{"@type":"ImageObject","url":"https:\/\/science.rmtmo.eu\/wp-content\/uploads\/2021\/04\/plantule_\u00a9BillionPhotos.com-stock.adobe_.com_-scaled.jpg","@id":"https:\/\/science.rmtmo.eu\/de\/neues\/17-09-2024-berlin-deutsch-franzoesische-konferenz-potenziale-fuer-energieeffizienz-in-der-stadt-staedtebau-energetische-sanierung-und-erneuerbare-waerme\/#mainImage","width":2560,"height":1707,"caption":"Science."},"primaryImageOfPage":{"@id":"https:\/\/science.rmtmo.eu\/de\/neues\/17-09-2024-berlin-deutsch-franzoesische-konferenz-potenziale-fuer-energieeffizienz-in-der-stadt-staedtebau-energetische-sanierung-und-erneuerbare-waerme\/#mainImage"},"datePublished":"2024-07-05T09:57:38+02:00","dateModified":"2024-07-05T09:58:20+02:00"},{"@type":"WebSite","@id":"https:\/\/science.rmtmo.eu\/de\/#website","url":"https:\/\/science.rmtmo.eu\/de\/","name":"S\u00e4ule Wissenschaft","description":"Pilier Sciences","inLanguage":"de-DE","publisher":{"@id":"https:\/\/science.rmtmo.eu\/de\/#organization"}}]},"og:locale":"de_DE","og:site_name":"S\u00e4ule Wissenschaft | Pilier Sciences","og:type":"article","og:title":"17.09.2024, Berlin, Deutsch-Franz\u00f6sische Konferenz \u201ePotenziale f\u00fcr Energieeffizienz in der Stadt: St\u00e4dtebau, energetische Sanierung und erneuerbare W\u00e4rme\u201c | S\u00e4ule Wissenschaft","og:description":"Stadtverdichtung, W\u00e4rmepl\u00e4ne, Renovierung von Stadtvierteln... St\u00e4dte bieten besondere Potenziale zur Verbesserung der Energieeffizienz und der Nutzung erneuerbarer W\u00e4rme. Die Konferenz widmet sich Strategien sowie konkreten Projekten im Bereich der Stadtplanung, der energetischen Sanierung und der W\u00e4rmeversorgung in Frankreich und Deutschland, und zwar auf der Ebene von Baubl\u00f6cken, Stadtvierteln und der Stadt als Ganzes. Neben anderen","og:url":"https:\/\/science.rmtmo.eu\/de\/neues\/17-09-2024-berlin-deutsch-franzoesische-konferenz-potenziale-fuer-energieeffizienz-in-der-stadt-staedtebau-energetische-sanierung-und-erneuerbare-waerme\/","article:published_time":"2024-07-05T07:57:38+00:00","article:modified_time":"2024-07-05T07:58:20+00:00","twitter:card":"summary","twitter:title":"17.09.2024, Berlin, Deutsch-Franz\u00f6sische Konferenz \u201ePotenziale f\u00fcr Energieeffizienz in der Stadt: St\u00e4dtebau, energetische Sanierung und erneuerbare W\u00e4rme\u201c | S\u00e4ule Wissenschaft","twitter:description":"Stadtverdichtung, W\u00e4rmepl\u00e4ne, Renovierung von Stadtvierteln... St\u00e4dte bieten besondere Potenziale zur Verbesserung der Energieeffizienz und der Nutzung erneuerbarer W\u00e4rme. Die Konferenz widmet sich Strategien sowie konkreten Projekten im Bereich der Stadtplanung, der energetischen Sanierung und der W\u00e4rmeversorgung in Frankreich und Deutschland, und zwar auf der Ebene von Baubl\u00f6cken, Stadtvierteln und der Stadt als Ganzes. Neben anderen"},"aioseo_meta_data":{"post_id":"14342","title":null,"description":null,"keywords":null,"keyphrases":{"focus":{"keyphrase":"","score":0,"analysis":{"keyphraseInTitle":{"score":0,"maxScore":9,"error":1}}},"additional":[]},"primary_term":null,"canonical_url":null,"og_title":null,"og_description":null,"og_object_type":"default","og_image_type":"default","og_image_url":null,"og_image_width":null,"og_image_height":null,"og_image_custom_url":null,"og_image_custom_fields":null,"og_video":"","og_custom_url":null,"og_article_section":null,"og_article_tags":null,"twitter_use_og":false,"twitter_card":"default","twitter_image_type":"default","twitter_image_url":null,"twitter_image_custom_url":null,"twitter_image_custom_fields":null,"twitter_title":null,"twitter_description":null,"schema":{"blockGraphs":[],"customGraphs":[],"default":{"data":{"Article":[],"Course":[],"Dataset":[],"FAQPage":[],"Movie":[],"Person":[],"Product":[],"ProductReview":[],"Car":[],"Recipe":[],"Service":[],"SoftwareApplication":[],"WebPage":[]},"graphName":"Article","isEnabled":true},"graphs":[]},"schema_type":"default","schema_type_options":null,"pillar_content":false,"robots_default":true,"robots_noindex":false,"robots_noarchive":false,"robots_nosnippet":false,"robots_nofollow":false,"robots_noimageindex":false,"robots_noodp":false,"robots_notranslate":false,"robots_max_snippet":"-1","robots_max_videopreview":"-1","robots_max_imagepreview":"large","priority":null,"frequency":"default","local_seo":null,"breadcrumb_settings":null,"limit_modified_date":false,"ai":null,"created":"2024-07-05 07:56:38","updated":"2025-07-09 01:35:11","focus_keyword":null,"additional_keywords":null,"truseo_locale":null,"seo_analyzer_scan_date":null},"aioseo_breadcrumb":"<div class=\"aioseo-breadcrumbs\"><span class=\"aioseo-breadcrumb\">\n\t\t\t<a href=\"https:\/\/science.rmtmo.eu\/de\/\" title=\"Home\">Home<\/a>\n\t\t<\/span><span class=\"aioseo-breadcrumb-separator\">&raquo;<\/span><span class=\"aioseo-breadcrumb\">\n\t\t\t<a href=\"https:\/\/science.rmtmo.eu\/de\/category\/neues\/\" title=\"Neues\">Neues<\/a>\n\t\t<\/span><span class=\"aioseo-breadcrumb-separator\">&raquo;<\/span><span class=\"aioseo-breadcrumb\">\n\t\t\t17.09.2024, Berlin, Deutsch-Franz\u00f6sische Konferenz \u201ePotenziale f\u00fcr Energieeffizienz in der Stadt: St\u00e4dtebau, energetische Sanierung und erneuerbare W\u00e4rme\u201c\n\t\t<\/span><\/div>","aioseo_breadcrumb_json":[{"label":"Home","link":"https:\/\/science.rmtmo.eu\/de\/"},{"label":"Neues","link":"https:\/\/science.rmtmo.eu\/de\/category\/neues\/"},{"label":"17.09.2024, Berlin, Deutsch-Franz\u00f6sische Konferenz \u201ePotenziale f\u00fcr Energieeffizienz in der Stadt: St\u00e4dtebau, energetische Sanierung und erneuerbare W\u00e4rme\u201c","link":"https:\/\/science.rmtmo.eu\/de\/neues\/17-09-2024-berlin-deutsch-franzoesische-konferenz-potenziale-fuer-energieeffizienz-in-der-stadt-staedtebau-energetische-sanierung-und-erneuerbare-waerme\/"}],"_links":{"self":[{"href":"https:\/\/science.rmtmo.eu\/de\/wp-json\/wp\/v2\/posts\/14342","targetHints":{"allow":["GET"]}}],"collection":[{"href":"https:\/\/science.rmtmo.eu\/de\/wp-json\/wp\/v2\/posts"}],"about":[{"href":"https:\/\/science.rmtmo.eu\/de\/wp-json\/wp\/v2\/types\/post"}],"author":[{"embeddable":true,"href":"https:\/\/science.rmtmo.eu\/de\/wp-json\/wp\/v2\/users\/2"}],"replies":[{"embeddable":true,"href":"https:\/\/science.rmtmo.eu\/de\/wp-json\/wp\/v2\/comments?post=14342"}],"version-history":[{"count":1,"href":"https:\/\/science.rmtmo.eu\/de\/wp-json\/wp\/v2\/posts\/14342\/revisions"}],"predecessor-version":[{"id":14343,"href":"https:\/\/science.rmtmo.eu\/de\/wp-json\/wp\/v2\/posts\/14342\/revisions\/14343"}],"wp:featuredmedia":[{"embeddable":true,"href":"https:\/\/science.rmtmo.eu\/de\/wp-json\/wp\/v2\/media\/10360"}],"wp:attachment":[{"href":"https:\/\/science.rmtmo.eu\/de\/wp-json\/wp\/v2\/media?parent=14342"}],"wp:term":[{"taxonomy":"category","embeddable":true,"href":"https:\/\/science.rmtmo.eu\/de\/wp-json\/wp\/v2\/categories?post=14342"},{"taxonomy":"post_tag","embeddable":true,"href":"https:\/\/science.rmtmo.eu\/de\/wp-json\/wp\/v2\/tags?post=14342"}],"curies":[{"name":"wp","href":"https:\/\/api.w.org\/{rel}","templated":true}]}}