{"id":11662,"date":"2022-02-15T10:41:41","date_gmt":"2022-02-15T09:41:41","guid":{"rendered":"https:\/\/science.rmtmo.eu\/?p=11662"},"modified":"2022-02-15T10:41:41","modified_gmt":"2022-02-15T09:41:41","slug":"05-04-2022-trinationale-konferenz-gruener-wasserstoff-pilotprojekte-und-perspektiven-am-oberrhein-in-basel","status":"publish","type":"post","link":"https:\/\/science.rmtmo.eu\/de\/neues\/05-04-2022-trinationale-konferenz-gruener-wasserstoff-pilotprojekte-und-perspektiven-am-oberrhein-in-basel\/","title":{"rendered":"05.04.2022: Trinationale Konferenz \u201eGr\u00fcner Wasserstoff: Pilotprojekte und Perspektiven am Oberrhein\u201c in Basel"},"content":{"rendered":"<p>TRION-climate e.V. organisiert einen zweiten trinationalen Austausch am 5. April in Basel zum zukunftstr\u00e4chtigen Thema Wasserstoff. Dieses Event wurde von GRTgaz initiiert und wird vom Schweizer Verband der Gasindustrie, den Industriellen Werken Basel (IWB) und der Energiedienst Holding AG, sowie weiteren Vereinsmitgliedern von TRION-climate e.V. unterst\u00fctzt.<!--more--><\/p>\n<p>Nach einer Keynote von Marc-Antoine Eyl-Mazzega, Direktor des Zentrums f\u00fcr Energie und Klima beim Franz\u00f6sischen Institut f\u00fcr Internationale Beziehungen IFRI, werden drei Themenbl\u00f6cke angeboten:<\/p>\n<ul>\n<li>Von der Forschung zur Produktion: Leuchtturmprojekte in der Grenzregion<\/li>\n<li>Wasserstoffbedarf am Oberrhein und Herausforderungen an die Logistik<\/li>\n<li>Die Sichtweise der Gaswirtschaft: eine trinationale Gegen\u00fcberstellung<\/li>\n<\/ul>\n<p>Weitere Informationen und Anmeldung: <a href=\"https:\/\/trion-climate.net\/\" target=\"_blank\" rel=\"noopener\">https:\/\/trion-climate.net\/<\/a><\/p>\n","protected":false},"excerpt":{"rendered":"<p>TRION-climate e.V. organisiert einen zweiten trinationalen Austausch am 5. April in Basel zum zukunftstr\u00e4chtigen Thema Wasserstoff. Dieses Event wurde von GRTgaz initiiert und wird vom Schweizer Verband der Gasindustrie, den Industriellen Werken Basel (IWB) und der Energiedienst Holding AG, sowie weiteren Vereinsmitgliedern von TRION-climate e.V. unterst\u00fctzt.<\/p>\n","protected":false},"author":2,"featured_media":11663,"comment_status":"closed","ping_status":"closed","sticky":false,"template":"","format":"standard","meta":{"ngg_post_thumbnail":0,"footnotes":""},"categories":[10],"tags":[],"class_list":["post-11662","post","type-post","status-publish","format-standard","has-post-thumbnail","hentry","category-neues"],"aioseo_notices":[],"aioseo_head":"\n\t\t<!-- All in One SEO 5.0.1 - aioseo.com -->\n\t<meta name=\"description\" content=\"TRION-climate e.V. organisiert einen zweiten trinationalen Austausch am 5. April in Basel zum zukunftstr\u00e4chtigen Thema Wasserstoff. Dieses Event wurde von GRTgaz initiiert und wird vom Schweizer Verband der Gasindustrie, den Industriellen Werken Basel (IWB) und der Energiedienst Holding AG, sowie weiteren Vereinsmitgliedern von TRION-climate e.V. unterst\u00fctzt. Nach einer Keynote von Marc-Antoine Eyl-Mazzega, Direktor des Zentrums\" \/>\n\t<meta name=\"robots\" content=\"max-image-preview:large\" \/>\n\t<meta name=\"author\" content=\"Julia Schoppe\"\/>\n\t<link rel=\"canonical\" href=\"https:\/\/science.rmtmo.eu\/de\/neues\/05-04-2022-trinationale-konferenz-gruener-wasserstoff-pilotprojekte-und-perspektiven-am-oberrhein-in-basel\/\" \/>\n\t<meta name=\"generator\" content=\"All in One SEO (AIOSEO) 5.0.1\" \/>\n\t\t<meta property=\"og:locale\" content=\"de_DE\" \/>\n\t\t<meta property=\"og:site_name\" content=\"S\u00e4ule Wissenschaft | Pilier Sciences\" \/>\n\t\t<meta property=\"og:type\" content=\"article\" \/>\n\t\t<meta property=\"og:title\" content=\"05.04.2022: Trinationale Konferenz \u201eGr\u00fcner Wasserstoff: Pilotprojekte und Perspektiven am Oberrhein\u201c in Basel | S\u00e4ule Wissenschaft\" \/>\n\t\t<meta property=\"og:description\" content=\"TRION-climate e.V. organisiert einen zweiten trinationalen Austausch am 5. April in Basel zum zukunftstr\u00e4chtigen Thema Wasserstoff. Dieses Event wurde von GRTgaz initiiert und wird vom Schweizer Verband der Gasindustrie, den Industriellen Werken Basel (IWB) und der Energiedienst Holding AG, sowie weiteren Vereinsmitgliedern von TRION-climate e.V. unterst\u00fctzt. Nach einer Keynote von Marc-Antoine Eyl-Mazzega, Direktor des Zentrums\" \/>\n\t\t<meta property=\"og:url\" content=\"https:\/\/science.rmtmo.eu\/de\/neues\/05-04-2022-trinationale-konferenz-gruener-wasserstoff-pilotprojekte-und-perspektiven-am-oberrhein-in-basel\/\" \/>\n\t\t<meta property=\"article:published_time\" content=\"2022-02-15T09:41:41+00:00\" \/>\n\t\t<meta property=\"article:modified_time\" content=\"2022-02-15T09:41:41+00:00\" \/>\n\t\t<meta name=\"twitter:card\" content=\"summary\" \/>\n\t\t<meta name=\"twitter:title\" content=\"05.04.2022: Trinationale Konferenz \u201eGr\u00fcner Wasserstoff: Pilotprojekte und Perspektiven am Oberrhein\u201c in Basel | S\u00e4ule Wissenschaft\" \/>\n\t\t<meta name=\"twitter:description\" content=\"TRION-climate e.V. organisiert einen zweiten trinationalen Austausch am 5. April in Basel zum zukunftstr\u00e4chtigen Thema Wasserstoff. Dieses Event wurde von GRTgaz initiiert und wird vom Schweizer Verband der Gasindustrie, den Industriellen Werken Basel (IWB) und der Energiedienst Holding AG, sowie weiteren Vereinsmitgliedern von TRION-climate e.V. unterst\u00fctzt. Nach einer Keynote von Marc-Antoine Eyl-Mazzega, Direktor des Zentrums\" \/>\n\t\t<script type=\"application\/ld+json\" class=\"aioseo-schema\">\n\t\t\t{\"@context\":\"https:\\\/\\\/schema.org\",\"@graph\":[{\"@type\":\"Article\",\"@id\":\"https:\\\/\\\/science.rmtmo.eu\\\/de\\\/neues\\\/05-04-2022-trinationale-konferenz-gruener-wasserstoff-pilotprojekte-und-perspektiven-am-oberrhein-in-basel\\\/#article\",\"name\":\"05.04.2022: Trinationale Konferenz \\u201eGr\\u00fcner Wasserstoff: Pilotprojekte und Perspektiven am Oberrhein\\u201c in Basel | S\\u00e4ule Wissenschaft\",\"headline\":\"05.04.2022: Trinationale Konferenz \\u201eGr\\u00fcner Wasserstoff: Pilotprojekte und Perspektiven am Oberrhein\\u201c in Basel\",\"author\":{\"@id\":\"https:\\\/\\\/science.rmtmo.eu\\\/de\\\/#author\"},\"publisher\":{\"@id\":\"https:\\\/\\\/science.rmtmo.eu\\\/de\\\/#organization\"},\"image\":{\"@type\":\"ImageObject\",\"url\":\"https:\\\/\\\/science.rmtmo.eu\\\/wp-content\\\/uploads\\\/2022\\\/02\\\/TrionWasserstaoff_DE.jpg\",\"width\":960,\"height\":502},\"datePublished\":\"2022-02-15T10:41:41+01:00\",\"dateModified\":\"2022-02-15T10:41:41+01:00\",\"inLanguage\":\"de-DE\",\"mainEntityOfPage\":{\"@id\":\"https:\\\/\\\/science.rmtmo.eu\\\/de\\\/neues\\\/05-04-2022-trinationale-konferenz-gruener-wasserstoff-pilotprojekte-und-perspektiven-am-oberrhein-in-basel\\\/#webpage\"},\"isPartOf\":{\"@id\":\"https:\\\/\\\/science.rmtmo.eu\\\/de\\\/neues\\\/05-04-2022-trinationale-konferenz-gruener-wasserstoff-pilotprojekte-und-perspektiven-am-oberrhein-in-basel\\\/#webpage\"},\"articleSection\":\"Neues, Optional\"},{\"@type\":\"BreadcrumbList\",\"@id\":\"https:\\\/\\\/science.rmtmo.eu\\\/de\\\/neues\\\/05-04-2022-trinationale-konferenz-gruener-wasserstoff-pilotprojekte-und-perspektiven-am-oberrhein-in-basel\\\/#breadcrumblist\",\"itemListElement\":[{\"@type\":\"ListItem\",\"@id\":\"https:\\\/\\\/science.rmtmo.eu\\\/de\\\/#listItem\",\"position\":1,\"name\":\"Home\",\"item\":\"https:\\\/\\\/science.rmtmo.eu\\\/de\\\/\",\"nextItem\":{\"@type\":\"ListItem\",\"@id\":\"https:\\\/\\\/science.rmtmo.eu\\\/de\\\/category\\\/neues\\\/#listItem\",\"name\":\"Neues\"}},{\"@type\":\"ListItem\",\"@id\":\"https:\\\/\\\/science.rmtmo.eu\\\/de\\\/category\\\/neues\\\/#listItem\",\"position\":2,\"name\":\"Neues\",\"item\":\"https:\\\/\\\/science.rmtmo.eu\\\/de\\\/category\\\/neues\\\/\",\"nextItem\":{\"@type\":\"ListItem\",\"@id\":\"https:\\\/\\\/science.rmtmo.eu\\\/de\\\/neues\\\/05-04-2022-trinationale-konferenz-gruener-wasserstoff-pilotprojekte-und-perspektiven-am-oberrhein-in-basel\\\/#listItem\",\"name\":\"05.04.2022: Trinationale Konferenz \\u201eGr\\u00fcner Wasserstoff: Pilotprojekte und Perspektiven am Oberrhein\\u201c in Basel\"},\"previousItem\":{\"@type\":\"ListItem\",\"@id\":\"https:\\\/\\\/science.rmtmo.eu\\\/de\\\/#listItem\",\"name\":\"Home\"}},{\"@type\":\"ListItem\",\"@id\":\"https:\\\/\\\/science.rmtmo.eu\\\/de\\\/neues\\\/05-04-2022-trinationale-konferenz-gruener-wasserstoff-pilotprojekte-und-perspektiven-am-oberrhein-in-basel\\\/#listItem\",\"position\":3,\"name\":\"05.04.2022: Trinationale Konferenz \\u201eGr\\u00fcner Wasserstoff: Pilotprojekte und Perspektiven am Oberrhein\\u201c in Basel\",\"previousItem\":{\"@type\":\"ListItem\",\"@id\":\"https:\\\/\\\/science.rmtmo.eu\\\/de\\\/category\\\/neues\\\/#listItem\",\"name\":\"Neues\"}}]},{\"@type\":\"Organization\",\"@id\":\"https:\\\/\\\/science.rmtmo.eu\\\/de\\\/#organization\",\"name\":\"S\\u00e4ule Wissenschaft\",\"description\":\"Pilier Sciences\",\"url\":\"https:\\\/\\\/science.rmtmo.eu\\\/de\\\/\"},{\"@type\":\"Person\",\"@id\":\"https:\\\/\\\/science.rmtmo.eu\\\/de\\\/#author\",\"url\":\"https:\\\/\\\/science.rmtmo.eu\\\/de\\\/\",\"name\":\"Julia Schoppe\",\"image\":{\"@type\":\"ImageObject\",\"@id\":\"https:\\\/\\\/science.rmtmo.eu\\\/de\\\/neues\\\/05-04-2022-trinationale-konferenz-gruener-wasserstoff-pilotprojekte-und-perspektiven-am-oberrhein-in-basel\\\/#authorImage\",\"url\":\"https:\\\/\\\/secure.gravatar.com\\\/avatar\\\/a901258a7b8dcf03b30368978e66936d1876b26f972c0de45f958d78752a1f9e?s=96&d=mm&r=g\",\"width\":96,\"height\":96,\"caption\":\"Julia Schoppe\"}},{\"@type\":\"WebPage\",\"@id\":\"https:\\\/\\\/science.rmtmo.eu\\\/de\\\/neues\\\/05-04-2022-trinationale-konferenz-gruener-wasserstoff-pilotprojekte-und-perspektiven-am-oberrhein-in-basel\\\/#webpage\",\"url\":\"https:\\\/\\\/science.rmtmo.eu\\\/de\\\/neues\\\/05-04-2022-trinationale-konferenz-gruener-wasserstoff-pilotprojekte-und-perspektiven-am-oberrhein-in-basel\\\/\",\"name\":\"05.04.2022: Trinationale Konferenz \\u201eGr\\u00fcner Wasserstoff: Pilotprojekte und Perspektiven am Oberrhein\\u201c in Basel | S\\u00e4ule Wissenschaft\",\"description\":\"TRION-climate e.V. organisiert einen zweiten trinationalen Austausch am 5. April in Basel zum zukunftstr\\u00e4chtigen Thema Wasserstoff. Dieses Event wurde von GRTgaz initiiert und wird vom Schweizer Verband der Gasindustrie, den Industriellen Werken Basel (IWB) und der Energiedienst Holding AG, sowie weiteren Vereinsmitgliedern von TRION-climate e.V. unterst\\u00fctzt. Nach einer Keynote von Marc-Antoine Eyl-Mazzega, Direktor des Zentrums\",\"inLanguage\":\"de-DE\",\"isPartOf\":{\"@id\":\"https:\\\/\\\/science.rmtmo.eu\\\/de\\\/#website\"},\"breadcrumb\":{\"@id\":\"https:\\\/\\\/science.rmtmo.eu\\\/de\\\/neues\\\/05-04-2022-trinationale-konferenz-gruener-wasserstoff-pilotprojekte-und-perspektiven-am-oberrhein-in-basel\\\/#breadcrumblist\"},\"author\":{\"@id\":\"https:\\\/\\\/science.rmtmo.eu\\\/de\\\/#author\"},\"creator\":{\"@id\":\"https:\\\/\\\/science.rmtmo.eu\\\/de\\\/#author\"},\"image\":{\"@type\":\"ImageObject\",\"url\":\"https:\\\/\\\/science.rmtmo.eu\\\/wp-content\\\/uploads\\\/2022\\\/02\\\/TrionWasserstaoff_DE.jpg\",\"@id\":\"https:\\\/\\\/science.rmtmo.eu\\\/de\\\/neues\\\/05-04-2022-trinationale-konferenz-gruener-wasserstoff-pilotprojekte-und-perspektiven-am-oberrhein-in-basel\\\/#mainImage\",\"width\":960,\"height\":502},\"primaryImageOfPage\":{\"@id\":\"https:\\\/\\\/science.rmtmo.eu\\\/de\\\/neues\\\/05-04-2022-trinationale-konferenz-gruener-wasserstoff-pilotprojekte-und-perspektiven-am-oberrhein-in-basel\\\/#mainImage\"},\"datePublished\":\"2022-02-15T10:41:41+01:00\",\"dateModified\":\"2022-02-15T10:41:41+01:00\"},{\"@type\":\"WebSite\",\"@id\":\"https:\\\/\\\/science.rmtmo.eu\\\/de\\\/#website\",\"url\":\"https:\\\/\\\/science.rmtmo.eu\\\/de\\\/\",\"name\":\"S\\u00e4ule Wissenschaft\",\"description\":\"Pilier Sciences\",\"inLanguage\":\"de-DE\",\"publisher\":{\"@id\":\"https:\\\/\\\/science.rmtmo.eu\\\/de\\\/#organization\"}}]}\n\t\t<\/script>\n\t\t<!-- All in One SEO -->\n\n","aioseo_head_json":{"title":"05.04.2022: Trinationale Konferenz \u201eGr\u00fcner Wasserstoff: Pilotprojekte und Perspektiven am Oberrhein\u201c in Basel | S\u00e4ule Wissenschaft","description":"TRION-climate e.V. organisiert einen zweiten trinationalen Austausch am 5. April in Basel zum zukunftstr\u00e4chtigen Thema Wasserstoff. Dieses Event wurde von GRTgaz initiiert und wird vom Schweizer Verband der Gasindustrie, den Industriellen Werken Basel (IWB) und der Energiedienst Holding AG, sowie weiteren Vereinsmitgliedern von TRION-climate e.V. unterst\u00fctzt. Nach einer Keynote von Marc-Antoine Eyl-Mazzega, Direktor des Zentrums","canonical_url":"https:\/\/science.rmtmo.eu\/de\/neues\/05-04-2022-trinationale-konferenz-gruener-wasserstoff-pilotprojekte-und-perspektiven-am-oberrhein-in-basel\/","robots":"max-image-preview:large","keywords":"","webmasterTools":{"miscellaneous":""},"schema":{"@context":"https:\/\/schema.org","@graph":[{"@type":"Article","@id":"https:\/\/science.rmtmo.eu\/de\/neues\/05-04-2022-trinationale-konferenz-gruener-wasserstoff-pilotprojekte-und-perspektiven-am-oberrhein-in-basel\/#article","name":"05.04.2022: Trinationale Konferenz \u201eGr\u00fcner Wasserstoff: Pilotprojekte und Perspektiven am Oberrhein\u201c in Basel | S\u00e4ule Wissenschaft","headline":"05.04.2022: Trinationale Konferenz \u201eGr\u00fcner Wasserstoff: Pilotprojekte und Perspektiven am Oberrhein\u201c in Basel","author":{"@id":"https:\/\/science.rmtmo.eu\/de\/#author"},"publisher":{"@id":"https:\/\/science.rmtmo.eu\/de\/#organization"},"image":{"@type":"ImageObject","url":"https:\/\/science.rmtmo.eu\/wp-content\/uploads\/2022\/02\/TrionWasserstaoff_DE.jpg","width":960,"height":502},"datePublished":"2022-02-15T10:41:41+01:00","dateModified":"2022-02-15T10:41:41+01:00","inLanguage":"de-DE","mainEntityOfPage":{"@id":"https:\/\/science.rmtmo.eu\/de\/neues\/05-04-2022-trinationale-konferenz-gruener-wasserstoff-pilotprojekte-und-perspektiven-am-oberrhein-in-basel\/#webpage"},"isPartOf":{"@id":"https:\/\/science.rmtmo.eu\/de\/neues\/05-04-2022-trinationale-konferenz-gruener-wasserstoff-pilotprojekte-und-perspektiven-am-oberrhein-in-basel\/#webpage"},"articleSection":"Neues, Optional"},{"@type":"BreadcrumbList","@id":"https:\/\/science.rmtmo.eu\/de\/neues\/05-04-2022-trinationale-konferenz-gruener-wasserstoff-pilotprojekte-und-perspektiven-am-oberrhein-in-basel\/#breadcrumblist","itemListElement":[{"@type":"ListItem","@id":"https:\/\/science.rmtmo.eu\/de\/#listItem","position":1,"name":"Home","item":"https:\/\/science.rmtmo.eu\/de\/","nextItem":{"@type":"ListItem","@id":"https:\/\/science.rmtmo.eu\/de\/category\/neues\/#listItem","name":"Neues"}},{"@type":"ListItem","@id":"https:\/\/science.rmtmo.eu\/de\/category\/neues\/#listItem","position":2,"name":"Neues","item":"https:\/\/science.rmtmo.eu\/de\/category\/neues\/","nextItem":{"@type":"ListItem","@id":"https:\/\/science.rmtmo.eu\/de\/neues\/05-04-2022-trinationale-konferenz-gruener-wasserstoff-pilotprojekte-und-perspektiven-am-oberrhein-in-basel\/#listItem","name":"05.04.2022: Trinationale Konferenz \u201eGr\u00fcner Wasserstoff: Pilotprojekte und Perspektiven am Oberrhein\u201c in Basel"},"previousItem":{"@type":"ListItem","@id":"https:\/\/science.rmtmo.eu\/de\/#listItem","name":"Home"}},{"@type":"ListItem","@id":"https:\/\/science.rmtmo.eu\/de\/neues\/05-04-2022-trinationale-konferenz-gruener-wasserstoff-pilotprojekte-und-perspektiven-am-oberrhein-in-basel\/#listItem","position":3,"name":"05.04.2022: Trinationale Konferenz \u201eGr\u00fcner Wasserstoff: Pilotprojekte und Perspektiven am Oberrhein\u201c in Basel","previousItem":{"@type":"ListItem","@id":"https:\/\/science.rmtmo.eu\/de\/category\/neues\/#listItem","name":"Neues"}}]},{"@type":"Organization","@id":"https:\/\/science.rmtmo.eu\/de\/#organization","name":"S\u00e4ule Wissenschaft","description":"Pilier Sciences","url":"https:\/\/science.rmtmo.eu\/de\/"},{"@type":"Person","@id":"https:\/\/science.rmtmo.eu\/de\/#author","url":"https:\/\/science.rmtmo.eu\/de\/","name":"Julia Schoppe","image":{"@type":"ImageObject","@id":"https:\/\/science.rmtmo.eu\/de\/neues\/05-04-2022-trinationale-konferenz-gruener-wasserstoff-pilotprojekte-und-perspektiven-am-oberrhein-in-basel\/#authorImage","url":"https:\/\/secure.gravatar.com\/avatar\/a901258a7b8dcf03b30368978e66936d1876b26f972c0de45f958d78752a1f9e?s=96&d=mm&r=g","width":96,"height":96,"caption":"Julia Schoppe"}},{"@type":"WebPage","@id":"https:\/\/science.rmtmo.eu\/de\/neues\/05-04-2022-trinationale-konferenz-gruener-wasserstoff-pilotprojekte-und-perspektiven-am-oberrhein-in-basel\/#webpage","url":"https:\/\/science.rmtmo.eu\/de\/neues\/05-04-2022-trinationale-konferenz-gruener-wasserstoff-pilotprojekte-und-perspektiven-am-oberrhein-in-basel\/","name":"05.04.2022: Trinationale Konferenz \u201eGr\u00fcner Wasserstoff: Pilotprojekte und Perspektiven am Oberrhein\u201c in Basel | S\u00e4ule Wissenschaft","description":"TRION-climate e.V. organisiert einen zweiten trinationalen Austausch am 5. April in Basel zum zukunftstr\u00e4chtigen Thema Wasserstoff. Dieses Event wurde von GRTgaz initiiert und wird vom Schweizer Verband der Gasindustrie, den Industriellen Werken Basel (IWB) und der Energiedienst Holding AG, sowie weiteren Vereinsmitgliedern von TRION-climate e.V. unterst\u00fctzt. Nach einer Keynote von Marc-Antoine Eyl-Mazzega, Direktor des Zentrums","inLanguage":"de-DE","isPartOf":{"@id":"https:\/\/science.rmtmo.eu\/de\/#website"},"breadcrumb":{"@id":"https:\/\/science.rmtmo.eu\/de\/neues\/05-04-2022-trinationale-konferenz-gruener-wasserstoff-pilotprojekte-und-perspektiven-am-oberrhein-in-basel\/#breadcrumblist"},"author":{"@id":"https:\/\/science.rmtmo.eu\/de\/#author"},"creator":{"@id":"https:\/\/science.rmtmo.eu\/de\/#author"},"image":{"@type":"ImageObject","url":"https:\/\/science.rmtmo.eu\/wp-content\/uploads\/2022\/02\/TrionWasserstaoff_DE.jpg","@id":"https:\/\/science.rmtmo.eu\/de\/neues\/05-04-2022-trinationale-konferenz-gruener-wasserstoff-pilotprojekte-und-perspektiven-am-oberrhein-in-basel\/#mainImage","width":960,"height":502},"primaryImageOfPage":{"@id":"https:\/\/science.rmtmo.eu\/de\/neues\/05-04-2022-trinationale-konferenz-gruener-wasserstoff-pilotprojekte-und-perspektiven-am-oberrhein-in-basel\/#mainImage"},"datePublished":"2022-02-15T10:41:41+01:00","dateModified":"2022-02-15T10:41:41+01:00"},{"@type":"WebSite","@id":"https:\/\/science.rmtmo.eu\/de\/#website","url":"https:\/\/science.rmtmo.eu\/de\/","name":"S\u00e4ule Wissenschaft","description":"Pilier Sciences","inLanguage":"de-DE","publisher":{"@id":"https:\/\/science.rmtmo.eu\/de\/#organization"}}]},"og:locale":"de_DE","og:site_name":"S\u00e4ule Wissenschaft | Pilier Sciences","og:type":"article","og:title":"05.04.2022: Trinationale Konferenz \u201eGr\u00fcner Wasserstoff: Pilotprojekte und Perspektiven am Oberrhein\u201c in Basel | S\u00e4ule Wissenschaft","og:description":"TRION-climate e.V. organisiert einen zweiten trinationalen Austausch am 5. April in Basel zum zukunftstr\u00e4chtigen Thema Wasserstoff. Dieses Event wurde von GRTgaz initiiert und wird vom Schweizer Verband der Gasindustrie, den Industriellen Werken Basel (IWB) und der Energiedienst Holding AG, sowie weiteren Vereinsmitgliedern von TRION-climate e.V. unterst\u00fctzt. Nach einer Keynote von Marc-Antoine Eyl-Mazzega, Direktor des Zentrums","og:url":"https:\/\/science.rmtmo.eu\/de\/neues\/05-04-2022-trinationale-konferenz-gruener-wasserstoff-pilotprojekte-und-perspektiven-am-oberrhein-in-basel\/","article:published_time":"2022-02-15T09:41:41+00:00","article:modified_time":"2022-02-15T09:41:41+00:00","twitter:card":"summary","twitter:title":"05.04.2022: Trinationale Konferenz \u201eGr\u00fcner Wasserstoff: Pilotprojekte und Perspektiven am Oberrhein\u201c in Basel | S\u00e4ule Wissenschaft","twitter:description":"TRION-climate e.V. organisiert einen zweiten trinationalen Austausch am 5. April in Basel zum zukunftstr\u00e4chtigen Thema Wasserstoff. Dieses Event wurde von GRTgaz initiiert und wird vom Schweizer Verband der Gasindustrie, den Industriellen Werken Basel (IWB) und der Energiedienst Holding AG, sowie weiteren Vereinsmitgliedern von TRION-climate e.V. unterst\u00fctzt. Nach einer Keynote von Marc-Antoine Eyl-Mazzega, Direktor des Zentrums"},"aioseo_meta_data":{"post_id":"11662","title":null,"description":null,"keywords":[],"keyphrases":{"focus":[],"additional":[]},"primary_term":null,"canonical_url":null,"og_title":null,"og_description":null,"og_object_type":"default","og_image_type":"default","og_image_url":null,"og_image_width":null,"og_image_height":null,"og_image_custom_url":null,"og_image_custom_fields":null,"og_video":"","og_custom_url":null,"og_article_section":null,"og_article_tags":[],"twitter_use_og":false,"twitter_card":"default","twitter_image_type":"default","twitter_image_url":null,"twitter_image_custom_url":null,"twitter_image_custom_fields":null,"twitter_title":null,"twitter_description":null,"schema":{"blockGraphs":[],"customGraphs":[],"default":{"data":{"Article":{"id":"aioseo-article-637b3a82d5344","slug":"article","graphName":"Article","label":"Article","properties":{"type":"BlogPosting","name":"#post_title","headline":"#post_title","description":"#post_excerpt","image":"","keywords":"","author":{"name":"#author_name","url":"#author_url"},"dates":{"include":true,"datePublished":"","dateModified":""}}},"Course":[],"Dataset":[],"FAQPage":[],"Movie":[],"Person":[],"Product":[],"ProductReview":[],"Car":[],"Recipe":[],"Service":[],"SoftwareApplication":[],"WebPage":[]},"graphName":"Article","isEnabled":true},"graphs":[]},"schema_type":"default","schema_type_options":"{\"article\":{\"articleType\":\"BlogPosting\"},\"course\":{\"name\":\"\",\"description\":\"\",\"provider\":\"\"},\"faq\":{\"pages\":[]},\"product\":{\"reviews\":[]},\"recipe\":{\"ingredients\":[],\"instructions\":[],\"keywords\":[]},\"software\":{\"reviews\":[],\"operatingSystems\":[]},\"webPage\":{\"webPageType\":\"WebPage\"}}","pillar_content":false,"robots_default":true,"robots_noindex":false,"robots_noarchive":false,"robots_nosnippet":false,"robots_nofollow":false,"robots_noimageindex":false,"robots_noodp":false,"robots_notranslate":false,"robots_max_snippet":"-1","robots_max_videopreview":"-1","robots_max_imagepreview":"large","priority":null,"frequency":"default","local_seo":null,"breadcrumb_settings":null,"limit_modified_date":false,"ai":null,"created":"2022-02-15 09:39:31","updated":"2025-07-09 00:23:46","focus_keyword":null,"additional_keywords":null,"truseo_locale":null,"seo_analyzer_scan_date":null},"aioseo_breadcrumb":"<div class=\"aioseo-breadcrumbs\"><span class=\"aioseo-breadcrumb\">\n\t\t\t<a href=\"https:\/\/science.rmtmo.eu\/de\/\" title=\"Home\">Home<\/a>\n\t\t<\/span><span class=\"aioseo-breadcrumb-separator\">&raquo;<\/span><span class=\"aioseo-breadcrumb\">\n\t\t\t<a href=\"https:\/\/science.rmtmo.eu\/de\/category\/neues\/\" title=\"Neues\">Neues<\/a>\n\t\t<\/span><span class=\"aioseo-breadcrumb-separator\">&raquo;<\/span><span class=\"aioseo-breadcrumb\">\n\t\t\t05.04.2022: Trinationale Konferenz \u201eGr\u00fcner Wasserstoff: Pilotprojekte und Perspektiven am Oberrhein\u201c in Basel\n\t\t<\/span><\/div>","aioseo_breadcrumb_json":[{"label":"Home","link":"https:\/\/science.rmtmo.eu\/de\/"},{"label":"Neues","link":"https:\/\/science.rmtmo.eu\/de\/category\/neues\/"},{"label":"05.04.2022: Trinationale Konferenz \u201eGr\u00fcner Wasserstoff: Pilotprojekte und Perspektiven am Oberrhein\u201c in Basel","link":"https:\/\/science.rmtmo.eu\/de\/neues\/05-04-2022-trinationale-konferenz-gruener-wasserstoff-pilotprojekte-und-perspektiven-am-oberrhein-in-basel\/"}],"_links":{"self":[{"href":"https:\/\/science.rmtmo.eu\/de\/wp-json\/wp\/v2\/posts\/11662","targetHints":{"allow":["GET"]}}],"collection":[{"href":"https:\/\/science.rmtmo.eu\/de\/wp-json\/wp\/v2\/posts"}],"about":[{"href":"https:\/\/science.rmtmo.eu\/de\/wp-json\/wp\/v2\/types\/post"}],"author":[{"embeddable":true,"href":"https:\/\/science.rmtmo.eu\/de\/wp-json\/wp\/v2\/users\/2"}],"replies":[{"embeddable":true,"href":"https:\/\/science.rmtmo.eu\/de\/wp-json\/wp\/v2\/comments?post=11662"}],"version-history":[{"count":1,"href":"https:\/\/science.rmtmo.eu\/de\/wp-json\/wp\/v2\/posts\/11662\/revisions"}],"predecessor-version":[{"id":11666,"href":"https:\/\/science.rmtmo.eu\/de\/wp-json\/wp\/v2\/posts\/11662\/revisions\/11666"}],"wp:featuredmedia":[{"embeddable":true,"href":"https:\/\/science.rmtmo.eu\/de\/wp-json\/wp\/v2\/media\/11663"}],"wp:attachment":[{"href":"https:\/\/science.rmtmo.eu\/de\/wp-json\/wp\/v2\/media?parent=11662"}],"wp:term":[{"taxonomy":"category","embeddable":true,"href":"https:\/\/science.rmtmo.eu\/de\/wp-json\/wp\/v2\/categories?post=11662"},{"taxonomy":"post_tag","embeddable":true,"href":"https:\/\/science.rmtmo.eu\/de\/wp-json\/wp\/v2\/tags?post=11662"}],"curies":[{"name":"wp","href":"https:\/\/api.w.org\/{rel}","templated":true}]}}