{"id":11485,"date":"2021-12-13T10:40:57","date_gmt":"2021-12-13T09:40:57","guid":{"rendered":"https:\/\/science.rmtmo.eu\/?p=11485"},"modified":"2021-12-13T10:40:57","modified_gmt":"2021-12-13T09:40:57","slug":"47-plenum-der-oberrheinkonferenz-vorstellung-der-studie-zur-folgenabschaetzung-des-gescheiterten-rahmenabkommens-zwischen-der-eu-und-der-schweiz-fuer-den-oberrhein","status":"publish","type":"post","link":"https:\/\/science.rmtmo.eu\/de\/neues\/47-plenum-der-oberrheinkonferenz-vorstellung-der-studie-zur-folgenabschaetzung-des-gescheiterten-rahmenabkommens-zwischen-der-eu-und-der-schweiz-fuer-den-oberrhein\/","title":{"rendered":"47. Plenum der Oberrheinkonferenz: Vorstellung der Studie zur Folgenabsch\u00e4tzung des gescheiterten Rahmenabkommens zwischen der EU und der Schweiz f\u00fcr den Oberrhein"},"content":{"rendered":"<p>Zum Abschluss ihrer Pr\u00e4sidentschaft der Deutsch-franz\u00f6sisch-schweizerischen Oberreinkonferenz (ORK) hat Regierungspr\u00e4sidentin B\u00e4rbel Sch\u00e4fer bei der digitalen Sitzung des trinationalen Gremiums Bilanz gezogen. Das Amtsjahr war gepr\u00e4gt von der COVID-Pandemie, zu der Ende November ein grenz\u00fcberschreitender Kongress organisiert wurde. Im kommenden Jahr wird Beat Jans, Regierungspr\u00e4sident des Kantons Basel-Stadt, die ORK-Pr\u00e4sidentschaft \u00fcbernehmen.<!--more--><br \/>\nDie Folgenabsch\u00e4tzung zum Scheitern des Rahmenabkommens zwischen der Europ\u00e4ischen Union und der Schweiz f\u00fcr den Oberrhein behandelt unter anderem die Forschungszusammenarbeit. Durch das Scheitern der Verhandlungen \u00fcber das Rahmenabkommen ist zum jetzigen Zeitpunkt eine Vollassoziierung der Schweiz f\u00fcr das 9. Rahmenprogramm f\u00fcr Forschung und Innovation (Horizon Europe), welches w\u00e4hrend der Zeitperiode 2021 bis 2027 l\u00e4uft, nicht m\u00f6glich. Die Schweiz nimmt an Horizon Europe im Status eines nicht-assoziierten Drittlandes teil. Die Konsequenz davon ist, dass Schweizer Forschende von der Teilnahme an Einzelprojekten ausgeschlossen sind. Nicht davon betroffen sind jedoch die meisten Verbundprojekte.<\/p>\n<p>Die Studie macht deutlich, dass ohne geregelte Beziehungen zwischen der Schweiz und der EU langfristig die Wettbewerbsf\u00e4higkeit, das Wachstum und letztendlich auch der Wohlstand im trinationalen Wirtschaftsraum Oberrhein bedroht ist. Um diese Entwicklungen zu verhindern hat die ORK Handlungsempfehlungen f\u00fcr die anstehende Sitzung der deutsch-franz\u00f6sisch-schweizerischen Regierungskommission beschlossen. So soll z.B. der Stimme der Grenzregionen mehr Gewicht gegeben werden indem eine Abstimmung mit anderen Grenzr\u00e4umen und deren beteiligten Nationalstaaten erfolgt.<br \/>\nWeitere Informationen auf der <a href=\"https:\/\/www.oberrheinkonferenz.org\/de\/oberrheinkonferenz\/aktuelle-informationen\/news\/items\/plenum-der-oberrheinkonferenz.html\" target=\"_blank\" rel=\"noopener\">Website der Oberrheinkonferenz<\/a><\/p>\n","protected":false},"excerpt":{"rendered":"<p>Zum Abschluss ihrer Pr\u00e4sidentschaft der Deutsch-franz\u00f6sisch-schweizerischen Oberreinkonferenz (ORK) hat Regierungspr\u00e4sidentin B\u00e4rbel Sch\u00e4fer bei der digitalen Sitzung des trinationalen Gremiums Bilanz gezogen. Das Amtsjahr war gepr\u00e4gt von der COVID-Pandemie, zu der Ende November ein grenz\u00fcberschreitender Kongress organisiert wurde. Im kommenden Jahr wird Beat Jans, Regierungspr\u00e4sident des Kantons Basel-Stadt, die ORK-Pr\u00e4sidentschaft \u00fcbernehmen.<\/p>\n","protected":false},"author":2,"featured_media":11020,"comment_status":"closed","ping_status":"closed","sticky":false,"template":"","format":"standard","meta":{"ngg_post_thumbnail":0,"footnotes":""},"categories":[],"tags":[],"class_list":["post-11485","post","type-post","status-publish","format-standard","has-post-thumbnail","hentry"],"aioseo_notices":[],"aioseo_head":"\n\t\t<!-- All in One SEO 5.0.1 - aioseo.com -->\n\t<meta name=\"description\" content=\"Zum Abschluss ihrer Pr\u00e4sidentschaft der Deutsch-franz\u00f6sisch-schweizerischen Oberreinkonferenz (ORK) hat Regierungspr\u00e4sidentin B\u00e4rbel Sch\u00e4fer bei der digitalen Sitzung des trinationalen Gremiums Bilanz gezogen. Das Amtsjahr war gepr\u00e4gt von der COVID-Pandemie, zu der Ende November ein grenz\u00fcberschreitender Kongress organisiert wurde. Im kommenden Jahr wird Beat Jans, Regierungspr\u00e4sident des Kantons Basel-Stadt, die ORK-Pr\u00e4sidentschaft \u00fcbernehmen. Die Folgenabsch\u00e4tzung zum Scheitern des\" \/>\n\t<meta name=\"robots\" content=\"max-image-preview:large\" \/>\n\t<meta name=\"author\" content=\"Julia Schoppe\"\/>\n\t<link rel=\"canonical\" href=\"https:\/\/science.rmtmo.eu\/de\/neues\/47-plenum-der-oberrheinkonferenz-vorstellung-der-studie-zur-folgenabschaetzung-des-gescheiterten-rahmenabkommens-zwischen-der-eu-und-der-schweiz-fuer-den-oberrhein\/\" \/>\n\t<meta name=\"generator\" content=\"All in One SEO (AIOSEO) 5.0.1\" \/>\n\t\t<meta property=\"og:locale\" content=\"de_DE\" \/>\n\t\t<meta property=\"og:site_name\" content=\"S\u00e4ule Wissenschaft | Pilier Sciences\" \/>\n\t\t<meta property=\"og:type\" content=\"article\" \/>\n\t\t<meta property=\"og:title\" content=\"47. Plenum der Oberrheinkonferenz: Vorstellung der Studie zur Folgenabsch\u00e4tzung des gescheiterten Rahmenabkommens zwischen der EU und der Schweiz f\u00fcr den Oberrhein | S\u00e4ule Wissenschaft\" \/>\n\t\t<meta property=\"og:description\" content=\"Zum Abschluss ihrer Pr\u00e4sidentschaft der Deutsch-franz\u00f6sisch-schweizerischen Oberreinkonferenz (ORK) hat Regierungspr\u00e4sidentin B\u00e4rbel Sch\u00e4fer bei der digitalen Sitzung des trinationalen Gremiums Bilanz gezogen. Das Amtsjahr war gepr\u00e4gt von der COVID-Pandemie, zu der Ende November ein grenz\u00fcberschreitender Kongress organisiert wurde. Im kommenden Jahr wird Beat Jans, Regierungspr\u00e4sident des Kantons Basel-Stadt, die ORK-Pr\u00e4sidentschaft \u00fcbernehmen. Die Folgenabsch\u00e4tzung zum Scheitern des\" \/>\n\t\t<meta property=\"og:url\" content=\"https:\/\/science.rmtmo.eu\/de\/neues\/47-plenum-der-oberrheinkonferenz-vorstellung-der-studie-zur-folgenabschaetzung-des-gescheiterten-rahmenabkommens-zwischen-der-eu-und-der-schweiz-fuer-den-oberrhein\/\" \/>\n\t\t<meta property=\"article:published_time\" content=\"2021-12-13T09:40:57+00:00\" \/>\n\t\t<meta property=\"article:modified_time\" content=\"2021-12-13T09:40:57+00:00\" \/>\n\t\t<meta name=\"twitter:card\" content=\"summary\" \/>\n\t\t<meta name=\"twitter:title\" content=\"47. Plenum der Oberrheinkonferenz: Vorstellung der Studie zur Folgenabsch\u00e4tzung des gescheiterten Rahmenabkommens zwischen der EU und der Schweiz f\u00fcr den Oberrhein | S\u00e4ule Wissenschaft\" \/>\n\t\t<meta name=\"twitter:description\" content=\"Zum Abschluss ihrer Pr\u00e4sidentschaft der Deutsch-franz\u00f6sisch-schweizerischen Oberreinkonferenz (ORK) hat Regierungspr\u00e4sidentin B\u00e4rbel Sch\u00e4fer bei der digitalen Sitzung des trinationalen Gremiums Bilanz gezogen. Das Amtsjahr war gepr\u00e4gt von der COVID-Pandemie, zu der Ende November ein grenz\u00fcberschreitender Kongress organisiert wurde. Im kommenden Jahr wird Beat Jans, Regierungspr\u00e4sident des Kantons Basel-Stadt, die ORK-Pr\u00e4sidentschaft \u00fcbernehmen. Die Folgenabsch\u00e4tzung zum Scheitern des\" \/>\n\t\t<script type=\"application\/ld+json\" class=\"aioseo-schema\">\n\t\t\t{\"@context\":\"https:\\\/\\\/schema.org\",\"@graph\":[{\"@type\":\"Article\",\"@id\":\"https:\\\/\\\/science.rmtmo.eu\\\/de\\\/neues\\\/47-plenum-der-oberrheinkonferenz-vorstellung-der-studie-zur-folgenabschaetzung-des-gescheiterten-rahmenabkommens-zwischen-der-eu-und-der-schweiz-fuer-den-oberrhein\\\/#article\",\"name\":\"47. Plenum der Oberrheinkonferenz: Vorstellung der Studie zur Folgenabsch\\u00e4tzung des gescheiterten Rahmenabkommens zwischen der EU und der Schweiz f\\u00fcr den Oberrhein | S\\u00e4ule Wissenschaft\",\"headline\":\"47. Plenum der Oberrheinkonferenz: Vorstellung der Studie zur Folgenabsch\\u00e4tzung des gescheiterten Rahmenabkommens zwischen der EU und der Schweiz f\\u00fcr den Oberrhein\",\"author\":{\"@id\":\"https:\\\/\\\/science.rmtmo.eu\\\/de\\\/#author\"},\"publisher\":{\"@id\":\"https:\\\/\\\/science.rmtmo.eu\\\/de\\\/#organization\"},\"image\":{\"@type\":\"ImageObject\",\"url\":\"https:\\\/\\\/science.rmtmo.eu\\\/wp-content\\\/uploads\\\/2021\\\/08\\\/CRS.jpg\",\"width\":448,\"height\":144},\"datePublished\":\"2021-12-13T10:40:57+01:00\",\"dateModified\":\"2021-12-13T10:40:57+01:00\",\"inLanguage\":\"de-DE\",\"mainEntityOfPage\":{\"@id\":\"https:\\\/\\\/science.rmtmo.eu\\\/de\\\/neues\\\/47-plenum-der-oberrheinkonferenz-vorstellung-der-studie-zur-folgenabschaetzung-des-gescheiterten-rahmenabkommens-zwischen-der-eu-und-der-schweiz-fuer-den-oberrhein\\\/#webpage\"},\"isPartOf\":{\"@id\":\"https:\\\/\\\/science.rmtmo.eu\\\/de\\\/neues\\\/47-plenum-der-oberrheinkonferenz-vorstellung-der-studie-zur-folgenabschaetzung-des-gescheiterten-rahmenabkommens-zwischen-der-eu-und-der-schweiz-fuer-den-oberrhein\\\/#webpage\"}},{\"@type\":\"BreadcrumbList\",\"@id\":\"https:\\\/\\\/science.rmtmo.eu\\\/de\\\/neues\\\/47-plenum-der-oberrheinkonferenz-vorstellung-der-studie-zur-folgenabschaetzung-des-gescheiterten-rahmenabkommens-zwischen-der-eu-und-der-schweiz-fuer-den-oberrhein\\\/#breadcrumblist\",\"itemListElement\":[{\"@type\":\"ListItem\",\"@id\":\"https:\\\/\\\/science.rmtmo.eu\\\/de\\\/#listItem\",\"position\":1,\"name\":\"Home\",\"item\":\"https:\\\/\\\/science.rmtmo.eu\\\/de\\\/\",\"nextItem\":{\"@type\":\"ListItem\",\"@id\":\"https:\\\/\\\/science.rmtmo.eu\\\/de\\\/neues\\\/47-plenum-der-oberrheinkonferenz-vorstellung-der-studie-zur-folgenabschaetzung-des-gescheiterten-rahmenabkommens-zwischen-der-eu-und-der-schweiz-fuer-den-oberrhein\\\/#listItem\",\"name\":\"47. Plenum der Oberrheinkonferenz: Vorstellung der Studie zur Folgenabsch\\u00e4tzung des gescheiterten Rahmenabkommens zwischen der EU und der Schweiz f\\u00fcr den Oberrhein\"}},{\"@type\":\"ListItem\",\"@id\":\"https:\\\/\\\/science.rmtmo.eu\\\/de\\\/neues\\\/47-plenum-der-oberrheinkonferenz-vorstellung-der-studie-zur-folgenabschaetzung-des-gescheiterten-rahmenabkommens-zwischen-der-eu-und-der-schweiz-fuer-den-oberrhein\\\/#listItem\",\"position\":2,\"name\":\"47. Plenum der Oberrheinkonferenz: Vorstellung der Studie zur Folgenabsch\\u00e4tzung des gescheiterten Rahmenabkommens zwischen der EU und der Schweiz f\\u00fcr den Oberrhein\",\"previousItem\":{\"@type\":\"ListItem\",\"@id\":\"https:\\\/\\\/science.rmtmo.eu\\\/de\\\/#listItem\",\"name\":\"Home\"}}]},{\"@type\":\"Organization\",\"@id\":\"https:\\\/\\\/science.rmtmo.eu\\\/de\\\/#organization\",\"name\":\"S\\u00e4ule Wissenschaft\",\"description\":\"Pilier Sciences\",\"url\":\"https:\\\/\\\/science.rmtmo.eu\\\/de\\\/\"},{\"@type\":\"Person\",\"@id\":\"https:\\\/\\\/science.rmtmo.eu\\\/de\\\/#author\",\"url\":\"https:\\\/\\\/science.rmtmo.eu\\\/de\\\/\",\"name\":\"Julia Schoppe\",\"image\":{\"@type\":\"ImageObject\",\"@id\":\"https:\\\/\\\/science.rmtmo.eu\\\/de\\\/neues\\\/47-plenum-der-oberrheinkonferenz-vorstellung-der-studie-zur-folgenabschaetzung-des-gescheiterten-rahmenabkommens-zwischen-der-eu-und-der-schweiz-fuer-den-oberrhein\\\/#authorImage\",\"url\":\"https:\\\/\\\/secure.gravatar.com\\\/avatar\\\/a901258a7b8dcf03b30368978e66936d1876b26f972c0de45f958d78752a1f9e?s=96&d=mm&r=g\",\"width\":96,\"height\":96,\"caption\":\"Julia Schoppe\"}},{\"@type\":\"WebPage\",\"@id\":\"https:\\\/\\\/science.rmtmo.eu\\\/de\\\/neues\\\/47-plenum-der-oberrheinkonferenz-vorstellung-der-studie-zur-folgenabschaetzung-des-gescheiterten-rahmenabkommens-zwischen-der-eu-und-der-schweiz-fuer-den-oberrhein\\\/#webpage\",\"url\":\"https:\\\/\\\/science.rmtmo.eu\\\/de\\\/neues\\\/47-plenum-der-oberrheinkonferenz-vorstellung-der-studie-zur-folgenabschaetzung-des-gescheiterten-rahmenabkommens-zwischen-der-eu-und-der-schweiz-fuer-den-oberrhein\\\/\",\"name\":\"47. Plenum der Oberrheinkonferenz: Vorstellung der Studie zur Folgenabsch\\u00e4tzung des gescheiterten Rahmenabkommens zwischen der EU und der Schweiz f\\u00fcr den Oberrhein | S\\u00e4ule Wissenschaft\",\"description\":\"Zum Abschluss ihrer Pr\\u00e4sidentschaft der Deutsch-franz\\u00f6sisch-schweizerischen Oberreinkonferenz (ORK) hat Regierungspr\\u00e4sidentin B\\u00e4rbel Sch\\u00e4fer bei der digitalen Sitzung des trinationalen Gremiums Bilanz gezogen. Das Amtsjahr war gepr\\u00e4gt von der COVID-Pandemie, zu der Ende November ein grenz\\u00fcberschreitender Kongress organisiert wurde. Im kommenden Jahr wird Beat Jans, Regierungspr\\u00e4sident des Kantons Basel-Stadt, die ORK-Pr\\u00e4sidentschaft \\u00fcbernehmen. Die Folgenabsch\\u00e4tzung zum Scheitern des\",\"inLanguage\":\"de-DE\",\"isPartOf\":{\"@id\":\"https:\\\/\\\/science.rmtmo.eu\\\/de\\\/#website\"},\"breadcrumb\":{\"@id\":\"https:\\\/\\\/science.rmtmo.eu\\\/de\\\/neues\\\/47-plenum-der-oberrheinkonferenz-vorstellung-der-studie-zur-folgenabschaetzung-des-gescheiterten-rahmenabkommens-zwischen-der-eu-und-der-schweiz-fuer-den-oberrhein\\\/#breadcrumblist\"},\"author\":{\"@id\":\"https:\\\/\\\/science.rmtmo.eu\\\/de\\\/#author\"},\"creator\":{\"@id\":\"https:\\\/\\\/science.rmtmo.eu\\\/de\\\/#author\"},\"image\":{\"@type\":\"ImageObject\",\"url\":\"https:\\\/\\\/science.rmtmo.eu\\\/wp-content\\\/uploads\\\/2021\\\/08\\\/CRS.jpg\",\"@id\":\"https:\\\/\\\/science.rmtmo.eu\\\/de\\\/neues\\\/47-plenum-der-oberrheinkonferenz-vorstellung-der-studie-zur-folgenabschaetzung-des-gescheiterten-rahmenabkommens-zwischen-der-eu-und-der-schweiz-fuer-den-oberrhein\\\/#mainImage\",\"width\":448,\"height\":144},\"primaryImageOfPage\":{\"@id\":\"https:\\\/\\\/science.rmtmo.eu\\\/de\\\/neues\\\/47-plenum-der-oberrheinkonferenz-vorstellung-der-studie-zur-folgenabschaetzung-des-gescheiterten-rahmenabkommens-zwischen-der-eu-und-der-schweiz-fuer-den-oberrhein\\\/#mainImage\"},\"datePublished\":\"2021-12-13T10:40:57+01:00\",\"dateModified\":\"2021-12-13T10:40:57+01:00\"},{\"@type\":\"WebSite\",\"@id\":\"https:\\\/\\\/science.rmtmo.eu\\\/de\\\/#website\",\"url\":\"https:\\\/\\\/science.rmtmo.eu\\\/de\\\/\",\"name\":\"S\\u00e4ule Wissenschaft\",\"description\":\"Pilier Sciences\",\"inLanguage\":\"de-DE\",\"publisher\":{\"@id\":\"https:\\\/\\\/science.rmtmo.eu\\\/de\\\/#organization\"}}]}\n\t\t<\/script>\n\t\t<!-- All in One SEO -->\n\n","aioseo_head_json":{"title":"47. Plenum der Oberrheinkonferenz: Vorstellung der Studie zur Folgenabsch\u00e4tzung des gescheiterten Rahmenabkommens zwischen der EU und der Schweiz f\u00fcr den Oberrhein | S\u00e4ule Wissenschaft","description":"Zum Abschluss ihrer Pr\u00e4sidentschaft der Deutsch-franz\u00f6sisch-schweizerischen Oberreinkonferenz (ORK) hat Regierungspr\u00e4sidentin B\u00e4rbel Sch\u00e4fer bei der digitalen Sitzung des trinationalen Gremiums Bilanz gezogen. Das Amtsjahr war gepr\u00e4gt von der COVID-Pandemie, zu der Ende November ein grenz\u00fcberschreitender Kongress organisiert wurde. Im kommenden Jahr wird Beat Jans, Regierungspr\u00e4sident des Kantons Basel-Stadt, die ORK-Pr\u00e4sidentschaft \u00fcbernehmen. Die Folgenabsch\u00e4tzung zum Scheitern des","canonical_url":"https:\/\/science.rmtmo.eu\/de\/neues\/47-plenum-der-oberrheinkonferenz-vorstellung-der-studie-zur-folgenabschaetzung-des-gescheiterten-rahmenabkommens-zwischen-der-eu-und-der-schweiz-fuer-den-oberrhein\/","robots":"max-image-preview:large","keywords":"","webmasterTools":{"miscellaneous":""},"schema":{"@context":"https:\/\/schema.org","@graph":[{"@type":"Article","@id":"https:\/\/science.rmtmo.eu\/de\/neues\/47-plenum-der-oberrheinkonferenz-vorstellung-der-studie-zur-folgenabschaetzung-des-gescheiterten-rahmenabkommens-zwischen-der-eu-und-der-schweiz-fuer-den-oberrhein\/#article","name":"47. Plenum der Oberrheinkonferenz: Vorstellung der Studie zur Folgenabsch\u00e4tzung des gescheiterten Rahmenabkommens zwischen der EU und der Schweiz f\u00fcr den Oberrhein | S\u00e4ule Wissenschaft","headline":"47. Plenum der Oberrheinkonferenz: Vorstellung der Studie zur Folgenabsch\u00e4tzung des gescheiterten Rahmenabkommens zwischen der EU und der Schweiz f\u00fcr den Oberrhein","author":{"@id":"https:\/\/science.rmtmo.eu\/de\/#author"},"publisher":{"@id":"https:\/\/science.rmtmo.eu\/de\/#organization"},"image":{"@type":"ImageObject","url":"https:\/\/science.rmtmo.eu\/wp-content\/uploads\/2021\/08\/CRS.jpg","width":448,"height":144},"datePublished":"2021-12-13T10:40:57+01:00","dateModified":"2021-12-13T10:40:57+01:00","inLanguage":"de-DE","mainEntityOfPage":{"@id":"https:\/\/science.rmtmo.eu\/de\/neues\/47-plenum-der-oberrheinkonferenz-vorstellung-der-studie-zur-folgenabschaetzung-des-gescheiterten-rahmenabkommens-zwischen-der-eu-und-der-schweiz-fuer-den-oberrhein\/#webpage"},"isPartOf":{"@id":"https:\/\/science.rmtmo.eu\/de\/neues\/47-plenum-der-oberrheinkonferenz-vorstellung-der-studie-zur-folgenabschaetzung-des-gescheiterten-rahmenabkommens-zwischen-der-eu-und-der-schweiz-fuer-den-oberrhein\/#webpage"}},{"@type":"BreadcrumbList","@id":"https:\/\/science.rmtmo.eu\/de\/neues\/47-plenum-der-oberrheinkonferenz-vorstellung-der-studie-zur-folgenabschaetzung-des-gescheiterten-rahmenabkommens-zwischen-der-eu-und-der-schweiz-fuer-den-oberrhein\/#breadcrumblist","itemListElement":[{"@type":"ListItem","@id":"https:\/\/science.rmtmo.eu\/de\/#listItem","position":1,"name":"Home","item":"https:\/\/science.rmtmo.eu\/de\/","nextItem":{"@type":"ListItem","@id":"https:\/\/science.rmtmo.eu\/de\/neues\/47-plenum-der-oberrheinkonferenz-vorstellung-der-studie-zur-folgenabschaetzung-des-gescheiterten-rahmenabkommens-zwischen-der-eu-und-der-schweiz-fuer-den-oberrhein\/#listItem","name":"47. Plenum der Oberrheinkonferenz: Vorstellung der Studie zur Folgenabsch\u00e4tzung des gescheiterten Rahmenabkommens zwischen der EU und der Schweiz f\u00fcr den Oberrhein"}},{"@type":"ListItem","@id":"https:\/\/science.rmtmo.eu\/de\/neues\/47-plenum-der-oberrheinkonferenz-vorstellung-der-studie-zur-folgenabschaetzung-des-gescheiterten-rahmenabkommens-zwischen-der-eu-und-der-schweiz-fuer-den-oberrhein\/#listItem","position":2,"name":"47. Plenum der Oberrheinkonferenz: Vorstellung der Studie zur Folgenabsch\u00e4tzung des gescheiterten Rahmenabkommens zwischen der EU und der Schweiz f\u00fcr den Oberrhein","previousItem":{"@type":"ListItem","@id":"https:\/\/science.rmtmo.eu\/de\/#listItem","name":"Home"}}]},{"@type":"Organization","@id":"https:\/\/science.rmtmo.eu\/de\/#organization","name":"S\u00e4ule Wissenschaft","description":"Pilier Sciences","url":"https:\/\/science.rmtmo.eu\/de\/"},{"@type":"Person","@id":"https:\/\/science.rmtmo.eu\/de\/#author","url":"https:\/\/science.rmtmo.eu\/de\/","name":"Julia Schoppe","image":{"@type":"ImageObject","@id":"https:\/\/science.rmtmo.eu\/de\/neues\/47-plenum-der-oberrheinkonferenz-vorstellung-der-studie-zur-folgenabschaetzung-des-gescheiterten-rahmenabkommens-zwischen-der-eu-und-der-schweiz-fuer-den-oberrhein\/#authorImage","url":"https:\/\/secure.gravatar.com\/avatar\/a901258a7b8dcf03b30368978e66936d1876b26f972c0de45f958d78752a1f9e?s=96&d=mm&r=g","width":96,"height":96,"caption":"Julia Schoppe"}},{"@type":"WebPage","@id":"https:\/\/science.rmtmo.eu\/de\/neues\/47-plenum-der-oberrheinkonferenz-vorstellung-der-studie-zur-folgenabschaetzung-des-gescheiterten-rahmenabkommens-zwischen-der-eu-und-der-schweiz-fuer-den-oberrhein\/#webpage","url":"https:\/\/science.rmtmo.eu\/de\/neues\/47-plenum-der-oberrheinkonferenz-vorstellung-der-studie-zur-folgenabschaetzung-des-gescheiterten-rahmenabkommens-zwischen-der-eu-und-der-schweiz-fuer-den-oberrhein\/","name":"47. Plenum der Oberrheinkonferenz: Vorstellung der Studie zur Folgenabsch\u00e4tzung des gescheiterten Rahmenabkommens zwischen der EU und der Schweiz f\u00fcr den Oberrhein | S\u00e4ule Wissenschaft","description":"Zum Abschluss ihrer Pr\u00e4sidentschaft der Deutsch-franz\u00f6sisch-schweizerischen Oberreinkonferenz (ORK) hat Regierungspr\u00e4sidentin B\u00e4rbel Sch\u00e4fer bei der digitalen Sitzung des trinationalen Gremiums Bilanz gezogen. Das Amtsjahr war gepr\u00e4gt von der COVID-Pandemie, zu der Ende November ein grenz\u00fcberschreitender Kongress organisiert wurde. Im kommenden Jahr wird Beat Jans, Regierungspr\u00e4sident des Kantons Basel-Stadt, die ORK-Pr\u00e4sidentschaft \u00fcbernehmen. Die Folgenabsch\u00e4tzung zum Scheitern des","inLanguage":"de-DE","isPartOf":{"@id":"https:\/\/science.rmtmo.eu\/de\/#website"},"breadcrumb":{"@id":"https:\/\/science.rmtmo.eu\/de\/neues\/47-plenum-der-oberrheinkonferenz-vorstellung-der-studie-zur-folgenabschaetzung-des-gescheiterten-rahmenabkommens-zwischen-der-eu-und-der-schweiz-fuer-den-oberrhein\/#breadcrumblist"},"author":{"@id":"https:\/\/science.rmtmo.eu\/de\/#author"},"creator":{"@id":"https:\/\/science.rmtmo.eu\/de\/#author"},"image":{"@type":"ImageObject","url":"https:\/\/science.rmtmo.eu\/wp-content\/uploads\/2021\/08\/CRS.jpg","@id":"https:\/\/science.rmtmo.eu\/de\/neues\/47-plenum-der-oberrheinkonferenz-vorstellung-der-studie-zur-folgenabschaetzung-des-gescheiterten-rahmenabkommens-zwischen-der-eu-und-der-schweiz-fuer-den-oberrhein\/#mainImage","width":448,"height":144},"primaryImageOfPage":{"@id":"https:\/\/science.rmtmo.eu\/de\/neues\/47-plenum-der-oberrheinkonferenz-vorstellung-der-studie-zur-folgenabschaetzung-des-gescheiterten-rahmenabkommens-zwischen-der-eu-und-der-schweiz-fuer-den-oberrhein\/#mainImage"},"datePublished":"2021-12-13T10:40:57+01:00","dateModified":"2021-12-13T10:40:57+01:00"},{"@type":"WebSite","@id":"https:\/\/science.rmtmo.eu\/de\/#website","url":"https:\/\/science.rmtmo.eu\/de\/","name":"S\u00e4ule Wissenschaft","description":"Pilier Sciences","inLanguage":"de-DE","publisher":{"@id":"https:\/\/science.rmtmo.eu\/de\/#organization"}}]},"og:locale":"de_DE","og:site_name":"S\u00e4ule Wissenschaft | Pilier Sciences","og:type":"article","og:title":"47. Plenum der Oberrheinkonferenz: Vorstellung der Studie zur Folgenabsch\u00e4tzung des gescheiterten Rahmenabkommens zwischen der EU und der Schweiz f\u00fcr den Oberrhein | S\u00e4ule Wissenschaft","og:description":"Zum Abschluss ihrer Pr\u00e4sidentschaft der Deutsch-franz\u00f6sisch-schweizerischen Oberreinkonferenz (ORK) hat Regierungspr\u00e4sidentin B\u00e4rbel Sch\u00e4fer bei der digitalen Sitzung des trinationalen Gremiums Bilanz gezogen. Das Amtsjahr war gepr\u00e4gt von der COVID-Pandemie, zu der Ende November ein grenz\u00fcberschreitender Kongress organisiert wurde. Im kommenden Jahr wird Beat Jans, Regierungspr\u00e4sident des Kantons Basel-Stadt, die ORK-Pr\u00e4sidentschaft \u00fcbernehmen. Die Folgenabsch\u00e4tzung zum Scheitern des","og:url":"https:\/\/science.rmtmo.eu\/de\/neues\/47-plenum-der-oberrheinkonferenz-vorstellung-der-studie-zur-folgenabschaetzung-des-gescheiterten-rahmenabkommens-zwischen-der-eu-und-der-schweiz-fuer-den-oberrhein\/","article:published_time":"2021-12-13T09:40:57+00:00","article:modified_time":"2021-12-13T09:40:57+00:00","twitter:card":"summary","twitter:title":"47. Plenum der Oberrheinkonferenz: Vorstellung der Studie zur Folgenabsch\u00e4tzung des gescheiterten Rahmenabkommens zwischen der EU und der Schweiz f\u00fcr den Oberrhein | S\u00e4ule Wissenschaft","twitter:description":"Zum Abschluss ihrer Pr\u00e4sidentschaft der Deutsch-franz\u00f6sisch-schweizerischen Oberreinkonferenz (ORK) hat Regierungspr\u00e4sidentin B\u00e4rbel Sch\u00e4fer bei der digitalen Sitzung des trinationalen Gremiums Bilanz gezogen. Das Amtsjahr war gepr\u00e4gt von der COVID-Pandemie, zu der Ende November ein grenz\u00fcberschreitender Kongress organisiert wurde. Im kommenden Jahr wird Beat Jans, Regierungspr\u00e4sident des Kantons Basel-Stadt, die ORK-Pr\u00e4sidentschaft \u00fcbernehmen. Die Folgenabsch\u00e4tzung zum Scheitern des"},"aioseo_meta_data":{"post_id":"11485","title":null,"description":null,"keywords":[],"keyphrases":{"focus":[],"additional":[]},"primary_term":null,"canonical_url":null,"og_title":null,"og_description":null,"og_object_type":"default","og_image_type":"default","og_image_url":null,"og_image_width":null,"og_image_height":null,"og_image_custom_url":null,"og_image_custom_fields":null,"og_video":"","og_custom_url":null,"og_article_section":null,"og_article_tags":[],"twitter_use_og":false,"twitter_card":"default","twitter_image_type":"default","twitter_image_url":null,"twitter_image_custom_url":null,"twitter_image_custom_fields":null,"twitter_title":null,"twitter_description":null,"schema":{"blockGraphs":[],"customGraphs":[],"default":{"data":{"Article":{"id":"aioseo-article-637b3a8335607","slug":"article","graphName":"Article","label":"Article","properties":{"type":"BlogPosting","name":"#post_title","headline":"#post_title","description":"#post_excerpt","image":"","keywords":"","author":{"name":"#author_name","url":"#author_url"},"dates":{"include":true,"datePublished":"","dateModified":""}}},"Course":[],"Dataset":[],"FAQPage":[],"Movie":[],"Person":[],"Product":[],"ProductReview":[],"Car":[],"Recipe":[],"Service":[],"SoftwareApplication":[],"WebPage":[]},"graphName":"Article","isEnabled":true},"graphs":[]},"schema_type":"default","schema_type_options":"{\"article\":{\"articleType\":\"BlogPosting\"},\"course\":{\"name\":\"\",\"description\":\"\",\"provider\":\"\"},\"faq\":{\"pages\":[]},\"product\":{\"reviews\":[]},\"recipe\":{\"ingredients\":[],\"instructions\":[],\"keywords\":[]},\"software\":{\"reviews\":[],\"operatingSystems\":[]},\"webPage\":{\"webPageType\":\"WebPage\"}}","pillar_content":false,"robots_default":true,"robots_noindex":false,"robots_noarchive":false,"robots_nosnippet":false,"robots_nofollow":false,"robots_noimageindex":false,"robots_noodp":false,"robots_notranslate":false,"robots_max_snippet":"-1","robots_max_videopreview":"-1","robots_max_imagepreview":"large","priority":null,"frequency":"default","local_seo":null,"breadcrumb_settings":null,"limit_modified_date":false,"ai":null,"created":"2021-12-13 09:39:10","updated":"2025-07-09 00:19:05","focus_keyword":null,"additional_keywords":null,"truseo_locale":null,"seo_analyzer_scan_date":null},"aioseo_breadcrumb":"<div class=\"aioseo-breadcrumbs\"><span class=\"aioseo-breadcrumb\">\n\t\t\t<a href=\"https:\/\/science.rmtmo.eu\/de\/\" title=\"Home\">Home<\/a>\n\t\t<\/span><span class=\"aioseo-breadcrumb-separator\">&raquo;<\/span><span class=\"aioseo-breadcrumb\">\n\t\t\t47. Plenum der Oberrheinkonferenz: Vorstellung der Studie zur Folgenabsch\u00e4tzung des gescheiterten Rahmenabkommens zwischen der EU und der Schweiz f\u00fcr den Oberrhein\n\t\t<\/span><\/div>","aioseo_breadcrumb_json":[{"label":"Home","link":"https:\/\/science.rmtmo.eu\/de\/"},{"label":"47. Plenum der Oberrheinkonferenz: Vorstellung der Studie zur Folgenabsch\u00e4tzung des gescheiterten Rahmenabkommens zwischen der EU und der Schweiz f\u00fcr den Oberrhein","link":"https:\/\/science.rmtmo.eu\/de\/neues\/47-plenum-der-oberrheinkonferenz-vorstellung-der-studie-zur-folgenabschaetzung-des-gescheiterten-rahmenabkommens-zwischen-der-eu-und-der-schweiz-fuer-den-oberrhein\/"}],"_links":{"self":[{"href":"https:\/\/science.rmtmo.eu\/de\/wp-json\/wp\/v2\/posts\/11485","targetHints":{"allow":["GET"]}}],"collection":[{"href":"https:\/\/science.rmtmo.eu\/de\/wp-json\/wp\/v2\/posts"}],"about":[{"href":"https:\/\/science.rmtmo.eu\/de\/wp-json\/wp\/v2\/types\/post"}],"author":[{"embeddable":true,"href":"https:\/\/science.rmtmo.eu\/de\/wp-json\/wp\/v2\/users\/2"}],"replies":[{"embeddable":true,"href":"https:\/\/science.rmtmo.eu\/de\/wp-json\/wp\/v2\/comments?post=11485"}],"version-history":[{"count":1,"href":"https:\/\/science.rmtmo.eu\/de\/wp-json\/wp\/v2\/posts\/11485\/revisions"}],"predecessor-version":[{"id":11486,"href":"https:\/\/science.rmtmo.eu\/de\/wp-json\/wp\/v2\/posts\/11485\/revisions\/11486"}],"wp:featuredmedia":[{"embeddable":true,"href":"https:\/\/science.rmtmo.eu\/de\/wp-json\/wp\/v2\/media\/11020"}],"wp:attachment":[{"href":"https:\/\/science.rmtmo.eu\/de\/wp-json\/wp\/v2\/media?parent=11485"}],"wp:term":[{"taxonomy":"category","embeddable":true,"href":"https:\/\/science.rmtmo.eu\/de\/wp-json\/wp\/v2\/categories?post=11485"},{"taxonomy":"post_tag","embeddable":true,"href":"https:\/\/science.rmtmo.eu\/de\/wp-json\/wp\/v2\/tags?post=11485"}],"curies":[{"name":"wp","href":"https:\/\/api.w.org\/{rel}","templated":true}]}}