{"id":11426,"date":"2021-11-17T22:29:23","date_gmt":"2021-11-17T21:29:23","guid":{"rendered":"https:\/\/science.rmtmo.eu\/?p=11426"},"modified":"2021-11-17T22:29:23","modified_gmt":"2021-11-17T21:29:23","slug":"30-11-2021-informationsveranstaltung-zu-den-interreg-programmen-in-rheinland-pfalz-fuer-den-zeitraum-2021-2027","status":"publish","type":"post","link":"https:\/\/science.rmtmo.eu\/de\/neues\/30-11-2021-informationsveranstaltung-zu-den-interreg-programmen-in-rheinland-pfalz-fuer-den-zeitraum-2021-2027\/","title":{"rendered":"30.11.2021 Informationsveranstaltung zu den Interreg-Programmen in Rheinland-Pfalz f\u00fcr den Zeitraum 2021-2027"},"content":{"rendered":"<p>Das Ministerium des Innern und f\u00fcr Sport Rheinland-Pfalz richtet eine digitalen Informations- und Netzwerk-Veranstaltung zum Start der neuen Generation der Interreg-F\u00f6rderprogramme 2021-2027 aus. Rheinland-pf\u00e4lzische Kommunen, Unternehmen, Kammern, Vereine, Forschungseinrichtungen und weitere \u00f6ffentliche und private Akteure k\u00f6nnen mit Interreg in europ\u00e4ischen Kooperationsprojekten neue Ans\u00e4tze und L\u00f6sungen entwickeln, testen und umsetzen. <!--more--><\/p>\n<p>Es werden thematische Informationsveranstaltungen angeboten sowie die Teilnahme an einem virtuellen Forum, in dem die Teilnehmenden sich umschauen und mit Expert.innen in Kontakt treten k\u00f6nnen. Es werden die Themen Innovation, Transfer und Forschung behandelt.<\/p>\n<p>Eine Anmeldung ist bis zum 23. November \u00fcber das <a href=\"https:\/\/pretix.eu\/info-interreg\/t7d9u\/\">entsprechende Online-Formular<\/a> m\u00f6glich<\/p>\n<p class=\"Default\">Weitere Informationen zu&nbsp;<strong>Programm und Anmeldung<\/strong>&nbsp;finden Sie&nbsp;<a class=\"download\" href=\"https:\/\/mdi.rlp.de\/fileadmin\/isim\/Unsere_Themen\/Landesplanung_Abteilung_7\/Europaeische_Raumentwicklung\/Einladung_Interreg_Veranstaltung_RLP_MdI.pdf\" target=\"_blank\" rel=\"noopener\">hier<\/a>.<\/p>\n","protected":false},"excerpt":{"rendered":"<p>Das Ministerium des Innern und f\u00fcr Sport Rheinland-Pfalz richtet eine digitalen Informations- und Netzwerk-Veranstaltung zum Start der neuen Generation der Interreg-F\u00f6rderprogramme 2021-2027 aus. Rheinland-pf\u00e4lzische Kommunen, Unternehmen, Kammern, Vereine, Forschungseinrichtungen und weitere \u00f6ffentliche und private Akteure k\u00f6nnen mit Interreg in europ\u00e4ischen Kooperationsprojekten neue Ans\u00e4tze und L\u00f6sungen entwickeln, testen und umsetzen.<\/p>\n","protected":false},"author":2,"featured_media":11424,"comment_status":"closed","ping_status":"closed","sticky":false,"template":"","format":"standard","meta":{"ngg_post_thumbnail":0,"footnotes":""},"categories":[],"tags":[],"class_list":["post-11426","post","type-post","status-publish","format-standard","has-post-thumbnail","hentry"],"aioseo_notices":[],"aioseo_head":"\n\t\t<!-- All in One SEO 5.0.1 - aioseo.com -->\n\t<meta name=\"description\" content=\"Das Ministerium des Innern und f\u00fcr Sport Rheinland-Pfalz richtet eine digitalen Informations- und Netzwerk-Veranstaltung zum Start der neuen Generation der Interreg-F\u00f6rderprogramme 2021-2027 aus. Rheinland-pf\u00e4lzische Kommunen, Unternehmen, Kammern, Vereine, Forschungseinrichtungen und weitere \u00f6ffentliche und private Akteure k\u00f6nnen mit Interreg in europ\u00e4ischen Kooperationsprojekten neue Ans\u00e4tze und L\u00f6sungen entwickeln, testen und umsetzen. Es werden thematische Informationsveranstaltungen angeboten sowie\" \/>\n\t<meta name=\"robots\" content=\"max-image-preview:large\" \/>\n\t<meta name=\"author\" content=\"Julia Schoppe\"\/>\n\t<link rel=\"canonical\" href=\"https:\/\/science.rmtmo.eu\/de\/neues\/30-11-2021-informationsveranstaltung-zu-den-interreg-programmen-in-rheinland-pfalz-fuer-den-zeitraum-2021-2027\/\" \/>\n\t<meta name=\"generator\" content=\"All in One SEO (AIOSEO) 5.0.1\" \/>\n\t\t<meta property=\"og:locale\" content=\"de_DE\" \/>\n\t\t<meta property=\"og:site_name\" content=\"S\u00e4ule Wissenschaft | Pilier Sciences\" \/>\n\t\t<meta property=\"og:type\" content=\"article\" \/>\n\t\t<meta property=\"og:title\" content=\"30.11.2021 Informationsveranstaltung zu den Interreg-Programmen in Rheinland-Pfalz f\u00fcr den Zeitraum 2021-2027 | S\u00e4ule Wissenschaft\" \/>\n\t\t<meta property=\"og:description\" content=\"Das Ministerium des Innern und f\u00fcr Sport Rheinland-Pfalz richtet eine digitalen Informations- und Netzwerk-Veranstaltung zum Start der neuen Generation der Interreg-F\u00f6rderprogramme 2021-2027 aus. Rheinland-pf\u00e4lzische Kommunen, Unternehmen, Kammern, Vereine, Forschungseinrichtungen und weitere \u00f6ffentliche und private Akteure k\u00f6nnen mit Interreg in europ\u00e4ischen Kooperationsprojekten neue Ans\u00e4tze und L\u00f6sungen entwickeln, testen und umsetzen. Es werden thematische Informationsveranstaltungen angeboten sowie\" \/>\n\t\t<meta property=\"og:url\" content=\"https:\/\/science.rmtmo.eu\/de\/neues\/30-11-2021-informationsveranstaltung-zu-den-interreg-programmen-in-rheinland-pfalz-fuer-den-zeitraum-2021-2027\/\" \/>\n\t\t<meta property=\"article:published_time\" content=\"2021-11-17T21:29:23+00:00\" \/>\n\t\t<meta property=\"article:modified_time\" content=\"2021-11-17T21:29:23+00:00\" \/>\n\t\t<meta name=\"twitter:card\" content=\"summary\" \/>\n\t\t<meta name=\"twitter:title\" content=\"30.11.2021 Informationsveranstaltung zu den Interreg-Programmen in Rheinland-Pfalz f\u00fcr den Zeitraum 2021-2027 | S\u00e4ule Wissenschaft\" \/>\n\t\t<meta name=\"twitter:description\" content=\"Das Ministerium des Innern und f\u00fcr Sport Rheinland-Pfalz richtet eine digitalen Informations- und Netzwerk-Veranstaltung zum Start der neuen Generation der Interreg-F\u00f6rderprogramme 2021-2027 aus. Rheinland-pf\u00e4lzische Kommunen, Unternehmen, Kammern, Vereine, Forschungseinrichtungen und weitere \u00f6ffentliche und private Akteure k\u00f6nnen mit Interreg in europ\u00e4ischen Kooperationsprojekten neue Ans\u00e4tze und L\u00f6sungen entwickeln, testen und umsetzen. Es werden thematische Informationsveranstaltungen angeboten sowie\" \/>\n\t\t<script type=\"application\/ld+json\" class=\"aioseo-schema\">\n\t\t\t{\"@context\":\"https:\\\/\\\/schema.org\",\"@graph\":[{\"@type\":\"Article\",\"@id\":\"https:\\\/\\\/science.rmtmo.eu\\\/de\\\/neues\\\/30-11-2021-informationsveranstaltung-zu-den-interreg-programmen-in-rheinland-pfalz-fuer-den-zeitraum-2021-2027\\\/#article\",\"name\":\"30.11.2021 Informationsveranstaltung zu den Interreg-Programmen in Rheinland-Pfalz f\\u00fcr den Zeitraum 2021-2027 | S\\u00e4ule Wissenschaft\",\"headline\":\"30.11.2021 Informationsveranstaltung zu den Interreg-Programmen in Rheinland-Pfalz f\\u00fcr den Zeitraum 2021-2027\",\"author\":{\"@id\":\"https:\\\/\\\/science.rmtmo.eu\\\/de\\\/#author\"},\"publisher\":{\"@id\":\"https:\\\/\\\/science.rmtmo.eu\\\/de\\\/#organization\"},\"image\":{\"@type\":\"ImageObject\",\"url\":\"https:\\\/\\\/science.rmtmo.eu\\\/wp-content\\\/uploads\\\/2021\\\/11\\\/interreg-.png\",\"width\":259,\"height\":194},\"datePublished\":\"2021-11-17T22:29:23+01:00\",\"dateModified\":\"2021-11-17T22:29:23+01:00\",\"inLanguage\":\"de-DE\",\"mainEntityOfPage\":{\"@id\":\"https:\\\/\\\/science.rmtmo.eu\\\/de\\\/neues\\\/30-11-2021-informationsveranstaltung-zu-den-interreg-programmen-in-rheinland-pfalz-fuer-den-zeitraum-2021-2027\\\/#webpage\"},\"isPartOf\":{\"@id\":\"https:\\\/\\\/science.rmtmo.eu\\\/de\\\/neues\\\/30-11-2021-informationsveranstaltung-zu-den-interreg-programmen-in-rheinland-pfalz-fuer-den-zeitraum-2021-2027\\\/#webpage\"}},{\"@type\":\"BreadcrumbList\",\"@id\":\"https:\\\/\\\/science.rmtmo.eu\\\/de\\\/neues\\\/30-11-2021-informationsveranstaltung-zu-den-interreg-programmen-in-rheinland-pfalz-fuer-den-zeitraum-2021-2027\\\/#breadcrumblist\",\"itemListElement\":[{\"@type\":\"ListItem\",\"@id\":\"https:\\\/\\\/science.rmtmo.eu\\\/de\\\/#listItem\",\"position\":1,\"name\":\"Home\",\"item\":\"https:\\\/\\\/science.rmtmo.eu\\\/de\\\/\",\"nextItem\":{\"@type\":\"ListItem\",\"@id\":\"https:\\\/\\\/science.rmtmo.eu\\\/de\\\/neues\\\/30-11-2021-informationsveranstaltung-zu-den-interreg-programmen-in-rheinland-pfalz-fuer-den-zeitraum-2021-2027\\\/#listItem\",\"name\":\"30.11.2021 Informationsveranstaltung zu den Interreg-Programmen in Rheinland-Pfalz f\\u00fcr den Zeitraum 2021-2027\"}},{\"@type\":\"ListItem\",\"@id\":\"https:\\\/\\\/science.rmtmo.eu\\\/de\\\/neues\\\/30-11-2021-informationsveranstaltung-zu-den-interreg-programmen-in-rheinland-pfalz-fuer-den-zeitraum-2021-2027\\\/#listItem\",\"position\":2,\"name\":\"30.11.2021 Informationsveranstaltung zu den Interreg-Programmen in Rheinland-Pfalz f\\u00fcr den Zeitraum 2021-2027\",\"previousItem\":{\"@type\":\"ListItem\",\"@id\":\"https:\\\/\\\/science.rmtmo.eu\\\/de\\\/#listItem\",\"name\":\"Home\"}}]},{\"@type\":\"Organization\",\"@id\":\"https:\\\/\\\/science.rmtmo.eu\\\/de\\\/#organization\",\"name\":\"S\\u00e4ule Wissenschaft\",\"description\":\"Pilier Sciences\",\"url\":\"https:\\\/\\\/science.rmtmo.eu\\\/de\\\/\"},{\"@type\":\"Person\",\"@id\":\"https:\\\/\\\/science.rmtmo.eu\\\/de\\\/#author\",\"url\":\"https:\\\/\\\/science.rmtmo.eu\\\/de\\\/\",\"name\":\"Julia Schoppe\",\"image\":{\"@type\":\"ImageObject\",\"@id\":\"https:\\\/\\\/science.rmtmo.eu\\\/de\\\/neues\\\/30-11-2021-informationsveranstaltung-zu-den-interreg-programmen-in-rheinland-pfalz-fuer-den-zeitraum-2021-2027\\\/#authorImage\",\"url\":\"https:\\\/\\\/secure.gravatar.com\\\/avatar\\\/a901258a7b8dcf03b30368978e66936d1876b26f972c0de45f958d78752a1f9e?s=96&d=mm&r=g\",\"width\":96,\"height\":96,\"caption\":\"Julia Schoppe\"}},{\"@type\":\"WebPage\",\"@id\":\"https:\\\/\\\/science.rmtmo.eu\\\/de\\\/neues\\\/30-11-2021-informationsveranstaltung-zu-den-interreg-programmen-in-rheinland-pfalz-fuer-den-zeitraum-2021-2027\\\/#webpage\",\"url\":\"https:\\\/\\\/science.rmtmo.eu\\\/de\\\/neues\\\/30-11-2021-informationsveranstaltung-zu-den-interreg-programmen-in-rheinland-pfalz-fuer-den-zeitraum-2021-2027\\\/\",\"name\":\"30.11.2021 Informationsveranstaltung zu den Interreg-Programmen in Rheinland-Pfalz f\\u00fcr den Zeitraum 2021-2027 | S\\u00e4ule Wissenschaft\",\"description\":\"Das Ministerium des Innern und f\\u00fcr Sport Rheinland-Pfalz richtet eine digitalen Informations- und Netzwerk-Veranstaltung zum Start der neuen Generation der Interreg-F\\u00f6rderprogramme 2021-2027 aus. Rheinland-pf\\u00e4lzische Kommunen, Unternehmen, Kammern, Vereine, Forschungseinrichtungen und weitere \\u00f6ffentliche und private Akteure k\\u00f6nnen mit Interreg in europ\\u00e4ischen Kooperationsprojekten neue Ans\\u00e4tze und L\\u00f6sungen entwickeln, testen und umsetzen. Es werden thematische Informationsveranstaltungen angeboten sowie\",\"inLanguage\":\"de-DE\",\"isPartOf\":{\"@id\":\"https:\\\/\\\/science.rmtmo.eu\\\/de\\\/#website\"},\"breadcrumb\":{\"@id\":\"https:\\\/\\\/science.rmtmo.eu\\\/de\\\/neues\\\/30-11-2021-informationsveranstaltung-zu-den-interreg-programmen-in-rheinland-pfalz-fuer-den-zeitraum-2021-2027\\\/#breadcrumblist\"},\"author\":{\"@id\":\"https:\\\/\\\/science.rmtmo.eu\\\/de\\\/#author\"},\"creator\":{\"@id\":\"https:\\\/\\\/science.rmtmo.eu\\\/de\\\/#author\"},\"image\":{\"@type\":\"ImageObject\",\"url\":\"https:\\\/\\\/science.rmtmo.eu\\\/wp-content\\\/uploads\\\/2021\\\/11\\\/interreg-.png\",\"@id\":\"https:\\\/\\\/science.rmtmo.eu\\\/de\\\/neues\\\/30-11-2021-informationsveranstaltung-zu-den-interreg-programmen-in-rheinland-pfalz-fuer-den-zeitraum-2021-2027\\\/#mainImage\",\"width\":259,\"height\":194},\"primaryImageOfPage\":{\"@id\":\"https:\\\/\\\/science.rmtmo.eu\\\/de\\\/neues\\\/30-11-2021-informationsveranstaltung-zu-den-interreg-programmen-in-rheinland-pfalz-fuer-den-zeitraum-2021-2027\\\/#mainImage\"},\"datePublished\":\"2021-11-17T22:29:23+01:00\",\"dateModified\":\"2021-11-17T22:29:23+01:00\"},{\"@type\":\"WebSite\",\"@id\":\"https:\\\/\\\/science.rmtmo.eu\\\/de\\\/#website\",\"url\":\"https:\\\/\\\/science.rmtmo.eu\\\/de\\\/\",\"name\":\"S\\u00e4ule Wissenschaft\",\"description\":\"Pilier Sciences\",\"inLanguage\":\"de-DE\",\"publisher\":{\"@id\":\"https:\\\/\\\/science.rmtmo.eu\\\/de\\\/#organization\"}}]}\n\t\t<\/script>\n\t\t<!-- All in One SEO -->\n\n","aioseo_head_json":{"title":"30.11.2021 Informationsveranstaltung zu den Interreg-Programmen in Rheinland-Pfalz f\u00fcr den Zeitraum 2021-2027 | S\u00e4ule Wissenschaft","description":"Das Ministerium des Innern und f\u00fcr Sport Rheinland-Pfalz richtet eine digitalen Informations- und Netzwerk-Veranstaltung zum Start der neuen Generation der Interreg-F\u00f6rderprogramme 2021-2027 aus. Rheinland-pf\u00e4lzische Kommunen, Unternehmen, Kammern, Vereine, Forschungseinrichtungen und weitere \u00f6ffentliche und private Akteure k\u00f6nnen mit Interreg in europ\u00e4ischen Kooperationsprojekten neue Ans\u00e4tze und L\u00f6sungen entwickeln, testen und umsetzen. Es werden thematische Informationsveranstaltungen angeboten sowie","canonical_url":"https:\/\/science.rmtmo.eu\/de\/neues\/30-11-2021-informationsveranstaltung-zu-den-interreg-programmen-in-rheinland-pfalz-fuer-den-zeitraum-2021-2027\/","robots":"max-image-preview:large","keywords":"","webmasterTools":{"miscellaneous":""},"schema":{"@context":"https:\/\/schema.org","@graph":[{"@type":"Article","@id":"https:\/\/science.rmtmo.eu\/de\/neues\/30-11-2021-informationsveranstaltung-zu-den-interreg-programmen-in-rheinland-pfalz-fuer-den-zeitraum-2021-2027\/#article","name":"30.11.2021 Informationsveranstaltung zu den Interreg-Programmen in Rheinland-Pfalz f\u00fcr den Zeitraum 2021-2027 | S\u00e4ule Wissenschaft","headline":"30.11.2021 Informationsveranstaltung zu den Interreg-Programmen in Rheinland-Pfalz f\u00fcr den Zeitraum 2021-2027","author":{"@id":"https:\/\/science.rmtmo.eu\/de\/#author"},"publisher":{"@id":"https:\/\/science.rmtmo.eu\/de\/#organization"},"image":{"@type":"ImageObject","url":"https:\/\/science.rmtmo.eu\/wp-content\/uploads\/2021\/11\/interreg-.png","width":259,"height":194},"datePublished":"2021-11-17T22:29:23+01:00","dateModified":"2021-11-17T22:29:23+01:00","inLanguage":"de-DE","mainEntityOfPage":{"@id":"https:\/\/science.rmtmo.eu\/de\/neues\/30-11-2021-informationsveranstaltung-zu-den-interreg-programmen-in-rheinland-pfalz-fuer-den-zeitraum-2021-2027\/#webpage"},"isPartOf":{"@id":"https:\/\/science.rmtmo.eu\/de\/neues\/30-11-2021-informationsveranstaltung-zu-den-interreg-programmen-in-rheinland-pfalz-fuer-den-zeitraum-2021-2027\/#webpage"}},{"@type":"BreadcrumbList","@id":"https:\/\/science.rmtmo.eu\/de\/neues\/30-11-2021-informationsveranstaltung-zu-den-interreg-programmen-in-rheinland-pfalz-fuer-den-zeitraum-2021-2027\/#breadcrumblist","itemListElement":[{"@type":"ListItem","@id":"https:\/\/science.rmtmo.eu\/de\/#listItem","position":1,"name":"Home","item":"https:\/\/science.rmtmo.eu\/de\/","nextItem":{"@type":"ListItem","@id":"https:\/\/science.rmtmo.eu\/de\/neues\/30-11-2021-informationsveranstaltung-zu-den-interreg-programmen-in-rheinland-pfalz-fuer-den-zeitraum-2021-2027\/#listItem","name":"30.11.2021 Informationsveranstaltung zu den Interreg-Programmen in Rheinland-Pfalz f\u00fcr den Zeitraum 2021-2027"}},{"@type":"ListItem","@id":"https:\/\/science.rmtmo.eu\/de\/neues\/30-11-2021-informationsveranstaltung-zu-den-interreg-programmen-in-rheinland-pfalz-fuer-den-zeitraum-2021-2027\/#listItem","position":2,"name":"30.11.2021 Informationsveranstaltung zu den Interreg-Programmen in Rheinland-Pfalz f\u00fcr den Zeitraum 2021-2027","previousItem":{"@type":"ListItem","@id":"https:\/\/science.rmtmo.eu\/de\/#listItem","name":"Home"}}]},{"@type":"Organization","@id":"https:\/\/science.rmtmo.eu\/de\/#organization","name":"S\u00e4ule Wissenschaft","description":"Pilier Sciences","url":"https:\/\/science.rmtmo.eu\/de\/"},{"@type":"Person","@id":"https:\/\/science.rmtmo.eu\/de\/#author","url":"https:\/\/science.rmtmo.eu\/de\/","name":"Julia Schoppe","image":{"@type":"ImageObject","@id":"https:\/\/science.rmtmo.eu\/de\/neues\/30-11-2021-informationsveranstaltung-zu-den-interreg-programmen-in-rheinland-pfalz-fuer-den-zeitraum-2021-2027\/#authorImage","url":"https:\/\/secure.gravatar.com\/avatar\/a901258a7b8dcf03b30368978e66936d1876b26f972c0de45f958d78752a1f9e?s=96&d=mm&r=g","width":96,"height":96,"caption":"Julia Schoppe"}},{"@type":"WebPage","@id":"https:\/\/science.rmtmo.eu\/de\/neues\/30-11-2021-informationsveranstaltung-zu-den-interreg-programmen-in-rheinland-pfalz-fuer-den-zeitraum-2021-2027\/#webpage","url":"https:\/\/science.rmtmo.eu\/de\/neues\/30-11-2021-informationsveranstaltung-zu-den-interreg-programmen-in-rheinland-pfalz-fuer-den-zeitraum-2021-2027\/","name":"30.11.2021 Informationsveranstaltung zu den Interreg-Programmen in Rheinland-Pfalz f\u00fcr den Zeitraum 2021-2027 | S\u00e4ule Wissenschaft","description":"Das Ministerium des Innern und f\u00fcr Sport Rheinland-Pfalz richtet eine digitalen Informations- und Netzwerk-Veranstaltung zum Start der neuen Generation der Interreg-F\u00f6rderprogramme 2021-2027 aus. Rheinland-pf\u00e4lzische Kommunen, Unternehmen, Kammern, Vereine, Forschungseinrichtungen und weitere \u00f6ffentliche und private Akteure k\u00f6nnen mit Interreg in europ\u00e4ischen Kooperationsprojekten neue Ans\u00e4tze und L\u00f6sungen entwickeln, testen und umsetzen. Es werden thematische Informationsveranstaltungen angeboten sowie","inLanguage":"de-DE","isPartOf":{"@id":"https:\/\/science.rmtmo.eu\/de\/#website"},"breadcrumb":{"@id":"https:\/\/science.rmtmo.eu\/de\/neues\/30-11-2021-informationsveranstaltung-zu-den-interreg-programmen-in-rheinland-pfalz-fuer-den-zeitraum-2021-2027\/#breadcrumblist"},"author":{"@id":"https:\/\/science.rmtmo.eu\/de\/#author"},"creator":{"@id":"https:\/\/science.rmtmo.eu\/de\/#author"},"image":{"@type":"ImageObject","url":"https:\/\/science.rmtmo.eu\/wp-content\/uploads\/2021\/11\/interreg-.png","@id":"https:\/\/science.rmtmo.eu\/de\/neues\/30-11-2021-informationsveranstaltung-zu-den-interreg-programmen-in-rheinland-pfalz-fuer-den-zeitraum-2021-2027\/#mainImage","width":259,"height":194},"primaryImageOfPage":{"@id":"https:\/\/science.rmtmo.eu\/de\/neues\/30-11-2021-informationsveranstaltung-zu-den-interreg-programmen-in-rheinland-pfalz-fuer-den-zeitraum-2021-2027\/#mainImage"},"datePublished":"2021-11-17T22:29:23+01:00","dateModified":"2021-11-17T22:29:23+01:00"},{"@type":"WebSite","@id":"https:\/\/science.rmtmo.eu\/de\/#website","url":"https:\/\/science.rmtmo.eu\/de\/","name":"S\u00e4ule Wissenschaft","description":"Pilier Sciences","inLanguage":"de-DE","publisher":{"@id":"https:\/\/science.rmtmo.eu\/de\/#organization"}}]},"og:locale":"de_DE","og:site_name":"S\u00e4ule Wissenschaft | Pilier Sciences","og:type":"article","og:title":"30.11.2021 Informationsveranstaltung zu den Interreg-Programmen in Rheinland-Pfalz f\u00fcr den Zeitraum 2021-2027 | S\u00e4ule Wissenschaft","og:description":"Das Ministerium des Innern und f\u00fcr Sport Rheinland-Pfalz richtet eine digitalen Informations- und Netzwerk-Veranstaltung zum Start der neuen Generation der Interreg-F\u00f6rderprogramme 2021-2027 aus. Rheinland-pf\u00e4lzische Kommunen, Unternehmen, Kammern, Vereine, Forschungseinrichtungen und weitere \u00f6ffentliche und private Akteure k\u00f6nnen mit Interreg in europ\u00e4ischen Kooperationsprojekten neue Ans\u00e4tze und L\u00f6sungen entwickeln, testen und umsetzen. Es werden thematische Informationsveranstaltungen angeboten sowie","og:url":"https:\/\/science.rmtmo.eu\/de\/neues\/30-11-2021-informationsveranstaltung-zu-den-interreg-programmen-in-rheinland-pfalz-fuer-den-zeitraum-2021-2027\/","article:published_time":"2021-11-17T21:29:23+00:00","article:modified_time":"2021-11-17T21:29:23+00:00","twitter:card":"summary","twitter:title":"30.11.2021 Informationsveranstaltung zu den Interreg-Programmen in Rheinland-Pfalz f\u00fcr den Zeitraum 2021-2027 | S\u00e4ule Wissenschaft","twitter:description":"Das Ministerium des Innern und f\u00fcr Sport Rheinland-Pfalz richtet eine digitalen Informations- und Netzwerk-Veranstaltung zum Start der neuen Generation der Interreg-F\u00f6rderprogramme 2021-2027 aus. Rheinland-pf\u00e4lzische Kommunen, Unternehmen, Kammern, Vereine, Forschungseinrichtungen und weitere \u00f6ffentliche und private Akteure k\u00f6nnen mit Interreg in europ\u00e4ischen Kooperationsprojekten neue Ans\u00e4tze und L\u00f6sungen entwickeln, testen und umsetzen. Es werden thematische Informationsveranstaltungen angeboten sowie"},"aioseo_meta_data":{"post_id":"11426","title":null,"description":null,"keywords":[],"keyphrases":{"focus":[],"additional":[]},"primary_term":null,"canonical_url":null,"og_title":null,"og_description":null,"og_object_type":"default","og_image_type":"default","og_image_url":null,"og_image_width":null,"og_image_height":null,"og_image_custom_url":null,"og_image_custom_fields":null,"og_video":"","og_custom_url":null,"og_article_section":null,"og_article_tags":[],"twitter_use_og":false,"twitter_card":"default","twitter_image_type":"default","twitter_image_url":null,"twitter_image_custom_url":null,"twitter_image_custom_fields":null,"twitter_title":null,"twitter_description":null,"schema":{"blockGraphs":[],"customGraphs":[],"default":{"data":{"Article":{"id":"aioseo-article-637b3a8356821","slug":"article","graphName":"Article","label":"Article","properties":{"type":"BlogPosting","name":"#post_title","headline":"#post_title","description":"#post_excerpt","image":"","keywords":"","author":{"name":"#author_name","url":"#author_url"},"dates":{"include":true,"datePublished":"","dateModified":""}}},"Course":[],"Dataset":[],"FAQPage":[],"Movie":[],"Person":[],"Product":[],"ProductReview":[],"Car":[],"Recipe":[],"Service":[],"SoftwareApplication":[],"WebPage":[]},"graphName":"Article","isEnabled":true},"graphs":[]},"schema_type":"default","schema_type_options":"{\"article\":{\"articleType\":\"BlogPosting\"},\"course\":{\"name\":\"\",\"description\":\"\",\"provider\":\"\"},\"faq\":{\"pages\":[]},\"product\":{\"reviews\":[]},\"recipe\":{\"ingredients\":[],\"instructions\":[],\"keywords\":[]},\"software\":{\"reviews\":[],\"operatingSystems\":[]},\"webPage\":{\"webPageType\":\"WebPage\"}}","pillar_content":false,"robots_default":true,"robots_noindex":false,"robots_noarchive":false,"robots_nosnippet":false,"robots_nofollow":false,"robots_noimageindex":false,"robots_noodp":false,"robots_notranslate":false,"robots_max_snippet":"-1","robots_max_videopreview":"-1","robots_max_imagepreview":"large","priority":null,"frequency":"default","local_seo":null,"breadcrumb_settings":null,"limit_modified_date":false,"ai":null,"created":"2021-11-17 21:23:06","updated":"2025-07-09 00:17:07","focus_keyword":null,"additional_keywords":null,"truseo_locale":null,"seo_analyzer_scan_date":null},"aioseo_breadcrumb":"<div class=\"aioseo-breadcrumbs\"><span class=\"aioseo-breadcrumb\">\n\t\t\t<a href=\"https:\/\/science.rmtmo.eu\/de\/\" title=\"Home\">Home<\/a>\n\t\t<\/span><span class=\"aioseo-breadcrumb-separator\">&raquo;<\/span><span class=\"aioseo-breadcrumb\">\n\t\t\t30.11.2021 Informationsveranstaltung zu den Interreg-Programmen in Rheinland-Pfalz f\u00fcr den Zeitraum 2021-2027\n\t\t<\/span><\/div>","aioseo_breadcrumb_json":[{"label":"Home","link":"https:\/\/science.rmtmo.eu\/de\/"},{"label":"30.11.2021 Informationsveranstaltung zu den Interreg-Programmen in Rheinland-Pfalz f\u00fcr den Zeitraum 2021-2027","link":"https:\/\/science.rmtmo.eu\/de\/neues\/30-11-2021-informationsveranstaltung-zu-den-interreg-programmen-in-rheinland-pfalz-fuer-den-zeitraum-2021-2027\/"}],"_links":{"self":[{"href":"https:\/\/science.rmtmo.eu\/de\/wp-json\/wp\/v2\/posts\/11426","targetHints":{"allow":["GET"]}}],"collection":[{"href":"https:\/\/science.rmtmo.eu\/de\/wp-json\/wp\/v2\/posts"}],"about":[{"href":"https:\/\/science.rmtmo.eu\/de\/wp-json\/wp\/v2\/types\/post"}],"author":[{"embeddable":true,"href":"https:\/\/science.rmtmo.eu\/de\/wp-json\/wp\/v2\/users\/2"}],"replies":[{"embeddable":true,"href":"https:\/\/science.rmtmo.eu\/de\/wp-json\/wp\/v2\/comments?post=11426"}],"version-history":[{"count":1,"href":"https:\/\/science.rmtmo.eu\/de\/wp-json\/wp\/v2\/posts\/11426\/revisions"}],"predecessor-version":[{"id":11427,"href":"https:\/\/science.rmtmo.eu\/de\/wp-json\/wp\/v2\/posts\/11426\/revisions\/11427"}],"wp:featuredmedia":[{"embeddable":true,"href":"https:\/\/science.rmtmo.eu\/de\/wp-json\/wp\/v2\/media\/11424"}],"wp:attachment":[{"href":"https:\/\/science.rmtmo.eu\/de\/wp-json\/wp\/v2\/media?parent=11426"}],"wp:term":[{"taxonomy":"category","embeddable":true,"href":"https:\/\/science.rmtmo.eu\/de\/wp-json\/wp\/v2\/categories?post=11426"},{"taxonomy":"post_tag","embeddable":true,"href":"https:\/\/science.rmtmo.eu\/de\/wp-json\/wp\/v2\/tags?post=11426"}],"curies":[{"name":"wp","href":"https:\/\/api.w.org\/{rel}","templated":true}]}}