{"id":11024,"date":"2021-08-24T10:50:07","date_gmt":"2021-08-24T08:50:07","guid":{"rendered":"https:\/\/science.rmtmo.eu\/?p=11024"},"modified":"2021-08-24T10:53:40","modified_gmt":"2021-08-24T08:53:40","slug":"operationelles-programm-interreg-espace-alpin-2021-2027","status":"publish","type":"post","link":"https:\/\/science.rmtmo.eu\/de\/neues\/operationelles-programm-interreg-espace-alpin-2021-2027\/","title":{"rendered":"Operationelles Programm INTERREG Espace Alpin 2021-2027"},"content":{"rendered":"<p><strong>Das operationelle Programm INTERREG B Alpenraum f\u00fcr 2021-2027 ist nun auf der Webseite des Programms verf\u00fcgbar obwohl der endg\u00fcltige Validierungsprozess noch nicht abgeschlossen ist.<\/strong><!--more--><\/p>\n<p>Das Europ\u00e4ische Programm Espace Alpin\/Alpenraum ist ein transnationales Programm der europ\u00e4ischen territorialen Zusammenarbeit, das die nachhaltige Regionalentwicklung im Alpenraum unterst\u00fctzen soll (Regionen in Ostfrankreich, S\u00fcddeutschland, Norditalien, Schweiz, Liechtenstein und Slowenien).<\/p>\n<p>Das Programm legt f\u00fcr diesen Zeitraum 4 Priorit\u00e4ten fest, in denen Projekte finanziert werden sollen:<\/p>\n<p><strong>Priorit\u00e4t 1<\/strong>: Klimaresilienter und gr\u00fcner Alpenraum<\/p>\n<p><strong>Priorit\u00e4t 2:<\/strong> Kohlenstoffneutraler und ressourcen-sensibler Alpenraum\u201d<\/p>\n<p><strong>Priorit\u00e4t 3<\/strong>: \u201cInnovation und Digitalisierung f\u00fcr einen gr\u00fcnen Alpenraum<\/p>\n<p><strong>Priorit\u00e4t 4<\/strong>: Das Spezifische Interreg-Ziel \u2013 \u201cEine bessere Zusammenarbeit in der Verwaltung\u201d<\/p>\n<p>&nbsp;<\/p>\n<p>Ein erster Projektaufruf ist im Herbst 2021 geplant.<\/p>\n<p>&nbsp;<\/p>\n<p>Weitere Informationen zum OP (auf Englisch oder Deutsch): <a href=\"https:\/\/www.alpine-space.eu\/about\/post2020\/asp\/20210713_final_draft_ip_colour_code.pdf\" target=\"_blank\" rel=\"noopener\">https:\/\/www.alpine-space.eu\/about\/post2020\/asp\/20210713_final_draft_ip_colour_code.pdf \/ <\/a><\/p>\n<p><a href=\"http:\/\/www.de.alpine-space.eu\/nationals\/de\/dokumente\/infomaterial\/asp-summary-ip-2021-2027-deutsche-ubersetzung-august-2021.pdf\" target=\"_blank\" rel=\"noopener\">http:\/\/www.de.alpine-space.eu\/nationals\/de\/dokumente\/infomaterial\/asp-summary-ip-2021-2027-deutsche-ubersetzung-august-2021.pdf<\/a><\/p>\n","protected":false},"excerpt":{"rendered":"<p>Das operationelle Programm INTERREG B Alpenraum f\u00fcr 2021-2027 ist nun auf der Webseite des Programms verf\u00fcgbar obwohl der endg\u00fcltige Validierungsprozess noch nicht abgeschlossen ist.<\/p>\n","protected":false},"author":4,"featured_media":11025,"comment_status":"closed","ping_status":"closed","sticky":false,"template":"","format":"standard","meta":{"ngg_post_thumbnail":0,"footnotes":""},"categories":[10],"tags":[],"class_list":["post-11024","post","type-post","status-publish","format-standard","has-post-thumbnail","hentry","category-neues"],"aioseo_notices":[],"aioseo_head":"\n\t\t<!-- All in One SEO 5.0.1 - aioseo.com -->\n\t<meta name=\"description\" content=\"Das operationelle Programm INTERREG B Alpenraum f\u00fcr 2021-2027 ist nun auf der Webseite des Programms verf\u00fcgbar obwohl der endg\u00fcltige Validierungsprozess noch nicht abgeschlossen ist. Das Europ\u00e4ische Programm Espace Alpin\/Alpenraum ist ein transnationales Programm der europ\u00e4ischen territorialen Zusammenarbeit, das die nachhaltige Regionalentwicklung im Alpenraum unterst\u00fctzen soll (Regionen in Ostfrankreich, S\u00fcddeutschland, Norditalien, Schweiz, Liechtenstein und Slowenien). Das\" \/>\n\t<meta name=\"robots\" content=\"max-image-preview:large\" \/>\n\t<meta name=\"author\" content=\"Anna\u00eblle Morin\"\/>\n\t<link rel=\"canonical\" href=\"https:\/\/science.rmtmo.eu\/de\/neues\/operationelles-programm-interreg-espace-alpin-2021-2027\/\" \/>\n\t<meta name=\"generator\" content=\"All in One SEO (AIOSEO) 5.0.1\" \/>\n\t\t<meta property=\"og:locale\" content=\"de_DE\" \/>\n\t\t<meta property=\"og:site_name\" content=\"S\u00e4ule Wissenschaft | Pilier Sciences\" \/>\n\t\t<meta property=\"og:type\" content=\"article\" \/>\n\t\t<meta property=\"og:title\" content=\"Operationelles Programm INTERREG Espace Alpin 2021-2027 | S\u00e4ule Wissenschaft\" \/>\n\t\t<meta property=\"og:description\" content=\"Das operationelle Programm INTERREG B Alpenraum f\u00fcr 2021-2027 ist nun auf der Webseite des Programms verf\u00fcgbar obwohl der endg\u00fcltige Validierungsprozess noch nicht abgeschlossen ist. Das Europ\u00e4ische Programm Espace Alpin\/Alpenraum ist ein transnationales Programm der europ\u00e4ischen territorialen Zusammenarbeit, das die nachhaltige Regionalentwicklung im Alpenraum unterst\u00fctzen soll (Regionen in Ostfrankreich, S\u00fcddeutschland, Norditalien, Schweiz, Liechtenstein und Slowenien). Das\" \/>\n\t\t<meta property=\"og:url\" content=\"https:\/\/science.rmtmo.eu\/de\/neues\/operationelles-programm-interreg-espace-alpin-2021-2027\/\" \/>\n\t\t<meta property=\"article:published_time\" content=\"2021-08-24T08:50:07+00:00\" \/>\n\t\t<meta property=\"article:modified_time\" content=\"2021-08-24T08:53:40+00:00\" \/>\n\t\t<meta name=\"twitter:card\" content=\"summary\" \/>\n\t\t<meta name=\"twitter:title\" content=\"Operationelles Programm INTERREG Espace Alpin 2021-2027 | S\u00e4ule Wissenschaft\" \/>\n\t\t<meta name=\"twitter:description\" content=\"Das operationelle Programm INTERREG B Alpenraum f\u00fcr 2021-2027 ist nun auf der Webseite des Programms verf\u00fcgbar obwohl der endg\u00fcltige Validierungsprozess noch nicht abgeschlossen ist. Das Europ\u00e4ische Programm Espace Alpin\/Alpenraum ist ein transnationales Programm der europ\u00e4ischen territorialen Zusammenarbeit, das die nachhaltige Regionalentwicklung im Alpenraum unterst\u00fctzen soll (Regionen in Ostfrankreich, S\u00fcddeutschland, Norditalien, Schweiz, Liechtenstein und Slowenien). Das\" \/>\n\t\t<script type=\"application\/ld+json\" class=\"aioseo-schema\">\n\t\t\t{\"@context\":\"https:\\\/\\\/schema.org\",\"@graph\":[{\"@type\":\"Article\",\"@id\":\"https:\\\/\\\/science.rmtmo.eu\\\/de\\\/neues\\\/operationelles-programm-interreg-espace-alpin-2021-2027\\\/#article\",\"name\":\"Operationelles Programm INTERREG Espace Alpin 2021-2027 | S\\u00e4ule Wissenschaft\",\"headline\":\"Operationelles Programm INTERREG Espace Alpin 2021-2027\",\"author\":{\"@id\":\"https:\\\/\\\/science.rmtmo.eu\\\/de\\\/#author\"},\"publisher\":{\"@id\":\"https:\\\/\\\/science.rmtmo.eu\\\/de\\\/#organization\"},\"image\":{\"@type\":\"ImageObject\",\"url\":\"https:\\\/\\\/science.rmtmo.eu\\\/wp-content\\\/uploads\\\/2021\\\/08\\\/Interreg_Alpenraum.png\",\"width\":284,\"height\":178},\"datePublished\":\"2021-08-24T10:50:07+02:00\",\"dateModified\":\"2021-08-24T10:53:40+02:00\",\"inLanguage\":\"de-DE\",\"mainEntityOfPage\":{\"@id\":\"https:\\\/\\\/science.rmtmo.eu\\\/de\\\/neues\\\/operationelles-programm-interreg-espace-alpin-2021-2027\\\/#webpage\"},\"isPartOf\":{\"@id\":\"https:\\\/\\\/science.rmtmo.eu\\\/de\\\/neues\\\/operationelles-programm-interreg-espace-alpin-2021-2027\\\/#webpage\"},\"articleSection\":\"Neues, Optional\"},{\"@type\":\"BreadcrumbList\",\"@id\":\"https:\\\/\\\/science.rmtmo.eu\\\/de\\\/neues\\\/operationelles-programm-interreg-espace-alpin-2021-2027\\\/#breadcrumblist\",\"itemListElement\":[{\"@type\":\"ListItem\",\"@id\":\"https:\\\/\\\/science.rmtmo.eu\\\/de\\\/#listItem\",\"position\":1,\"name\":\"Home\",\"item\":\"https:\\\/\\\/science.rmtmo.eu\\\/de\\\/\",\"nextItem\":{\"@type\":\"ListItem\",\"@id\":\"https:\\\/\\\/science.rmtmo.eu\\\/de\\\/category\\\/neues\\\/#listItem\",\"name\":\"Neues\"}},{\"@type\":\"ListItem\",\"@id\":\"https:\\\/\\\/science.rmtmo.eu\\\/de\\\/category\\\/neues\\\/#listItem\",\"position\":2,\"name\":\"Neues\",\"item\":\"https:\\\/\\\/science.rmtmo.eu\\\/de\\\/category\\\/neues\\\/\",\"nextItem\":{\"@type\":\"ListItem\",\"@id\":\"https:\\\/\\\/science.rmtmo.eu\\\/de\\\/neues\\\/operationelles-programm-interreg-espace-alpin-2021-2027\\\/#listItem\",\"name\":\"Operationelles Programm INTERREG Espace Alpin 2021-2027\"},\"previousItem\":{\"@type\":\"ListItem\",\"@id\":\"https:\\\/\\\/science.rmtmo.eu\\\/de\\\/#listItem\",\"name\":\"Home\"}},{\"@type\":\"ListItem\",\"@id\":\"https:\\\/\\\/science.rmtmo.eu\\\/de\\\/neues\\\/operationelles-programm-interreg-espace-alpin-2021-2027\\\/#listItem\",\"position\":3,\"name\":\"Operationelles Programm INTERREG Espace Alpin 2021-2027\",\"previousItem\":{\"@type\":\"ListItem\",\"@id\":\"https:\\\/\\\/science.rmtmo.eu\\\/de\\\/category\\\/neues\\\/#listItem\",\"name\":\"Neues\"}}]},{\"@type\":\"Organization\",\"@id\":\"https:\\\/\\\/science.rmtmo.eu\\\/de\\\/#organization\",\"name\":\"S\\u00e4ule Wissenschaft\",\"description\":\"Pilier Sciences\",\"url\":\"https:\\\/\\\/science.rmtmo.eu\\\/de\\\/\"},{\"@type\":\"Person\",\"@id\":\"https:\\\/\\\/science.rmtmo.eu\\\/de\\\/#author\",\"url\":\"https:\\\/\\\/science.rmtmo.eu\\\/de\\\/\",\"name\":\"Anna\\u00eblle Morin\",\"image\":{\"@type\":\"ImageObject\",\"@id\":\"https:\\\/\\\/science.rmtmo.eu\\\/de\\\/neues\\\/operationelles-programm-interreg-espace-alpin-2021-2027\\\/#authorImage\",\"url\":\"https:\\\/\\\/secure.gravatar.com\\\/avatar\\\/b37b5a4adefddf429b7dedfdd324a82251ac34f9ac979fb89e4a6ac52abcca27?s=96&d=mm&r=g\",\"width\":96,\"height\":96,\"caption\":\"Anna\\u00eblle Morin\"}},{\"@type\":\"WebPage\",\"@id\":\"https:\\\/\\\/science.rmtmo.eu\\\/de\\\/neues\\\/operationelles-programm-interreg-espace-alpin-2021-2027\\\/#webpage\",\"url\":\"https:\\\/\\\/science.rmtmo.eu\\\/de\\\/neues\\\/operationelles-programm-interreg-espace-alpin-2021-2027\\\/\",\"name\":\"Operationelles Programm INTERREG Espace Alpin 2021-2027 | S\\u00e4ule Wissenschaft\",\"description\":\"Das operationelle Programm INTERREG B Alpenraum f\\u00fcr 2021-2027 ist nun auf der Webseite des Programms verf\\u00fcgbar obwohl der endg\\u00fcltige Validierungsprozess noch nicht abgeschlossen ist. Das Europ\\u00e4ische Programm Espace Alpin\\\/Alpenraum ist ein transnationales Programm der europ\\u00e4ischen territorialen Zusammenarbeit, das die nachhaltige Regionalentwicklung im Alpenraum unterst\\u00fctzen soll (Regionen in Ostfrankreich, S\\u00fcddeutschland, Norditalien, Schweiz, Liechtenstein und Slowenien). Das\",\"inLanguage\":\"de-DE\",\"isPartOf\":{\"@id\":\"https:\\\/\\\/science.rmtmo.eu\\\/de\\\/#website\"},\"breadcrumb\":{\"@id\":\"https:\\\/\\\/science.rmtmo.eu\\\/de\\\/neues\\\/operationelles-programm-interreg-espace-alpin-2021-2027\\\/#breadcrumblist\"},\"author\":{\"@id\":\"https:\\\/\\\/science.rmtmo.eu\\\/de\\\/#author\"},\"creator\":{\"@id\":\"https:\\\/\\\/science.rmtmo.eu\\\/de\\\/#author\"},\"image\":{\"@type\":\"ImageObject\",\"url\":\"https:\\\/\\\/science.rmtmo.eu\\\/wp-content\\\/uploads\\\/2021\\\/08\\\/Interreg_Alpenraum.png\",\"@id\":\"https:\\\/\\\/science.rmtmo.eu\\\/de\\\/neues\\\/operationelles-programm-interreg-espace-alpin-2021-2027\\\/#mainImage\",\"width\":284,\"height\":178},\"primaryImageOfPage\":{\"@id\":\"https:\\\/\\\/science.rmtmo.eu\\\/de\\\/neues\\\/operationelles-programm-interreg-espace-alpin-2021-2027\\\/#mainImage\"},\"datePublished\":\"2021-08-24T10:50:07+02:00\",\"dateModified\":\"2021-08-24T10:53:40+02:00\"},{\"@type\":\"WebSite\",\"@id\":\"https:\\\/\\\/science.rmtmo.eu\\\/de\\\/#website\",\"url\":\"https:\\\/\\\/science.rmtmo.eu\\\/de\\\/\",\"name\":\"S\\u00e4ule Wissenschaft\",\"description\":\"Pilier Sciences\",\"inLanguage\":\"de-DE\",\"publisher\":{\"@id\":\"https:\\\/\\\/science.rmtmo.eu\\\/de\\\/#organization\"}}]}\n\t\t<\/script>\n\t\t<!-- All in One SEO -->\n\n","aioseo_head_json":{"title":"Operationelles Programm INTERREG Espace Alpin 2021-2027 | S\u00e4ule Wissenschaft","description":"Das operationelle Programm INTERREG B Alpenraum f\u00fcr 2021-2027 ist nun auf der Webseite des Programms verf\u00fcgbar obwohl der endg\u00fcltige Validierungsprozess noch nicht abgeschlossen ist. Das Europ\u00e4ische Programm Espace Alpin\/Alpenraum ist ein transnationales Programm der europ\u00e4ischen territorialen Zusammenarbeit, das die nachhaltige Regionalentwicklung im Alpenraum unterst\u00fctzen soll (Regionen in Ostfrankreich, S\u00fcddeutschland, Norditalien, Schweiz, Liechtenstein und Slowenien). Das","canonical_url":"https:\/\/science.rmtmo.eu\/de\/neues\/operationelles-programm-interreg-espace-alpin-2021-2027\/","robots":"max-image-preview:large","keywords":"","webmasterTools":{"miscellaneous":""},"schema":{"@context":"https:\/\/schema.org","@graph":[{"@type":"Article","@id":"https:\/\/science.rmtmo.eu\/de\/neues\/operationelles-programm-interreg-espace-alpin-2021-2027\/#article","name":"Operationelles Programm INTERREG Espace Alpin 2021-2027 | S\u00e4ule Wissenschaft","headline":"Operationelles Programm INTERREG Espace Alpin 2021-2027","author":{"@id":"https:\/\/science.rmtmo.eu\/de\/#author"},"publisher":{"@id":"https:\/\/science.rmtmo.eu\/de\/#organization"},"image":{"@type":"ImageObject","url":"https:\/\/science.rmtmo.eu\/wp-content\/uploads\/2021\/08\/Interreg_Alpenraum.png","width":284,"height":178},"datePublished":"2021-08-24T10:50:07+02:00","dateModified":"2021-08-24T10:53:40+02:00","inLanguage":"de-DE","mainEntityOfPage":{"@id":"https:\/\/science.rmtmo.eu\/de\/neues\/operationelles-programm-interreg-espace-alpin-2021-2027\/#webpage"},"isPartOf":{"@id":"https:\/\/science.rmtmo.eu\/de\/neues\/operationelles-programm-interreg-espace-alpin-2021-2027\/#webpage"},"articleSection":"Neues, Optional"},{"@type":"BreadcrumbList","@id":"https:\/\/science.rmtmo.eu\/de\/neues\/operationelles-programm-interreg-espace-alpin-2021-2027\/#breadcrumblist","itemListElement":[{"@type":"ListItem","@id":"https:\/\/science.rmtmo.eu\/de\/#listItem","position":1,"name":"Home","item":"https:\/\/science.rmtmo.eu\/de\/","nextItem":{"@type":"ListItem","@id":"https:\/\/science.rmtmo.eu\/de\/category\/neues\/#listItem","name":"Neues"}},{"@type":"ListItem","@id":"https:\/\/science.rmtmo.eu\/de\/category\/neues\/#listItem","position":2,"name":"Neues","item":"https:\/\/science.rmtmo.eu\/de\/category\/neues\/","nextItem":{"@type":"ListItem","@id":"https:\/\/science.rmtmo.eu\/de\/neues\/operationelles-programm-interreg-espace-alpin-2021-2027\/#listItem","name":"Operationelles Programm INTERREG Espace Alpin 2021-2027"},"previousItem":{"@type":"ListItem","@id":"https:\/\/science.rmtmo.eu\/de\/#listItem","name":"Home"}},{"@type":"ListItem","@id":"https:\/\/science.rmtmo.eu\/de\/neues\/operationelles-programm-interreg-espace-alpin-2021-2027\/#listItem","position":3,"name":"Operationelles Programm INTERREG Espace Alpin 2021-2027","previousItem":{"@type":"ListItem","@id":"https:\/\/science.rmtmo.eu\/de\/category\/neues\/#listItem","name":"Neues"}}]},{"@type":"Organization","@id":"https:\/\/science.rmtmo.eu\/de\/#organization","name":"S\u00e4ule Wissenschaft","description":"Pilier Sciences","url":"https:\/\/science.rmtmo.eu\/de\/"},{"@type":"Person","@id":"https:\/\/science.rmtmo.eu\/de\/#author","url":"https:\/\/science.rmtmo.eu\/de\/","name":"Anna\u00eblle Morin","image":{"@type":"ImageObject","@id":"https:\/\/science.rmtmo.eu\/de\/neues\/operationelles-programm-interreg-espace-alpin-2021-2027\/#authorImage","url":"https:\/\/secure.gravatar.com\/avatar\/b37b5a4adefddf429b7dedfdd324a82251ac34f9ac979fb89e4a6ac52abcca27?s=96&d=mm&r=g","width":96,"height":96,"caption":"Anna\u00eblle Morin"}},{"@type":"WebPage","@id":"https:\/\/science.rmtmo.eu\/de\/neues\/operationelles-programm-interreg-espace-alpin-2021-2027\/#webpage","url":"https:\/\/science.rmtmo.eu\/de\/neues\/operationelles-programm-interreg-espace-alpin-2021-2027\/","name":"Operationelles Programm INTERREG Espace Alpin 2021-2027 | S\u00e4ule Wissenschaft","description":"Das operationelle Programm INTERREG B Alpenraum f\u00fcr 2021-2027 ist nun auf der Webseite des Programms verf\u00fcgbar obwohl der endg\u00fcltige Validierungsprozess noch nicht abgeschlossen ist. Das Europ\u00e4ische Programm Espace Alpin\/Alpenraum ist ein transnationales Programm der europ\u00e4ischen territorialen Zusammenarbeit, das die nachhaltige Regionalentwicklung im Alpenraum unterst\u00fctzen soll (Regionen in Ostfrankreich, S\u00fcddeutschland, Norditalien, Schweiz, Liechtenstein und Slowenien). Das","inLanguage":"de-DE","isPartOf":{"@id":"https:\/\/science.rmtmo.eu\/de\/#website"},"breadcrumb":{"@id":"https:\/\/science.rmtmo.eu\/de\/neues\/operationelles-programm-interreg-espace-alpin-2021-2027\/#breadcrumblist"},"author":{"@id":"https:\/\/science.rmtmo.eu\/de\/#author"},"creator":{"@id":"https:\/\/science.rmtmo.eu\/de\/#author"},"image":{"@type":"ImageObject","url":"https:\/\/science.rmtmo.eu\/wp-content\/uploads\/2021\/08\/Interreg_Alpenraum.png","@id":"https:\/\/science.rmtmo.eu\/de\/neues\/operationelles-programm-interreg-espace-alpin-2021-2027\/#mainImage","width":284,"height":178},"primaryImageOfPage":{"@id":"https:\/\/science.rmtmo.eu\/de\/neues\/operationelles-programm-interreg-espace-alpin-2021-2027\/#mainImage"},"datePublished":"2021-08-24T10:50:07+02:00","dateModified":"2021-08-24T10:53:40+02:00"},{"@type":"WebSite","@id":"https:\/\/science.rmtmo.eu\/de\/#website","url":"https:\/\/science.rmtmo.eu\/de\/","name":"S\u00e4ule Wissenschaft","description":"Pilier Sciences","inLanguage":"de-DE","publisher":{"@id":"https:\/\/science.rmtmo.eu\/de\/#organization"}}]},"og:locale":"de_DE","og:site_name":"S\u00e4ule Wissenschaft | Pilier Sciences","og:type":"article","og:title":"Operationelles Programm INTERREG Espace Alpin 2021-2027 | S\u00e4ule Wissenschaft","og:description":"Das operationelle Programm INTERREG B Alpenraum f\u00fcr 2021-2027 ist nun auf der Webseite des Programms verf\u00fcgbar obwohl der endg\u00fcltige Validierungsprozess noch nicht abgeschlossen ist. Das Europ\u00e4ische Programm Espace Alpin\/Alpenraum ist ein transnationales Programm der europ\u00e4ischen territorialen Zusammenarbeit, das die nachhaltige Regionalentwicklung im Alpenraum unterst\u00fctzen soll (Regionen in Ostfrankreich, S\u00fcddeutschland, Norditalien, Schweiz, Liechtenstein und Slowenien). Das","og:url":"https:\/\/science.rmtmo.eu\/de\/neues\/operationelles-programm-interreg-espace-alpin-2021-2027\/","article:published_time":"2021-08-24T08:50:07+00:00","article:modified_time":"2021-08-24T08:53:40+00:00","twitter:card":"summary","twitter:title":"Operationelles Programm INTERREG Espace Alpin 2021-2027 | S\u00e4ule Wissenschaft","twitter:description":"Das operationelle Programm INTERREG B Alpenraum f\u00fcr 2021-2027 ist nun auf der Webseite des Programms verf\u00fcgbar obwohl der endg\u00fcltige Validierungsprozess noch nicht abgeschlossen ist. Das Europ\u00e4ische Programm Espace Alpin\/Alpenraum ist ein transnationales Programm der europ\u00e4ischen territorialen Zusammenarbeit, das die nachhaltige Regionalentwicklung im Alpenraum unterst\u00fctzen soll (Regionen in Ostfrankreich, S\u00fcddeutschland, Norditalien, Schweiz, Liechtenstein und Slowenien). Das"},"aioseo_meta_data":{"post_id":"11024","title":null,"description":null,"keywords":[],"keyphrases":{"focus":[],"additional":[]},"primary_term":null,"canonical_url":null,"og_title":null,"og_description":null,"og_object_type":"default","og_image_type":"default","og_image_url":null,"og_image_width":null,"og_image_height":null,"og_image_custom_url":null,"og_image_custom_fields":null,"og_video":"","og_custom_url":null,"og_article_section":null,"og_article_tags":[],"twitter_use_og":false,"twitter_card":"default","twitter_image_type":"default","twitter_image_url":null,"twitter_image_custom_url":null,"twitter_image_custom_fields":null,"twitter_title":null,"twitter_description":null,"schema":{"blockGraphs":[],"customGraphs":[],"default":{"data":{"Article":{"id":"aioseo-article-637b3a84540b3","slug":"article","graphName":"Article","label":"Article","properties":{"type":"BlogPosting","name":"#post_title","headline":"#post_title","description":"#post_excerpt","image":"","keywords":"","author":{"name":"#author_name","url":"#author_url"},"dates":{"include":true,"datePublished":"","dateModified":""}}},"Course":[],"Dataset":[],"FAQPage":[],"Movie":[],"Person":[],"Product":[],"ProductReview":[],"Car":[],"Recipe":[],"Service":[],"SoftwareApplication":[],"WebPage":[]},"graphName":"Article","isEnabled":true},"graphs":[]},"schema_type":"default","schema_type_options":"{\"article\":{\"articleType\":\"BlogPosting\"},\"course\":{\"name\":\"\",\"description\":\"\",\"provider\":\"\"},\"faq\":{\"pages\":[]},\"product\":{\"reviews\":[]},\"recipe\":{\"ingredients\":[],\"instructions\":[],\"keywords\":[]},\"software\":{\"reviews\":[],\"operatingSystems\":[]},\"webPage\":{\"webPageType\":\"WebPage\"}}","pillar_content":false,"robots_default":true,"robots_noindex":false,"robots_noarchive":false,"robots_nosnippet":false,"robots_nofollow":false,"robots_noimageindex":false,"robots_noodp":false,"robots_notranslate":false,"robots_max_snippet":"-1","robots_max_videopreview":"-1","robots_max_imagepreview":"large","priority":null,"frequency":"default","local_seo":{"locations":{"business":{"name":"","businessType":"","image":"","areaServed":"","urls":{"website":"","aboutPage":"","contactPage":""},"address":{"streetLine1":"","streetLine2":"","zipCode":"","city":"","state":"","country":"","addressFormat":"#streetLineOne\n#streetLineTwo\n#city, #state #zipCode"},"contact":{"email":"","phone":"","phoneFormatted":"","fax":"","faxFormatted":""},"ids":{"vat":"","tax":"","chamberOfCommerce":""},"payment":{"priceRange":"","currenciesAccepted":"","methods":""}}},"openingHours":{"useDefaults":true,"show":true,"alwaysOpen":false,"use24hFormat":false,"timezone":"","labels":{"closed":"","alwaysOpen":""},"days":{"monday":{"open24h":false,"closed":false,"openTime":"09:00","closeTime":"17:00"},"tuesday":{"open24h":false,"closed":false,"openTime":"09:00","closeTime":"17:00"},"wednesday":{"open24h":false,"closed":false,"openTime":"09:00","closeTime":"17:00"},"thursday":{"open24h":false,"closed":false,"openTime":"09:00","closeTime":"17:00"},"friday":{"open24h":false,"closed":false,"openTime":"09:00","closeTime":"17:00"},"saturday":{"open24h":false,"closed":false,"openTime":"09:00","closeTime":"17:00"},"sunday":{"open24h":false,"closed":false,"openTime":"09:00","closeTime":"17:00"}}}},"breadcrumb_settings":null,"limit_modified_date":false,"ai":null,"created":"2021-08-24 08:45:59","updated":"2025-07-09 00:03:53","focus_keyword":null,"additional_keywords":null,"truseo_locale":null,"seo_analyzer_scan_date":null},"aioseo_breadcrumb":"<div class=\"aioseo-breadcrumbs\"><span class=\"aioseo-breadcrumb\">\n\t\t\t<a href=\"https:\/\/science.rmtmo.eu\/de\/\" title=\"Home\">Home<\/a>\n\t\t<\/span><span class=\"aioseo-breadcrumb-separator\">&raquo;<\/span><span class=\"aioseo-breadcrumb\">\n\t\t\t<a href=\"https:\/\/science.rmtmo.eu\/de\/category\/neues\/\" title=\"Neues\">Neues<\/a>\n\t\t<\/span><span class=\"aioseo-breadcrumb-separator\">&raquo;<\/span><span class=\"aioseo-breadcrumb\">\n\t\t\tOperationelles Programm INTERREG Espace Alpin 2021-2027\n\t\t<\/span><\/div>","aioseo_breadcrumb_json":[{"label":"Home","link":"https:\/\/science.rmtmo.eu\/de\/"},{"label":"Neues","link":"https:\/\/science.rmtmo.eu\/de\/category\/neues\/"},{"label":"Operationelles Programm INTERREG Espace Alpin 2021-2027","link":"https:\/\/science.rmtmo.eu\/de\/neues\/operationelles-programm-interreg-espace-alpin-2021-2027\/"}],"_links":{"self":[{"href":"https:\/\/science.rmtmo.eu\/de\/wp-json\/wp\/v2\/posts\/11024","targetHints":{"allow":["GET"]}}],"collection":[{"href":"https:\/\/science.rmtmo.eu\/de\/wp-json\/wp\/v2\/posts"}],"about":[{"href":"https:\/\/science.rmtmo.eu\/de\/wp-json\/wp\/v2\/types\/post"}],"author":[{"embeddable":true,"href":"https:\/\/science.rmtmo.eu\/de\/wp-json\/wp\/v2\/users\/4"}],"replies":[{"embeddable":true,"href":"https:\/\/science.rmtmo.eu\/de\/wp-json\/wp\/v2\/comments?post=11024"}],"version-history":[{"count":3,"href":"https:\/\/science.rmtmo.eu\/de\/wp-json\/wp\/v2\/posts\/11024\/revisions"}],"predecessor-version":[{"id":11032,"href":"https:\/\/science.rmtmo.eu\/de\/wp-json\/wp\/v2\/posts\/11024\/revisions\/11032"}],"wp:featuredmedia":[{"embeddable":true,"href":"https:\/\/science.rmtmo.eu\/de\/wp-json\/wp\/v2\/media\/11025"}],"wp:attachment":[{"href":"https:\/\/science.rmtmo.eu\/de\/wp-json\/wp\/v2\/media?parent=11024"}],"wp:term":[{"taxonomy":"category","embeddable":true,"href":"https:\/\/science.rmtmo.eu\/de\/wp-json\/wp\/v2\/categories?post=11024"},{"taxonomy":"post_tag","embeddable":true,"href":"https:\/\/science.rmtmo.eu\/de\/wp-json\/wp\/v2\/tags?post=11024"}],"curies":[{"name":"wp","href":"https:\/\/api.w.org\/{rel}","templated":true}]}}