{"id":11022,"date":"2021-08-24T10:44:45","date_gmt":"2021-08-24T08:44:45","guid":{"rendered":"https:\/\/science.rmtmo.eu\/?p=11022"},"modified":"2021-08-24T10:44:45","modified_gmt":"2021-08-24T08:44:45","slug":"tagung-landwirtschaft-im-klimawandel-herausforderungen-und-grenzueberschreitende-loesungen-2","status":"publish","type":"post","link":"https:\/\/science.rmtmo.eu\/de\/neues\/tagung-landwirtschaft-im-klimawandel-herausforderungen-und-grenzueberschreitende-loesungen-2\/","title":{"rendered":"Tagung \u201eLandwirtschaft im Klimawandel: Herausforderungen und grenz\u00fcberschreitende L\u00f6sungen\u201c"},"content":{"rendered":"<p><strong>Die Deutsch-Franz\u00f6sisch-Schweizerische Oberrheinkonferenz veranstaltet eine Tagung am 30. September 2021 zum Thema \u201eLandwirtschaft im Klimawandel: Herausforderungen und grenz\u00fcberschreitende L\u00f6sungen&#8220;. Die Veranstaltung findet von 9.00 Uhr bis 16.00 Uhr im Ebenrain-Zentrum f\u00fcr Landwirtschaft, Natur und Ern\u00e4hrung, Sissach, Schweiz statt.<\/strong><!--more--><\/p>\n<p>Das Ziel ist es, eine grenz\u00fcberschreitende Diskussion zu den Herausforderungen und L\u00f6sungsans\u00e4tzen f\u00fcr die Land- und Ern\u00e4hrungswirtschaft zu lancieren. Die Veranstaltung richtet sich an Fachleute aus der landwirtschaftlichen Forschung, Beratung und Verwaltung sowie Landwirtinnen, Landwirte und ihre Verb\u00e4nde.<\/p>\n<p>Hier geht es zum Programm und zur Anmeldung: <a href=\"https:\/\/www.oberrheinkonferenz.org\/de\/oberrheinkonferenz\/anmeldung\/veranstaltung\/events\/tagung-landwirtschaft-im-klimawandel.html\" target=\"_blank\" rel=\"noopener\">https:\/\/www.oberrheinkonferenz.org\/de\/oberrheinkonferenz\/anmeldung\/veranstaltung\/events\/tagung-landwirtschaft-im-klimawandel.html<\/a><\/p>\n<p>&nbsp;<\/p>\n","protected":false},"excerpt":{"rendered":"<p>Die Deutsch-Franz\u00f6sisch-Schweizerische Oberrheinkonferenz veranstaltet eine Tagung am 30. September 2021 zum Thema \u201eLandwirtschaft im Klimawandel: Herausforderungen und grenz\u00fcberschreitende L\u00f6sungen&#8220;. Die Veranstaltung findet von 9.00 Uhr bis 16.00 Uhr im Ebenrain-Zentrum f\u00fcr Landwirtschaft, Natur und Ern\u00e4hrung, Sissach, Schweiz statt.<\/p>\n","protected":false},"author":4,"featured_media":11020,"comment_status":"closed","ping_status":"closed","sticky":false,"template":"","format":"standard","meta":{"ngg_post_thumbnail":0,"footnotes":""},"categories":[],"tags":[],"class_list":["post-11022","post","type-post","status-publish","format-standard","has-post-thumbnail","hentry"],"aioseo_notices":[],"aioseo_head":"\n\t\t<!-- All in One SEO 5.0.1 - aioseo.com -->\n\t<meta name=\"description\" content=\"Die Deutsch-Franz\u00f6sisch-Schweizerische Oberrheinkonferenz veranstaltet eine Tagung am 30. September 2021 zum Thema \u201eLandwirtschaft im Klimawandel: Herausforderungen und grenz\u00fcberschreitende L\u00f6sungen&quot;. Die Veranstaltung findet von 9.00 Uhr bis 16.00 Uhr im Ebenrain-Zentrum f\u00fcr Landwirtschaft, Natur und Ern\u00e4hrung, Sissach, Schweiz statt. Das Ziel ist es, eine grenz\u00fcberschreitende Diskussion zu den Herausforderungen und L\u00f6sungsans\u00e4tzen f\u00fcr die Land- und Ern\u00e4hrungswirtschaft\" \/>\n\t<meta name=\"robots\" content=\"max-image-preview:large\" \/>\n\t<meta name=\"author\" content=\"Anna\u00eblle Morin\"\/>\n\t<link rel=\"canonical\" href=\"https:\/\/science.rmtmo.eu\/de\/neues\/tagung-landwirtschaft-im-klimawandel-herausforderungen-und-grenzueberschreitende-loesungen-2\/\" \/>\n\t<meta name=\"generator\" content=\"All in One SEO (AIOSEO) 5.0.1\" \/>\n\t\t<meta property=\"og:locale\" content=\"de_DE\" \/>\n\t\t<meta property=\"og:site_name\" content=\"S\u00e4ule Wissenschaft | Pilier Sciences\" \/>\n\t\t<meta property=\"og:type\" content=\"article\" \/>\n\t\t<meta property=\"og:title\" content=\"Tagung \u201eLandwirtschaft im Klimawandel: Herausforderungen und grenz\u00fcberschreitende L\u00f6sungen\u201c | S\u00e4ule Wissenschaft\" \/>\n\t\t<meta property=\"og:description\" content=\"Die Deutsch-Franz\u00f6sisch-Schweizerische Oberrheinkonferenz veranstaltet eine Tagung am 30. September 2021 zum Thema \u201eLandwirtschaft im Klimawandel: Herausforderungen und grenz\u00fcberschreitende L\u00f6sungen&quot;. Die Veranstaltung findet von 9.00 Uhr bis 16.00 Uhr im Ebenrain-Zentrum f\u00fcr Landwirtschaft, Natur und Ern\u00e4hrung, Sissach, Schweiz statt. Das Ziel ist es, eine grenz\u00fcberschreitende Diskussion zu den Herausforderungen und L\u00f6sungsans\u00e4tzen f\u00fcr die Land- und Ern\u00e4hrungswirtschaft\" \/>\n\t\t<meta property=\"og:url\" content=\"https:\/\/science.rmtmo.eu\/de\/neues\/tagung-landwirtschaft-im-klimawandel-herausforderungen-und-grenzueberschreitende-loesungen-2\/\" \/>\n\t\t<meta property=\"article:published_time\" content=\"2021-08-24T08:44:45+00:00\" \/>\n\t\t<meta property=\"article:modified_time\" content=\"2021-08-24T08:44:45+00:00\" \/>\n\t\t<meta name=\"twitter:card\" content=\"summary\" \/>\n\t\t<meta name=\"twitter:title\" content=\"Tagung \u201eLandwirtschaft im Klimawandel: Herausforderungen und grenz\u00fcberschreitende L\u00f6sungen\u201c | S\u00e4ule Wissenschaft\" \/>\n\t\t<meta name=\"twitter:description\" content=\"Die Deutsch-Franz\u00f6sisch-Schweizerische Oberrheinkonferenz veranstaltet eine Tagung am 30. September 2021 zum Thema \u201eLandwirtschaft im Klimawandel: Herausforderungen und grenz\u00fcberschreitende L\u00f6sungen&quot;. Die Veranstaltung findet von 9.00 Uhr bis 16.00 Uhr im Ebenrain-Zentrum f\u00fcr Landwirtschaft, Natur und Ern\u00e4hrung, Sissach, Schweiz statt. Das Ziel ist es, eine grenz\u00fcberschreitende Diskussion zu den Herausforderungen und L\u00f6sungsans\u00e4tzen f\u00fcr die Land- und Ern\u00e4hrungswirtschaft\" \/>\n\t\t<script type=\"application\/ld+json\" class=\"aioseo-schema\">\n\t\t\t{\"@context\":\"https:\\\/\\\/schema.org\",\"@graph\":[{\"@type\":\"Article\",\"@id\":\"https:\\\/\\\/science.rmtmo.eu\\\/de\\\/neues\\\/tagung-landwirtschaft-im-klimawandel-herausforderungen-und-grenzueberschreitende-loesungen-2\\\/#article\",\"name\":\"Tagung \\u201eLandwirtschaft im Klimawandel: Herausforderungen und grenz\\u00fcberschreitende L\\u00f6sungen\\u201c | S\\u00e4ule Wissenschaft\",\"headline\":\"Tagung \\u201eLandwirtschaft im Klimawandel: Herausforderungen und grenz\\u00fcberschreitende L\\u00f6sungen\\u201c\",\"author\":{\"@id\":\"https:\\\/\\\/science.rmtmo.eu\\\/de\\\/#author\"},\"publisher\":{\"@id\":\"https:\\\/\\\/science.rmtmo.eu\\\/de\\\/#organization\"},\"image\":{\"@type\":\"ImageObject\",\"url\":\"https:\\\/\\\/science.rmtmo.eu\\\/wp-content\\\/uploads\\\/2021\\\/08\\\/CRS.jpg\",\"width\":448,\"height\":144},\"datePublished\":\"2021-08-24T10:44:45+02:00\",\"dateModified\":\"2021-08-24T10:44:45+02:00\",\"inLanguage\":\"de-DE\",\"mainEntityOfPage\":{\"@id\":\"https:\\\/\\\/science.rmtmo.eu\\\/de\\\/neues\\\/tagung-landwirtschaft-im-klimawandel-herausforderungen-und-grenzueberschreitende-loesungen-2\\\/#webpage\"},\"isPartOf\":{\"@id\":\"https:\\\/\\\/science.rmtmo.eu\\\/de\\\/neues\\\/tagung-landwirtschaft-im-klimawandel-herausforderungen-und-grenzueberschreitende-loesungen-2\\\/#webpage\"}},{\"@type\":\"BreadcrumbList\",\"@id\":\"https:\\\/\\\/science.rmtmo.eu\\\/de\\\/neues\\\/tagung-landwirtschaft-im-klimawandel-herausforderungen-und-grenzueberschreitende-loesungen-2\\\/#breadcrumblist\",\"itemListElement\":[{\"@type\":\"ListItem\",\"@id\":\"https:\\\/\\\/science.rmtmo.eu\\\/de\\\/#listItem\",\"position\":1,\"name\":\"Home\",\"item\":\"https:\\\/\\\/science.rmtmo.eu\\\/de\\\/\",\"nextItem\":{\"@type\":\"ListItem\",\"@id\":\"https:\\\/\\\/science.rmtmo.eu\\\/de\\\/neues\\\/tagung-landwirtschaft-im-klimawandel-herausforderungen-und-grenzueberschreitende-loesungen-2\\\/#listItem\",\"name\":\"Tagung \\u201eLandwirtschaft im Klimawandel: Herausforderungen und grenz\\u00fcberschreitende L\\u00f6sungen\\u201c\"}},{\"@type\":\"ListItem\",\"@id\":\"https:\\\/\\\/science.rmtmo.eu\\\/de\\\/neues\\\/tagung-landwirtschaft-im-klimawandel-herausforderungen-und-grenzueberschreitende-loesungen-2\\\/#listItem\",\"position\":2,\"name\":\"Tagung \\u201eLandwirtschaft im Klimawandel: Herausforderungen und grenz\\u00fcberschreitende L\\u00f6sungen\\u201c\",\"previousItem\":{\"@type\":\"ListItem\",\"@id\":\"https:\\\/\\\/science.rmtmo.eu\\\/de\\\/#listItem\",\"name\":\"Home\"}}]},{\"@type\":\"Organization\",\"@id\":\"https:\\\/\\\/science.rmtmo.eu\\\/de\\\/#organization\",\"name\":\"S\\u00e4ule Wissenschaft\",\"description\":\"Pilier Sciences\",\"url\":\"https:\\\/\\\/science.rmtmo.eu\\\/de\\\/\"},{\"@type\":\"Person\",\"@id\":\"https:\\\/\\\/science.rmtmo.eu\\\/de\\\/#author\",\"url\":\"https:\\\/\\\/science.rmtmo.eu\\\/de\\\/\",\"name\":\"Anna\\u00eblle Morin\",\"image\":{\"@type\":\"ImageObject\",\"@id\":\"https:\\\/\\\/science.rmtmo.eu\\\/de\\\/neues\\\/tagung-landwirtschaft-im-klimawandel-herausforderungen-und-grenzueberschreitende-loesungen-2\\\/#authorImage\",\"url\":\"https:\\\/\\\/secure.gravatar.com\\\/avatar\\\/b37b5a4adefddf429b7dedfdd324a82251ac34f9ac979fb89e4a6ac52abcca27?s=96&d=mm&r=g\",\"width\":96,\"height\":96,\"caption\":\"Anna\\u00eblle Morin\"}},{\"@type\":\"WebPage\",\"@id\":\"https:\\\/\\\/science.rmtmo.eu\\\/de\\\/neues\\\/tagung-landwirtschaft-im-klimawandel-herausforderungen-und-grenzueberschreitende-loesungen-2\\\/#webpage\",\"url\":\"https:\\\/\\\/science.rmtmo.eu\\\/de\\\/neues\\\/tagung-landwirtschaft-im-klimawandel-herausforderungen-und-grenzueberschreitende-loesungen-2\\\/\",\"name\":\"Tagung \\u201eLandwirtschaft im Klimawandel: Herausforderungen und grenz\\u00fcberschreitende L\\u00f6sungen\\u201c | S\\u00e4ule Wissenschaft\",\"description\":\"Die Deutsch-Franz\\u00f6sisch-Schweizerische Oberrheinkonferenz veranstaltet eine Tagung am 30. September 2021 zum Thema \\u201eLandwirtschaft im Klimawandel: Herausforderungen und grenz\\u00fcberschreitende L\\u00f6sungen\\\". Die Veranstaltung findet von 9.00 Uhr bis 16.00 Uhr im Ebenrain-Zentrum f\\u00fcr Landwirtschaft, Natur und Ern\\u00e4hrung, Sissach, Schweiz statt. Das Ziel ist es, eine grenz\\u00fcberschreitende Diskussion zu den Herausforderungen und L\\u00f6sungsans\\u00e4tzen f\\u00fcr die Land- und Ern\\u00e4hrungswirtschaft\",\"inLanguage\":\"de-DE\",\"isPartOf\":{\"@id\":\"https:\\\/\\\/science.rmtmo.eu\\\/de\\\/#website\"},\"breadcrumb\":{\"@id\":\"https:\\\/\\\/science.rmtmo.eu\\\/de\\\/neues\\\/tagung-landwirtschaft-im-klimawandel-herausforderungen-und-grenzueberschreitende-loesungen-2\\\/#breadcrumblist\"},\"author\":{\"@id\":\"https:\\\/\\\/science.rmtmo.eu\\\/de\\\/#author\"},\"creator\":{\"@id\":\"https:\\\/\\\/science.rmtmo.eu\\\/de\\\/#author\"},\"image\":{\"@type\":\"ImageObject\",\"url\":\"https:\\\/\\\/science.rmtmo.eu\\\/wp-content\\\/uploads\\\/2021\\\/08\\\/CRS.jpg\",\"@id\":\"https:\\\/\\\/science.rmtmo.eu\\\/de\\\/neues\\\/tagung-landwirtschaft-im-klimawandel-herausforderungen-und-grenzueberschreitende-loesungen-2\\\/#mainImage\",\"width\":448,\"height\":144},\"primaryImageOfPage\":{\"@id\":\"https:\\\/\\\/science.rmtmo.eu\\\/de\\\/neues\\\/tagung-landwirtschaft-im-klimawandel-herausforderungen-und-grenzueberschreitende-loesungen-2\\\/#mainImage\"},\"datePublished\":\"2021-08-24T10:44:45+02:00\",\"dateModified\":\"2021-08-24T10:44:45+02:00\"},{\"@type\":\"WebSite\",\"@id\":\"https:\\\/\\\/science.rmtmo.eu\\\/de\\\/#website\",\"url\":\"https:\\\/\\\/science.rmtmo.eu\\\/de\\\/\",\"name\":\"S\\u00e4ule Wissenschaft\",\"description\":\"Pilier Sciences\",\"inLanguage\":\"de-DE\",\"publisher\":{\"@id\":\"https:\\\/\\\/science.rmtmo.eu\\\/de\\\/#organization\"}}]}\n\t\t<\/script>\n\t\t<!-- All in One SEO -->\n\n","aioseo_head_json":{"title":"Tagung \u201eLandwirtschaft im Klimawandel: Herausforderungen und grenz\u00fcberschreitende L\u00f6sungen\u201c | S\u00e4ule Wissenschaft","description":"Die Deutsch-Franz\u00f6sisch-Schweizerische Oberrheinkonferenz veranstaltet eine Tagung am 30. September 2021 zum Thema \u201eLandwirtschaft im Klimawandel: Herausforderungen und grenz\u00fcberschreitende L\u00f6sungen\". Die Veranstaltung findet von 9.00 Uhr bis 16.00 Uhr im Ebenrain-Zentrum f\u00fcr Landwirtschaft, Natur und Ern\u00e4hrung, Sissach, Schweiz statt. Das Ziel ist es, eine grenz\u00fcberschreitende Diskussion zu den Herausforderungen und L\u00f6sungsans\u00e4tzen f\u00fcr die Land- und Ern\u00e4hrungswirtschaft","canonical_url":"https:\/\/science.rmtmo.eu\/de\/neues\/tagung-landwirtschaft-im-klimawandel-herausforderungen-und-grenzueberschreitende-loesungen-2\/","robots":"max-image-preview:large","keywords":"","webmasterTools":{"miscellaneous":""},"schema":{"@context":"https:\/\/schema.org","@graph":[{"@type":"Article","@id":"https:\/\/science.rmtmo.eu\/de\/neues\/tagung-landwirtschaft-im-klimawandel-herausforderungen-und-grenzueberschreitende-loesungen-2\/#article","name":"Tagung \u201eLandwirtschaft im Klimawandel: Herausforderungen und grenz\u00fcberschreitende L\u00f6sungen\u201c | S\u00e4ule Wissenschaft","headline":"Tagung \u201eLandwirtschaft im Klimawandel: Herausforderungen und grenz\u00fcberschreitende L\u00f6sungen\u201c","author":{"@id":"https:\/\/science.rmtmo.eu\/de\/#author"},"publisher":{"@id":"https:\/\/science.rmtmo.eu\/de\/#organization"},"image":{"@type":"ImageObject","url":"https:\/\/science.rmtmo.eu\/wp-content\/uploads\/2021\/08\/CRS.jpg","width":448,"height":144},"datePublished":"2021-08-24T10:44:45+02:00","dateModified":"2021-08-24T10:44:45+02:00","inLanguage":"de-DE","mainEntityOfPage":{"@id":"https:\/\/science.rmtmo.eu\/de\/neues\/tagung-landwirtschaft-im-klimawandel-herausforderungen-und-grenzueberschreitende-loesungen-2\/#webpage"},"isPartOf":{"@id":"https:\/\/science.rmtmo.eu\/de\/neues\/tagung-landwirtschaft-im-klimawandel-herausforderungen-und-grenzueberschreitende-loesungen-2\/#webpage"}},{"@type":"BreadcrumbList","@id":"https:\/\/science.rmtmo.eu\/de\/neues\/tagung-landwirtschaft-im-klimawandel-herausforderungen-und-grenzueberschreitende-loesungen-2\/#breadcrumblist","itemListElement":[{"@type":"ListItem","@id":"https:\/\/science.rmtmo.eu\/de\/#listItem","position":1,"name":"Home","item":"https:\/\/science.rmtmo.eu\/de\/","nextItem":{"@type":"ListItem","@id":"https:\/\/science.rmtmo.eu\/de\/neues\/tagung-landwirtschaft-im-klimawandel-herausforderungen-und-grenzueberschreitende-loesungen-2\/#listItem","name":"Tagung \u201eLandwirtschaft im Klimawandel: Herausforderungen und grenz\u00fcberschreitende L\u00f6sungen\u201c"}},{"@type":"ListItem","@id":"https:\/\/science.rmtmo.eu\/de\/neues\/tagung-landwirtschaft-im-klimawandel-herausforderungen-und-grenzueberschreitende-loesungen-2\/#listItem","position":2,"name":"Tagung \u201eLandwirtschaft im Klimawandel: Herausforderungen und grenz\u00fcberschreitende L\u00f6sungen\u201c","previousItem":{"@type":"ListItem","@id":"https:\/\/science.rmtmo.eu\/de\/#listItem","name":"Home"}}]},{"@type":"Organization","@id":"https:\/\/science.rmtmo.eu\/de\/#organization","name":"S\u00e4ule Wissenschaft","description":"Pilier Sciences","url":"https:\/\/science.rmtmo.eu\/de\/"},{"@type":"Person","@id":"https:\/\/science.rmtmo.eu\/de\/#author","url":"https:\/\/science.rmtmo.eu\/de\/","name":"Anna\u00eblle Morin","image":{"@type":"ImageObject","@id":"https:\/\/science.rmtmo.eu\/de\/neues\/tagung-landwirtschaft-im-klimawandel-herausforderungen-und-grenzueberschreitende-loesungen-2\/#authorImage","url":"https:\/\/secure.gravatar.com\/avatar\/b37b5a4adefddf429b7dedfdd324a82251ac34f9ac979fb89e4a6ac52abcca27?s=96&d=mm&r=g","width":96,"height":96,"caption":"Anna\u00eblle Morin"}},{"@type":"WebPage","@id":"https:\/\/science.rmtmo.eu\/de\/neues\/tagung-landwirtschaft-im-klimawandel-herausforderungen-und-grenzueberschreitende-loesungen-2\/#webpage","url":"https:\/\/science.rmtmo.eu\/de\/neues\/tagung-landwirtschaft-im-klimawandel-herausforderungen-und-grenzueberschreitende-loesungen-2\/","name":"Tagung \u201eLandwirtschaft im Klimawandel: Herausforderungen und grenz\u00fcberschreitende L\u00f6sungen\u201c | S\u00e4ule Wissenschaft","description":"Die Deutsch-Franz\u00f6sisch-Schweizerische Oberrheinkonferenz veranstaltet eine Tagung am 30. September 2021 zum Thema \u201eLandwirtschaft im Klimawandel: Herausforderungen und grenz\u00fcberschreitende L\u00f6sungen\". Die Veranstaltung findet von 9.00 Uhr bis 16.00 Uhr im Ebenrain-Zentrum f\u00fcr Landwirtschaft, Natur und Ern\u00e4hrung, Sissach, Schweiz statt. Das Ziel ist es, eine grenz\u00fcberschreitende Diskussion zu den Herausforderungen und L\u00f6sungsans\u00e4tzen f\u00fcr die Land- und Ern\u00e4hrungswirtschaft","inLanguage":"de-DE","isPartOf":{"@id":"https:\/\/science.rmtmo.eu\/de\/#website"},"breadcrumb":{"@id":"https:\/\/science.rmtmo.eu\/de\/neues\/tagung-landwirtschaft-im-klimawandel-herausforderungen-und-grenzueberschreitende-loesungen-2\/#breadcrumblist"},"author":{"@id":"https:\/\/science.rmtmo.eu\/de\/#author"},"creator":{"@id":"https:\/\/science.rmtmo.eu\/de\/#author"},"image":{"@type":"ImageObject","url":"https:\/\/science.rmtmo.eu\/wp-content\/uploads\/2021\/08\/CRS.jpg","@id":"https:\/\/science.rmtmo.eu\/de\/neues\/tagung-landwirtschaft-im-klimawandel-herausforderungen-und-grenzueberschreitende-loesungen-2\/#mainImage","width":448,"height":144},"primaryImageOfPage":{"@id":"https:\/\/science.rmtmo.eu\/de\/neues\/tagung-landwirtschaft-im-klimawandel-herausforderungen-und-grenzueberschreitende-loesungen-2\/#mainImage"},"datePublished":"2021-08-24T10:44:45+02:00","dateModified":"2021-08-24T10:44:45+02:00"},{"@type":"WebSite","@id":"https:\/\/science.rmtmo.eu\/de\/#website","url":"https:\/\/science.rmtmo.eu\/de\/","name":"S\u00e4ule Wissenschaft","description":"Pilier Sciences","inLanguage":"de-DE","publisher":{"@id":"https:\/\/science.rmtmo.eu\/de\/#organization"}}]},"og:locale":"de_DE","og:site_name":"S\u00e4ule Wissenschaft | Pilier Sciences","og:type":"article","og:title":"Tagung \u201eLandwirtschaft im Klimawandel: Herausforderungen und grenz\u00fcberschreitende L\u00f6sungen\u201c | S\u00e4ule Wissenschaft","og:description":"Die Deutsch-Franz\u00f6sisch-Schweizerische Oberrheinkonferenz veranstaltet eine Tagung am 30. September 2021 zum Thema \u201eLandwirtschaft im Klimawandel: Herausforderungen und grenz\u00fcberschreitende L\u00f6sungen&quot;. Die Veranstaltung findet von 9.00 Uhr bis 16.00 Uhr im Ebenrain-Zentrum f\u00fcr Landwirtschaft, Natur und Ern\u00e4hrung, Sissach, Schweiz statt. Das Ziel ist es, eine grenz\u00fcberschreitende Diskussion zu den Herausforderungen und L\u00f6sungsans\u00e4tzen f\u00fcr die Land- und Ern\u00e4hrungswirtschaft","og:url":"https:\/\/science.rmtmo.eu\/de\/neues\/tagung-landwirtschaft-im-klimawandel-herausforderungen-und-grenzueberschreitende-loesungen-2\/","article:published_time":"2021-08-24T08:44:45+00:00","article:modified_time":"2021-08-24T08:44:45+00:00","twitter:card":"summary","twitter:title":"Tagung \u201eLandwirtschaft im Klimawandel: Herausforderungen und grenz\u00fcberschreitende L\u00f6sungen\u201c | S\u00e4ule Wissenschaft","twitter:description":"Die Deutsch-Franz\u00f6sisch-Schweizerische Oberrheinkonferenz veranstaltet eine Tagung am 30. September 2021 zum Thema \u201eLandwirtschaft im Klimawandel: Herausforderungen und grenz\u00fcberschreitende L\u00f6sungen&quot;. Die Veranstaltung findet von 9.00 Uhr bis 16.00 Uhr im Ebenrain-Zentrum f\u00fcr Landwirtschaft, Natur und Ern\u00e4hrung, Sissach, Schweiz statt. Das Ziel ist es, eine grenz\u00fcberschreitende Diskussion zu den Herausforderungen und L\u00f6sungsans\u00e4tzen f\u00fcr die Land- und Ern\u00e4hrungswirtschaft"},"aioseo_meta_data":{"post_id":"11022","title":null,"description":null,"keywords":[],"keyphrases":{"focus":[],"additional":[]},"primary_term":null,"canonical_url":null,"og_title":null,"og_description":null,"og_object_type":"default","og_image_type":"default","og_image_url":null,"og_image_width":null,"og_image_height":null,"og_image_custom_url":null,"og_image_custom_fields":null,"og_video":"","og_custom_url":null,"og_article_section":null,"og_article_tags":[],"twitter_use_og":false,"twitter_card":"default","twitter_image_type":"default","twitter_image_url":null,"twitter_image_custom_url":null,"twitter_image_custom_fields":null,"twitter_title":null,"twitter_description":null,"schema":{"blockGraphs":[],"customGraphs":[],"default":{"data":{"Article":{"id":"aioseo-article-637b3a8456c15","slug":"article","graphName":"Article","label":"Article","properties":{"type":"BlogPosting","name":"#post_title","headline":"#post_title","description":"#post_excerpt","image":"","keywords":"","author":{"name":"#author_name","url":"#author_url"},"dates":{"include":true,"datePublished":"","dateModified":""}}},"Course":[],"Dataset":[],"FAQPage":[],"Movie":[],"Person":[],"Product":[],"ProductReview":[],"Car":[],"Recipe":[],"Service":[],"SoftwareApplication":[],"WebPage":[]},"graphName":"Article","isEnabled":true},"graphs":[]},"schema_type":"default","schema_type_options":"{\"article\":{\"articleType\":\"BlogPosting\"},\"course\":{\"name\":\"\",\"description\":\"\",\"provider\":\"\"},\"faq\":{\"pages\":[]},\"product\":{\"reviews\":[]},\"recipe\":{\"ingredients\":[],\"instructions\":[],\"keywords\":[]},\"software\":{\"reviews\":[],\"operatingSystems\":[]},\"webPage\":{\"webPageType\":\"WebPage\"}}","pillar_content":false,"robots_default":true,"robots_noindex":false,"robots_noarchive":false,"robots_nosnippet":false,"robots_nofollow":false,"robots_noimageindex":false,"robots_noodp":false,"robots_notranslate":false,"robots_max_snippet":"-1","robots_max_videopreview":"-1","robots_max_imagepreview":"large","priority":null,"frequency":"default","local_seo":{"locations":{"business":{"name":"","businessType":"","image":"","areaServed":"","urls":{"website":"","aboutPage":"","contactPage":""},"address":{"streetLine1":"","streetLine2":"","zipCode":"","city":"","state":"","country":"","addressFormat":"#streetLineOne\n#streetLineTwo\n#city, #state #zipCode"},"contact":{"email":"","phone":"","phoneFormatted":"","fax":"","faxFormatted":""},"ids":{"vat":"","tax":"","chamberOfCommerce":""},"payment":{"priceRange":"","currenciesAccepted":"","methods":""}}},"openingHours":{"useDefaults":true,"show":true,"alwaysOpen":false,"use24hFormat":false,"timezone":"","labels":{"closed":"","alwaysOpen":""},"days":{"monday":{"open24h":false,"closed":false,"openTime":"09:00","closeTime":"17:00"},"tuesday":{"open24h":false,"closed":false,"openTime":"09:00","closeTime":"17:00"},"wednesday":{"open24h":false,"closed":false,"openTime":"09:00","closeTime":"17:00"},"thursday":{"open24h":false,"closed":false,"openTime":"09:00","closeTime":"17:00"},"friday":{"open24h":false,"closed":false,"openTime":"09:00","closeTime":"17:00"},"saturday":{"open24h":false,"closed":false,"openTime":"09:00","closeTime":"17:00"},"sunday":{"open24h":false,"closed":false,"openTime":"09:00","closeTime":"17:00"}}}},"breadcrumb_settings":null,"limit_modified_date":false,"ai":null,"created":"2021-08-24 08:43:27","updated":"2025-07-09 00:03:53","focus_keyword":null,"additional_keywords":null,"truseo_locale":null,"seo_analyzer_scan_date":null},"aioseo_breadcrumb":"<div class=\"aioseo-breadcrumbs\"><span class=\"aioseo-breadcrumb\">\n\t\t\t<a href=\"https:\/\/science.rmtmo.eu\/de\/\" title=\"Home\">Home<\/a>\n\t\t<\/span><span class=\"aioseo-breadcrumb-separator\">&raquo;<\/span><span class=\"aioseo-breadcrumb\">\n\t\t\tTagung \u201eLandwirtschaft im Klimawandel: Herausforderungen und grenz\u00fcberschreitende L\u00f6sungen\u201c\n\t\t<\/span><\/div>","aioseo_breadcrumb_json":[{"label":"Home","link":"https:\/\/science.rmtmo.eu\/de\/"},{"label":"Tagung \u201eLandwirtschaft im Klimawandel: Herausforderungen und grenz\u00fcberschreitende L\u00f6sungen\u201c","link":"https:\/\/science.rmtmo.eu\/de\/neues\/tagung-landwirtschaft-im-klimawandel-herausforderungen-und-grenzueberschreitende-loesungen-2\/"}],"_links":{"self":[{"href":"https:\/\/science.rmtmo.eu\/de\/wp-json\/wp\/v2\/posts\/11022","targetHints":{"allow":["GET"]}}],"collection":[{"href":"https:\/\/science.rmtmo.eu\/de\/wp-json\/wp\/v2\/posts"}],"about":[{"href":"https:\/\/science.rmtmo.eu\/de\/wp-json\/wp\/v2\/types\/post"}],"author":[{"embeddable":true,"href":"https:\/\/science.rmtmo.eu\/de\/wp-json\/wp\/v2\/users\/4"}],"replies":[{"embeddable":true,"href":"https:\/\/science.rmtmo.eu\/de\/wp-json\/wp\/v2\/comments?post=11022"}],"version-history":[{"count":1,"href":"https:\/\/science.rmtmo.eu\/de\/wp-json\/wp\/v2\/posts\/11022\/revisions"}],"predecessor-version":[{"id":11023,"href":"https:\/\/science.rmtmo.eu\/de\/wp-json\/wp\/v2\/posts\/11022\/revisions\/11023"}],"wp:featuredmedia":[{"embeddable":true,"href":"https:\/\/science.rmtmo.eu\/de\/wp-json\/wp\/v2\/media\/11020"}],"wp:attachment":[{"href":"https:\/\/science.rmtmo.eu\/de\/wp-json\/wp\/v2\/media?parent=11022"}],"wp:term":[{"taxonomy":"category","embeddable":true,"href":"https:\/\/science.rmtmo.eu\/de\/wp-json\/wp\/v2\/categories?post=11022"},{"taxonomy":"post_tag","embeddable":true,"href":"https:\/\/science.rmtmo.eu\/de\/wp-json\/wp\/v2\/tags?post=11022"}],"curies":[{"name":"wp","href":"https:\/\/api.w.org\/{rel}","templated":true}]}}